{"id":55512,"date":"2025-03-17T15:45:52","date_gmt":"2025-03-17T18:45:52","guid":{"rendered":"https:\/\/temucotelevision.cl\/web\/?p=55512"},"modified":"2025-03-17T15:45:53","modified_gmt":"2025-03-17T18:45:53","slug":"alcalde-de-lautaro-anuncio-que-la-comuna-tendra-su-primer-liceo-con-sello-bilingue","status":"publish","type":"post","link":"https:\/\/temucotelevision.cl\/web\/2025\/03\/17\/alcalde-de-lautaro-anuncio-que-la-comuna-tendra-su-primer-liceo-con-sello-bilingue\/","title":{"rendered":"Alcalde de Lautaro anunci\u00f3 que la comuna tendr\u00e1 su primer liceo con sello biling\u00fce\u00a0"},"content":{"rendered":"<div class=\"pvc_clear\"><\/div><p id=\"pvc_stats_55512\" class=\"pvc_stats total_only  \" data-element-id=\"55512\" style=\"\"><i class=\"pvc-stats-icon large\" aria-hidden=\"true\"><svg aria-hidden=\"true\" focusable=\"false\" data-prefix=\"far\" data-icon=\"chart-bar\" role=\"img\" xmlns=\"http:\/\/www.w3.org\/2000\/svg\" viewBox=\"0 0 512 512\" class=\"svg-inline--fa fa-chart-bar fa-w-16 fa-2x\"><path fill=\"currentColor\" d=\"M396.8 352h22.4c6.4 0 12.8-6.4 12.8-12.8V108.8c0-6.4-6.4-12.8-12.8-12.8h-22.4c-6.4 0-12.8 6.4-12.8 12.8v230.4c0 6.4 6.4 12.8 12.8 12.8zm-192 0h22.4c6.4 0 12.8-6.4 12.8-12.8V140.8c0-6.4-6.4-12.8-12.8-12.8h-22.4c-6.4 0-12.8 6.4-12.8 12.8v198.4c0 6.4 6.4 12.8 12.8 12.8zm96 0h22.4c6.4 0 12.8-6.4 12.8-12.8V204.8c0-6.4-6.4-12.8-12.8-12.8h-22.4c-6.4 0-12.8 6.4-12.8 12.8v134.4c0 6.4 6.4 12.8 12.8 12.8zM496 400H48V80c0-8.84-7.16-16-16-16H16C7.16 64 0 71.16 0 80v336c0 17.67 14.33 32 32 32h464c8.84 0 16-7.16 16-16v-16c0-8.84-7.16-16-16-16zm-387.2-48h22.4c6.4 0 12.8-6.4 12.8-12.8v-70.4c0-6.4-6.4-12.8-12.8-12.8h-22.4c-6.4 0-12.8 6.4-12.8 12.8v70.4c0 6.4 6.4 12.8 12.8 12.8z\" class=\"\"><\/path><\/svg><\/i> <img loading=\"lazy\" decoding=\"async\" width=\"16\" height=\"16\" alt=\"Loading\" src=\"https:\/\/temucotelevision.cl\/web\/wp-content\/plugins\/page-views-count\/ajax-loader-2x.gif\" border=0 \/><\/p><div class=\"pvc_clear\"><\/div>\n<ul class=\"wp-block-list\">\n<li>En medio de la ceremonia de inicio del a\u00f1o escolar 2025, el alcalde Ricardo Jaramillo dio a conocer esta importante noticia en materia educacional para la comuna.<\/li>\n<\/ul>\n\n\n\n<p>Una importante noticia dio a conocer el alcalde de Lautaro, Ricardo Jaramillo, en medio de la ceremonia de inicio del a\u00f1o escolar que se desarroll\u00f3 este martes en el Centro Cultural de Lautaro.<\/p>\n\n\n\n<p>En dicha actividad estuvo presente el jefe comunal junto a los concejales El\u00edas Pantoja y Ricardo Ojeda; el Director Provincial de Educaci\u00f3n Caut\u00edn Norte, Diego Vrsalovic, en representaci\u00f3n del Ministerio de Educaci\u00f3n; directores de establecimientos de Lautaro junto a estudiantes y sus familias.<\/p>\n\n\n\n<p>En esta oportunidad, el alcalde Ricardo Jaramillo destac\u00f3 los avances en educaci\u00f3n municipal, as\u00ed como tambi\u00e9n los resultados SIMCE 2024.&nbsp;<\/p>\n\n\n\n<p>En este sentido, Jaramillo dijo que \u201cen las pruebas de Matem\u00e1tica y Lectura, seis de nuestras siete escuelas urbanas lograron estar por sobre la media de los establecimientos que cuentan con caracter\u00edsticas similares. M\u00e1s de la mitad de nuestras escuelas rurales tambi\u00e9n superaron la media de su grupo de comparaci\u00f3n. Incluso aquellas que no lograron sobrepasarla, evidenciaron mejoras respecto al a\u00f1o anterior\u201d.<\/p>\n\n\n\n<p>Adem\u00e1s, el jefe comunal hizo menci\u00f3n a las obras de remodelaci\u00f3n que se est\u00e1n desarrollando en Lautaro. \u201cEn este punto cabe destacar la ejecuci\u00f3n de un importante proyecto de conservaci\u00f3n en la Escuela N\u00b06, con una inversi\u00f3n del Ministerio de Educaci\u00f3n de m\u00e1s de 550 millones de pesos, una de las m\u00e1s grandes a nivel regional y nacional, lo cual nos tiene tremendamente orgullosos. Tambi\u00e9n quisiera destacar que hemos destinado 648 millones de pesos al transporte escolar, permitiendo 42 recorridos seguros para nuestros estudiantes\u201d, indic\u00f3 la autoridad.<\/p>\n\n\n\n<p><strong>CONSTRUCCI\u00d3N DE TERCER LICEO PERO CON ENFOQUE BILING\u00dcE<\/strong><\/p>\n\n\n\n<p>Durante la ceremonia, el alcalde anunci\u00f3 la creaci\u00f3n de un tercer liceo, con enfoque biling\u00fce, el cual entrar\u00e1 en funcionamiento este 2026. El establecimiento estar\u00e1 ubicado en las dependencias del Liceo Jorge Teillier, dando soluci\u00f3n a la alta demanda en matr\u00edculas en la comuna de Lautaro.<\/p>\n\n\n\n<p>As\u00ed, Jaramillo explic\u00f3 que \u201ceste a\u00f1o tambi\u00e9n marca el inicio de un gran proyecto: la creaci\u00f3n de un tercer liceo con enfoque biling\u00fce, que abrir\u00e1 sus puertas en marzo de 2026 y brindar\u00e1 nuevas oportunidades y permitir\u00e1 descongestionar la alta demanda de matr\u00edcula que enfrentamos, ofreciendo una educaci\u00f3n moderna y de calidad en un Lautaro que crece y que cada d\u00eda enfrenta nuevos desaf\u00edos\u201d.<\/p>\n\n\n\n<p>Por su parte, el&nbsp;director Provincial de Educaci\u00f3n Caut\u00edn Norte, Diego Vrsalovic Huenum, destac\u00f3 los avances en la educaci\u00f3n en Lautaro, expresando que \u201cpara Lautaro tenemos much\u00edsimas novedades porque vamos a trabajar en la actualizaci\u00f3n de los reglamentos y protocolos en funci\u00f3n de la seguridad de los establecimientos educacionales. Tenemos una de las inversiones m\u00e1s altas de la Regi\u00f3n y el pa\u00eds en esta comuna, en la Escuela 6. Tambi\u00e9n, tenemos la creaci\u00f3n de este tercer liceo en Lautaro, con enfoque biling\u00fce. Comenzaremos a acelerar los trabajos para la creaci\u00f3n de este tercer liceo y durante el a\u00f1o continuaremos con los temas t\u00e9cnicos \u201c.<\/p>\n\n\n\n<p><strong>LAUTARO AVANZA EN EDUCACI\u00d3N<\/strong><\/p>\n\n\n\n<p>Millonarias inversiones se est\u00e1n realizando en establecimientos educacionales de la comuna a ra\u00edz de la ejecuci\u00f3n de obras de mantenci\u00f3n en seis establecimientos educacionales y un jard\u00edn infantil. De esta cifra, las escuelas Ayelen y Rewe Kim\u00fcn ser\u00e1n inaguradas en las pr\u00f3ximas semanas.&nbsp;<\/p>\n\n\n\n<p>Por lo mismo, el concejal El\u00edas Pantoja destac\u00f3 la inversi\u00f3n que se est\u00e1 desarrollando en la comuna, indicando que \u201ces una necesidad presente en nuestra comuna. Hace a\u00f1os que estamos viendo que la matr\u00edcula ha aumentado y hay estudiantes que quedan sin matr\u00edcula siendo parte de la comuna y con este nuevo liceo que se pretende dar inicio el 2026 va a venir a solventar y ayudar que estudiantes de nuestra comuna puedan estudiar aqu\u00ed y no tengan que viajar a comunas cercanas. Es una muy buena noticia que se ha dado a conocer. Adem\u00e1s, con sello biling\u00fce le da otro toque, sobre todo en la actualidad donde muchas personas, incluy\u00e9ndome, necesitamos manejar el ingl\u00e9s para enfrentarse en diferentes situaciones\u201d.<\/p>\n\n\n\n<p>Finalmente, Ricardo Ojeda, expres\u00f3 que \u201ctenemos muy buenas noticias para Lautaro, un tercer liceo que es un anhelo, que se viene esperando hace mucho tiempo, por la falta de matr\u00edcula ac\u00e1 en la ciudad de Lautaro, sobre todo en educaci\u00f3n media entonces este nuevo establecimiento, este proyecto educativo viene a suplir esta falta de matr\u00edcula\u201d.&nbsp;<\/p>\n","protected":false},"excerpt":{"rendered":"<div class=\"pvc_clear\"><\/div>\n<p id=\"pvc_stats_55512\" class=\"pvc_stats total_only  \" data-element-id=\"55512\" style=\"\"><i class=\"pvc-stats-icon large\" aria-hidden=\"true\"><svg aria-hidden=\"true\" focusable=\"false\" data-prefix=\"far\" data-icon=\"chart-bar\" role=\"img\" xmlns=\"http:\/\/www.w3.org\/2000\/svg\" viewBox=\"0 0 512 512\" class=\"svg-inline--fa fa-chart-bar fa-w-16 fa-2x\"><path fill=\"currentColor\" d=\"M396.8 352h22.4c6.4 0 12.8-6.4 12.8-12.8V108.8c0-6.4-6.4-12.8-12.8-12.8h-22.4c-6.4 0-12.8 6.4-12.8 12.8v230.4c0 6.4 6.4 12.8 12.8 12.8zm-192 0h22.4c6.4 0 12.8-6.4 12.8-12.8V140.8c0-6.4-6.4-12.8-12.8-12.8h-22.4c-6.4 0-12.8 6.4-12.8 12.8v198.4c0 6.4 6.4 12.8 12.8 12.8zm96 0h22.4c6.4 0 12.8-6.4 12.8-12.8V204.8c0-6.4-6.4-12.8-12.8-12.8h-22.4c-6.4 0-12.8 6.4-12.8 12.8v134.4c0 6.4 6.4 12.8 12.8 12.8zM496 400H48V80c0-8.84-7.16-16-16-16H16C7.16 64 0 71.16 0 80v336c0 17.67 14.33 32 32 32h464c8.84 0 16-7.16 16-16v-16c0-8.84-7.16-16-16-16zm-387.2-48h22.4c6.4 0 12.8-6.4 12.8-12.8v-70.4c0-6.4-6.4-12.8-12.8-12.8h-22.4c-6.4 0-12.8 6.4-12.8 12.8v70.4c0 6.4 6.4 12.8 12.8 12.8z\" class=\"\"><\/path><\/svg><\/i> <img loading=\"lazy\" decoding=\"async\" width=\"16\" height=\"16\" alt=\"Loading\" src=\"https:\/\/temucotelevision.cl\/web\/wp-content\/plugins\/page-views-count\/ajax-loader-2x.gif\" border=0 \/><\/p>\n<div class=\"pvc_clear\"><\/div>\n<p>Una importante noticia dio a conocer el alcalde de Lautaro, Ricardo Jaramillo, en medio de la ceremonia de inicio del<\/p>\n","protected":false},"author":1,"featured_media":55513,"comment_status":"open","ping_status":"open","sticky":false,"template":"","format":"standard","meta":{"colormag_page_container_layout":"default_layout","colormag_page_sidebar_layout":"default_layout","footnotes":""},"categories":[14],"tags":[457],"class_list":["post-55512","post","type-post","status-publish","format-standard","has-post-thumbnail","hentry","category-temuco","tag-lautaro"],"a3_pvc":{"activated":true,"total_views":1844,"today_views":0},"_links":{"self":[{"href":"https:\/\/temucotelevision.cl\/web\/wp-json\/wp\/v2\/posts\/55512","targetHints":{"allow":["GET"]}}],"collection":[{"href":"https:\/\/temucotelevision.cl\/web\/wp-json\/wp\/v2\/posts"}],"about":[{"href":"https:\/\/temucotelevision.cl\/web\/wp-json\/wp\/v2\/types\/post"}],"author":[{"embeddable":true,"href":"https:\/\/temucotelevision.cl\/web\/wp-json\/wp\/v2\/users\/1"}],"replies":[{"embeddable":true,"href":"https:\/\/temucotelevision.cl\/web\/wp-json\/wp\/v2\/comments?post=55512"}],"version-history":[{"count":1,"href":"https:\/\/temucotelevision.cl\/web\/wp-json\/wp\/v2\/posts\/55512\/revisions"}],"predecessor-version":[{"id":55514,"href":"https:\/\/temucotelevision.cl\/web\/wp-json\/wp\/v2\/posts\/55512\/revisions\/55514"}],"wp:featuredmedia":[{"embeddable":true,"href":"https:\/\/temucotelevision.cl\/web\/wp-json\/wp\/v2\/media\/55513"}],"wp:attachment":[{"href":"https:\/\/temucotelevision.cl\/web\/wp-json\/wp\/v2\/media?parent=55512"}],"wp:term":[{"taxonomy":"category","embeddable":true,"href":"https:\/\/temucotelevision.cl\/web\/wp-json\/wp\/v2\/categories?post=55512"},{"taxonomy":"post_tag","embeddable":true,"href":"https:\/\/temucotelevision.cl\/web\/wp-json\/wp\/v2\/tags?post=55512"}],"curies":[{"name":"wp","href":"https:\/\/api.w.org\/{rel}","templated":true}]}}