{"id":55509,"date":"2025-03-17T15:42:22","date_gmt":"2025-03-17T18:42:22","guid":{"rendered":"https:\/\/temucotelevision.cl\/web\/?p=55509"},"modified":"2025-03-17T15:42:23","modified_gmt":"2025-03-17T18:42:23","slug":"amor-a-primer-llamado-cuidadoras-de-teleton-temuco-reestrenan-su-exitosa-obra-biografica","status":"publish","type":"post","link":"https:\/\/temucotelevision.cl\/web\/2025\/03\/17\/amor-a-primer-llamado-cuidadoras-de-teleton-temuco-reestrenan-su-exitosa-obra-biografica\/","title":{"rendered":"\u201cAmor a Primer Llamado\u201d: cuidadoras de Telet\u00f3n Temuco reestrenan su exitosa obra biogr\u00e1fica"},"content":{"rendered":"<div class=\"pvc_clear\"><\/div><p id=\"pvc_stats_55509\" class=\"pvc_stats total_only  \" data-element-id=\"55509\" style=\"\"><i class=\"pvc-stats-icon large\" aria-hidden=\"true\"><svg aria-hidden=\"true\" focusable=\"false\" data-prefix=\"far\" data-icon=\"chart-bar\" role=\"img\" xmlns=\"http:\/\/www.w3.org\/2000\/svg\" viewBox=\"0 0 512 512\" class=\"svg-inline--fa fa-chart-bar fa-w-16 fa-2x\"><path fill=\"currentColor\" d=\"M396.8 352h22.4c6.4 0 12.8-6.4 12.8-12.8V108.8c0-6.4-6.4-12.8-12.8-12.8h-22.4c-6.4 0-12.8 6.4-12.8 12.8v230.4c0 6.4 6.4 12.8 12.8 12.8zm-192 0h22.4c6.4 0 12.8-6.4 12.8-12.8V140.8c0-6.4-6.4-12.8-12.8-12.8h-22.4c-6.4 0-12.8 6.4-12.8 12.8v198.4c0 6.4 6.4 12.8 12.8 12.8zm96 0h22.4c6.4 0 12.8-6.4 12.8-12.8V204.8c0-6.4-6.4-12.8-12.8-12.8h-22.4c-6.4 0-12.8 6.4-12.8 12.8v134.4c0 6.4 6.4 12.8 12.8 12.8zM496 400H48V80c0-8.84-7.16-16-16-16H16C7.16 64 0 71.16 0 80v336c0 17.67 14.33 32 32 32h464c8.84 0 16-7.16 16-16v-16c0-8.84-7.16-16-16-16zm-387.2-48h22.4c6.4 0 12.8-6.4 12.8-12.8v-70.4c0-6.4-6.4-12.8-12.8-12.8h-22.4c-6.4 0-12.8 6.4-12.8 12.8v70.4c0 6.4 6.4 12.8 12.8 12.8z\" class=\"\"><\/path><\/svg><\/i> <img loading=\"lazy\" decoding=\"async\" width=\"16\" height=\"16\" alt=\"Loading\" src=\"https:\/\/temucotelevision.cl\/web\/wp-content\/plugins\/page-views-count\/ajax-loader-2x.gif\" border=0 \/><\/p><div class=\"pvc_clear\"><\/div>\n<ul class=\"wp-block-list\">\n<li>La obra \u201cAmor a primer llamado\u201d del Taller de Teatro Biogr\u00e1fico para Cuidadoras de Telet\u00f3n Temuco, regresa al escenario con una emotiva puesta en escena que refleja sus experiencias. La funci\u00f3n, gratuita y abierta a la comunidad, se realizar\u00e1 el mi\u00e9rcoles 19 de marzo en el Centro Cultural de Padre Las Casas.<\/li>\n<\/ul>\n\n\n\n<p>Este mi\u00e9rcoles 19 de marzo a las 19:00 horas, Telet\u00f3n, en colaboraci\u00f3n con la&nbsp;<strong>Municipalidad de Padre Las Casas<\/strong>, presentar\u00e1 nuevamente la obra&nbsp;<a href=\"https:\/\/www.teleton.cl\/amor-a-primer-llamado-temuco-teleton\/\"><u><strong>&#8220;Amor a primer llamado&#8221;<\/strong><\/u><\/a>, interpretada por&nbsp;<strong>Makarena Huillin<\/strong>&nbsp;y&nbsp;<strong>Astrid Salgado<\/strong>, madres y cuidadoras de pacientes del Instituto Telet\u00f3n de Temuco que abordan las emociones y vivencias desde su rol de cuidadoras de hijos con discapacidad.&nbsp;<\/p>\n\n\n\n<p>La funci\u00f3n ser\u00e1 gratuita y se llevar\u00e1 a cabo en el Centro Cultural de Padre Las Casas (Av. Manquehue 1149), con un aforo de 150 personas. En esta ocasi\u00f3n, como antesala a la funci\u00f3n, se estrenar\u00e1 la obra<strong>&#8220;Mi pumita Nahuel&#8221;<\/strong>, un mon\u00f3logo teatral del mismo taller, reflejando sus experiencias desde una perspectiva \u00edntima y conmovedora.<\/p>\n\n\n\n<p>La puesta en escena, que forma parte del&nbsp;<strong>Taller de Teatro Biogr\u00e1fico para Cuidadoras de Telet\u00f3n Temuco<\/strong>, tuvo su exitoso debut en agosto de 2024, e incluso, se convirti\u00f3 en una de las&nbsp;<a href=\"https:\/\/www.youtube.com\/watch?v=fZJE_EwtF-I&amp;ab_channel=Telet%C3%B3n\"><u>historias<\/u><\/a>&nbsp;de la campa\u00f1a del mismo a\u00f1o.<\/p>\n\n\n\n<p>La coordinadora psicosocial del Instituto Telet\u00f3n de Temuco,&nbsp;<strong>Vanessa Isla<\/strong>, destaca el impacto de estas iniciativas en el bienestar de las cuidadoras, permiti\u00e9ndoles compartir sus historias y fortalecer redes de apoyo. \u201cSon obras de teatro biogr\u00e1fico que comparten la profundidad emocional del dif\u00edcil proceso que han debido transitar estas mujeres: los cambios a los cuales debieron adaptarse, las expectativas que no se cumplieron, el costo emocional, personal y social de esta realidad. No obstante, ellas se han adaptado y han resignificado esta experiencia de vida, destacando la importancia del acompa\u00f1amiento, el apoyo mutuo, la amistad, la familia y del coraz\u00f3n y el valioso aporte que Telet\u00f3n ha representado\u201d, subraya.<\/p>\n\n\n\n<p>El Taller de Teatro Biogr\u00e1fico para Cuidadoras forma parte del programa&nbsp;<strong>&#8220;Gestiona Inclusi\u00f3n II Etapa, Regi\u00f3n de La Araucan\u00eda&#8221;,<\/strong>&nbsp;financiado por el&nbsp;<strong>Gobierno Regional de La Araucan\u00eda<\/strong>. A trav\u00e9s de este programa, se han impulsado diversas actividades para fortalecer la autonom\u00eda de las personas en situaci\u00f3n de discapacidad, as\u00ed como la integraci\u00f3n y el apoyo a sus familias.<\/p>\n\n\n\n<p>Telet\u00f3n no solo se enfoca en la rehabilitaci\u00f3n de los pacientes, sino tambi\u00e9n en el bienestar de sus familias, por lo que es de suma importancia para la instituci\u00f3n llevar estas actividades a la comunidad y compartir el trabajo que se realiza dentro de cada sede regional.&nbsp;<\/p>\n","protected":false},"excerpt":{"rendered":"<div class=\"pvc_clear\"><\/div>\n<p id=\"pvc_stats_55509\" class=\"pvc_stats total_only  \" data-element-id=\"55509\" style=\"\"><i class=\"pvc-stats-icon large\" aria-hidden=\"true\"><svg aria-hidden=\"true\" focusable=\"false\" data-prefix=\"far\" data-icon=\"chart-bar\" role=\"img\" xmlns=\"http:\/\/www.w3.org\/2000\/svg\" viewBox=\"0 0 512 512\" class=\"svg-inline--fa fa-chart-bar fa-w-16 fa-2x\"><path fill=\"currentColor\" d=\"M396.8 352h22.4c6.4 0 12.8-6.4 12.8-12.8V108.8c0-6.4-6.4-12.8-12.8-12.8h-22.4c-6.4 0-12.8 6.4-12.8 12.8v230.4c0 6.4 6.4 12.8 12.8 12.8zm-192 0h22.4c6.4 0 12.8-6.4 12.8-12.8V140.8c0-6.4-6.4-12.8-12.8-12.8h-22.4c-6.4 0-12.8 6.4-12.8 12.8v198.4c0 6.4 6.4 12.8 12.8 12.8zm96 0h22.4c6.4 0 12.8-6.4 12.8-12.8V204.8c0-6.4-6.4-12.8-12.8-12.8h-22.4c-6.4 0-12.8 6.4-12.8 12.8v134.4c0 6.4 6.4 12.8 12.8 12.8zM496 400H48V80c0-8.84-7.16-16-16-16H16C7.16 64 0 71.16 0 80v336c0 17.67 14.33 32 32 32h464c8.84 0 16-7.16 16-16v-16c0-8.84-7.16-16-16-16zm-387.2-48h22.4c6.4 0 12.8-6.4 12.8-12.8v-70.4c0-6.4-6.4-12.8-12.8-12.8h-22.4c-6.4 0-12.8 6.4-12.8 12.8v70.4c0 6.4 6.4 12.8 12.8 12.8z\" class=\"\"><\/path><\/svg><\/i> <img loading=\"lazy\" decoding=\"async\" width=\"16\" height=\"16\" alt=\"Loading\" src=\"https:\/\/temucotelevision.cl\/web\/wp-content\/plugins\/page-views-count\/ajax-loader-2x.gif\" border=0 \/><\/p>\n<div class=\"pvc_clear\"><\/div>\n<p>Este mi\u00e9rcoles 19 de marzo a las 19:00 horas, Telet\u00f3n, en colaboraci\u00f3n con la&nbsp;Municipalidad de Padre Las Casas, presentar\u00e1 nuevamente<\/p>\n","protected":false},"author":1,"featured_media":55510,"comment_status":"open","ping_status":"open","sticky":false,"template":"","format":"standard","meta":{"colormag_page_container_layout":"default_layout","colormag_page_sidebar_layout":"default_layout","footnotes":""},"categories":[14],"tags":[925],"class_list":["post-55509","post","type-post","status-publish","format-standard","has-post-thumbnail","hentry","category-temuco","tag-obra"],"a3_pvc":{"activated":true,"total_views":2484,"today_views":0},"_links":{"self":[{"href":"https:\/\/temucotelevision.cl\/web\/wp-json\/wp\/v2\/posts\/55509","targetHints":{"allow":["GET"]}}],"collection":[{"href":"https:\/\/temucotelevision.cl\/web\/wp-json\/wp\/v2\/posts"}],"about":[{"href":"https:\/\/temucotelevision.cl\/web\/wp-json\/wp\/v2\/types\/post"}],"author":[{"embeddable":true,"href":"https:\/\/temucotelevision.cl\/web\/wp-json\/wp\/v2\/users\/1"}],"replies":[{"embeddable":true,"href":"https:\/\/temucotelevision.cl\/web\/wp-json\/wp\/v2\/comments?post=55509"}],"version-history":[{"count":1,"href":"https:\/\/temucotelevision.cl\/web\/wp-json\/wp\/v2\/posts\/55509\/revisions"}],"predecessor-version":[{"id":55511,"href":"https:\/\/temucotelevision.cl\/web\/wp-json\/wp\/v2\/posts\/55509\/revisions\/55511"}],"wp:featuredmedia":[{"embeddable":true,"href":"https:\/\/temucotelevision.cl\/web\/wp-json\/wp\/v2\/media\/55510"}],"wp:attachment":[{"href":"https:\/\/temucotelevision.cl\/web\/wp-json\/wp\/v2\/media?parent=55509"}],"wp:term":[{"taxonomy":"category","embeddable":true,"href":"https:\/\/temucotelevision.cl\/web\/wp-json\/wp\/v2\/categories?post=55509"},{"taxonomy":"post_tag","embeddable":true,"href":"https:\/\/temucotelevision.cl\/web\/wp-json\/wp\/v2\/tags?post=55509"}],"curies":[{"name":"wp","href":"https:\/\/api.w.org\/{rel}","templated":true}]}}