{"id":55506,"date":"2025-03-17T15:39:51","date_gmt":"2025-03-17T18:39:51","guid":{"rendered":"https:\/\/temucotelevision.cl\/web\/?p=55506"},"modified":"2025-03-17T15:39:52","modified_gmt":"2025-03-17T18:39:52","slug":"latam-unidos-el-completo-despliegue-de-visitas-locales-que-esta-realizando-rcd-hotels-por-la-region","status":"publish","type":"post","link":"https:\/\/temucotelevision.cl\/web\/2025\/03\/17\/latam-unidos-el-completo-despliegue-de-visitas-locales-que-esta-realizando-rcd-hotels-por-la-region\/","title":{"rendered":"LATAM Unidos: El completo despliegue de visitas locales que est\u00e1 realizando RCD Hotels por la Regi\u00f3n"},"content":{"rendered":"<div class=\"pvc_clear\"><\/div><p id=\"pvc_stats_55506\" class=\"pvc_stats total_only  \" data-element-id=\"55506\" style=\"\"><i class=\"pvc-stats-icon large\" aria-hidden=\"true\"><svg aria-hidden=\"true\" focusable=\"false\" data-prefix=\"far\" data-icon=\"chart-bar\" role=\"img\" xmlns=\"http:\/\/www.w3.org\/2000\/svg\" viewBox=\"0 0 512 512\" class=\"svg-inline--fa fa-chart-bar fa-w-16 fa-2x\"><path fill=\"currentColor\" d=\"M396.8 352h22.4c6.4 0 12.8-6.4 12.8-12.8V108.8c0-6.4-6.4-12.8-12.8-12.8h-22.4c-6.4 0-12.8 6.4-12.8 12.8v230.4c0 6.4 6.4 12.8 12.8 12.8zm-192 0h22.4c6.4 0 12.8-6.4 12.8-12.8V140.8c0-6.4-6.4-12.8-12.8-12.8h-22.4c-6.4 0-12.8 6.4-12.8 12.8v198.4c0 6.4 6.4 12.8 12.8 12.8zm96 0h22.4c6.4 0 12.8-6.4 12.8-12.8V204.8c0-6.4-6.4-12.8-12.8-12.8h-22.4c-6.4 0-12.8 6.4-12.8 12.8v134.4c0 6.4 6.4 12.8 12.8 12.8zM496 400H48V80c0-8.84-7.16-16-16-16H16C7.16 64 0 71.16 0 80v336c0 17.67 14.33 32 32 32h464c8.84 0 16-7.16 16-16v-16c0-8.84-7.16-16-16-16zm-387.2-48h22.4c6.4 0 12.8-6.4 12.8-12.8v-70.4c0-6.4-6.4-12.8-12.8-12.8h-22.4c-6.4 0-12.8 6.4-12.8 12.8v70.4c0 6.4 6.4 12.8 12.8 12.8z\" class=\"\"><\/path><\/svg><\/i> <img loading=\"lazy\" decoding=\"async\" width=\"16\" height=\"16\" alt=\"Loading\" src=\"https:\/\/temucotelevision.cl\/web\/wp-content\/plugins\/page-views-count\/ajax-loader-2x.gif\" border=0 \/><\/p><div class=\"pvc_clear\"><\/div>\n<p><em><strong>Durante tres meses, los equipos comerciales y de relaciones p\u00fablicas para Latinoam\u00e9rica de la exclusiva cadena hotelera estar\u00e1n visitando siete pa\u00edses, donde tendr\u00e1n una cargada agenda de actividades, reuniones y eventos.&nbsp;<\/strong><\/em><\/p>\n\n\n\n<p>Con el objetivo de fortalecer sus alianzas con agentes de viajes, turoperadores, celebridades y medios de comunicaci\u00f3n, el equipo comercial y de relaciones p\u00fablicas para Am\u00e9rica Latina de RCD Hotels comenz\u00f3 una exigente agenda de despliegue por la Regi\u00f3n, que incluir\u00e1 actividades presenciales en seis pa\u00edses: Argentina, Brasil, Colombia, Chile, Guatemala, Paraguay y Per\u00fa.<\/p>\n\n\n\n<p>Entre marzo y mayo de este a\u00f1o, distintos ejecutivos de la cadena hotelera estar\u00e1n viajando por la Regi\u00f3n para reunirse con actores relevantes en la comercializaci\u00f3n y promoci\u00f3n de destinos tur\u00edsticos, con el prop\u00f3sito de presentar las novedades que tienen para ofrecer a los viajeros latinos y su abultada oferta para grupos, convenciones y bodas en destinos paradis\u00edacos.&nbsp;<\/p>\n\n\n\n<p>La primera parada de la gira \u201cLatam Unidos\u201d, como le han bautizado, fue en Buenos Aires, Argentina, donde se reunieron con medios, celebridades y profesionales de la industria. Ahora, restan Brasil, Colombia, Chile, Guatemala, Paraguay y Per\u00fa.<\/p>\n\n\n\n<p>\u201cLlevamos a\u00f1os alimentando una relaci\u00f3n sin\u00e9rgica, productiva y real con los agentes de viajes, turoperadores, medios de comunicaci\u00f3n y celebridades de la Regi\u00f3n, por lo que esta gira no busca m\u00e1s que reencontrarnos con nuestros amigos y socios comerciales, en una serie de eventos, actividades y reuniones, donde podamos abrazarnos, celebrar nuestros \u00e9xitos compartidos y planificar nuevas estrategias de crecimiento conjunto\u201d, se\u00f1al\u00f3 Leonel Reyes, director para Am\u00e9rica Latina de RCD Hotels, quien lidera la comitiva que estar\u00e1 despleg\u00e1ndose por estos seis pa\u00edses.&nbsp;<\/p>\n\n\n\n<p>\u201cEstaremos varios d\u00edas en cada pa\u00eds, con una agenda cargada de actividades que nos permita fortalecer nuestra relaci\u00f3n con cada uno de ellos y contarles todas las novedades de la cadena. Todo esto en el marco de la cercan\u00eda que nos caracteriza\u201d, agreg\u00f3 el ejecutivo.&nbsp;<\/p>\n\n\n\n<p>Por su parte, Dora Luna, gerente de ventas y relaciones p\u00fablicas para Am\u00e9rica Latina de RCD Hotels, explic\u00f3 el rol que cumplen los medios de comunicaci\u00f3n y celebridades en esta gira: \u201cEn materia de promoci\u00f3n y difusi\u00f3n de nuestros destinos, tambi\u00e9n hemos generado v\u00ednculos muy fuertes con celebridades, influencers y medios de comunicaci\u00f3n, los que nos acompa\u00f1an en cada uno de nuestros proyectos y vibran con nuestras marcas. Por ello, de visita en sus pa\u00edses, nuestra idea es celebrar con ellos las alianzas que hemos construido y evaluar nuevos proyectos en conjunto\u201d.<\/p>\n\n\n\n<p>\u201cEn cada pa\u00eds que estamos visitando y en colaboraci\u00f3n con nuestras casas de relaciones p\u00fablicas locales, estamos desplegando una apretada agenda de actividades, reuniones, eventos y entrevistas, que buscan celebrar los excelentes resultados alcanzados en los \u00faltimos a\u00f1os e impulsar nuevas acciones para adelante\u201d, concluy\u00f3 la profesional.&nbsp;<\/p>\n","protected":false},"excerpt":{"rendered":"<div class=\"pvc_clear\"><\/div>\n<p id=\"pvc_stats_55506\" class=\"pvc_stats total_only  \" data-element-id=\"55506\" style=\"\"><i class=\"pvc-stats-icon large\" aria-hidden=\"true\"><svg aria-hidden=\"true\" focusable=\"false\" data-prefix=\"far\" data-icon=\"chart-bar\" role=\"img\" xmlns=\"http:\/\/www.w3.org\/2000\/svg\" viewBox=\"0 0 512 512\" class=\"svg-inline--fa fa-chart-bar fa-w-16 fa-2x\"><path fill=\"currentColor\" d=\"M396.8 352h22.4c6.4 0 12.8-6.4 12.8-12.8V108.8c0-6.4-6.4-12.8-12.8-12.8h-22.4c-6.4 0-12.8 6.4-12.8 12.8v230.4c0 6.4 6.4 12.8 12.8 12.8zm-192 0h22.4c6.4 0 12.8-6.4 12.8-12.8V140.8c0-6.4-6.4-12.8-12.8-12.8h-22.4c-6.4 0-12.8 6.4-12.8 12.8v198.4c0 6.4 6.4 12.8 12.8 12.8zm96 0h22.4c6.4 0 12.8-6.4 12.8-12.8V204.8c0-6.4-6.4-12.8-12.8-12.8h-22.4c-6.4 0-12.8 6.4-12.8 12.8v134.4c0 6.4 6.4 12.8 12.8 12.8zM496 400H48V80c0-8.84-7.16-16-16-16H16C7.16 64 0 71.16 0 80v336c0 17.67 14.33 32 32 32h464c8.84 0 16-7.16 16-16v-16c0-8.84-7.16-16-16-16zm-387.2-48h22.4c6.4 0 12.8-6.4 12.8-12.8v-70.4c0-6.4-6.4-12.8-12.8-12.8h-22.4c-6.4 0-12.8 6.4-12.8 12.8v70.4c0 6.4 6.4 12.8 12.8 12.8z\" class=\"\"><\/path><\/svg><\/i> <img loading=\"lazy\" decoding=\"async\" width=\"16\" height=\"16\" alt=\"Loading\" src=\"https:\/\/temucotelevision.cl\/web\/wp-content\/plugins\/page-views-count\/ajax-loader-2x.gif\" border=0 \/><\/p>\n<div class=\"pvc_clear\"><\/div>\n<p>Durante tres meses, los equipos comerciales y de relaciones p\u00fablicas para Latinoam\u00e9rica de la exclusiva cadena hotelera estar\u00e1n visitando siete<\/p>\n","protected":false},"author":1,"featured_media":55507,"comment_status":"open","ping_status":"open","sticky":false,"template":"","format":"standard","meta":{"colormag_page_container_layout":"default_layout","colormag_page_sidebar_layout":"default_layout","footnotes":""},"categories":[101],"tags":[7204],"class_list":["post-55506","post","type-post","status-publish","format-standard","has-post-thumbnail","hentry","category-actualidad","tag-latam"],"a3_pvc":{"activated":true,"total_views":1414,"today_views":0},"_links":{"self":[{"href":"https:\/\/temucotelevision.cl\/web\/wp-json\/wp\/v2\/posts\/55506","targetHints":{"allow":["GET"]}}],"collection":[{"href":"https:\/\/temucotelevision.cl\/web\/wp-json\/wp\/v2\/posts"}],"about":[{"href":"https:\/\/temucotelevision.cl\/web\/wp-json\/wp\/v2\/types\/post"}],"author":[{"embeddable":true,"href":"https:\/\/temucotelevision.cl\/web\/wp-json\/wp\/v2\/users\/1"}],"replies":[{"embeddable":true,"href":"https:\/\/temucotelevision.cl\/web\/wp-json\/wp\/v2\/comments?post=55506"}],"version-history":[{"count":1,"href":"https:\/\/temucotelevision.cl\/web\/wp-json\/wp\/v2\/posts\/55506\/revisions"}],"predecessor-version":[{"id":55508,"href":"https:\/\/temucotelevision.cl\/web\/wp-json\/wp\/v2\/posts\/55506\/revisions\/55508"}],"wp:featuredmedia":[{"embeddable":true,"href":"https:\/\/temucotelevision.cl\/web\/wp-json\/wp\/v2\/media\/55507"}],"wp:attachment":[{"href":"https:\/\/temucotelevision.cl\/web\/wp-json\/wp\/v2\/media?parent=55506"}],"wp:term":[{"taxonomy":"category","embeddable":true,"href":"https:\/\/temucotelevision.cl\/web\/wp-json\/wp\/v2\/categories?post=55506"},{"taxonomy":"post_tag","embeddable":true,"href":"https:\/\/temucotelevision.cl\/web\/wp-json\/wp\/v2\/tags?post=55506"}],"curies":[{"name":"wp","href":"https:\/\/api.w.org\/{rel}","templated":true}]}}