{"id":55434,"date":"2025-03-11T20:43:45","date_gmt":"2025-03-11T23:43:45","guid":{"rendered":"https:\/\/temucotelevision.cl\/web\/?p=55434"},"modified":"2025-03-11T20:43:46","modified_gmt":"2025-03-11T23:43:46","slug":"tres-anos-de-promesas-incumplidas-diputado-henry-leal-critica-el-fracaso-del-gobierno-en-la-araucania","status":"publish","type":"post","link":"https:\/\/temucotelevision.cl\/web\/2025\/03\/11\/tres-anos-de-promesas-incumplidas-diputado-henry-leal-critica-el-fracaso-del-gobierno-en-la-araucania\/","title":{"rendered":"Tres a\u00f1os de promesas incumplidas: Diputado Henry Leal critica el fracaso del Gobierno en La Araucan\u00eda"},"content":{"rendered":"<div class=\"pvc_clear\"><\/div><p id=\"pvc_stats_55434\" class=\"pvc_stats total_only  \" data-element-id=\"55434\" style=\"\"><i class=\"pvc-stats-icon large\" aria-hidden=\"true\"><svg aria-hidden=\"true\" focusable=\"false\" data-prefix=\"far\" data-icon=\"chart-bar\" role=\"img\" xmlns=\"http:\/\/www.w3.org\/2000\/svg\" viewBox=\"0 0 512 512\" class=\"svg-inline--fa fa-chart-bar fa-w-16 fa-2x\"><path fill=\"currentColor\" d=\"M396.8 352h22.4c6.4 0 12.8-6.4 12.8-12.8V108.8c0-6.4-6.4-12.8-12.8-12.8h-22.4c-6.4 0-12.8 6.4-12.8 12.8v230.4c0 6.4 6.4 12.8 12.8 12.8zm-192 0h22.4c6.4 0 12.8-6.4 12.8-12.8V140.8c0-6.4-6.4-12.8-12.8-12.8h-22.4c-6.4 0-12.8 6.4-12.8 12.8v198.4c0 6.4 6.4 12.8 12.8 12.8zm96 0h22.4c6.4 0 12.8-6.4 12.8-12.8V204.8c0-6.4-6.4-12.8-12.8-12.8h-22.4c-6.4 0-12.8 6.4-12.8 12.8v134.4c0 6.4 6.4 12.8 12.8 12.8zM496 400H48V80c0-8.84-7.16-16-16-16H16C7.16 64 0 71.16 0 80v336c0 17.67 14.33 32 32 32h464c8.84 0 16-7.16 16-16v-16c0-8.84-7.16-16-16-16zm-387.2-48h22.4c6.4 0 12.8-6.4 12.8-12.8v-70.4c0-6.4-6.4-12.8-12.8-12.8h-22.4c-6.4 0-12.8 6.4-12.8 12.8v70.4c0 6.4 6.4 12.8 12.8 12.8z\" class=\"\"><\/path><\/svg><\/i> <img loading=\"lazy\" decoding=\"async\" width=\"16\" height=\"16\" alt=\"Loading\" src=\"https:\/\/temucotelevision.cl\/web\/wp-content\/plugins\/page-views-count\/ajax-loader-2x.gif\" border=0 \/><\/p><div class=\"pvc_clear\"><\/div>\n<p>\u201c<em>Los m\u00e1s grave de todo este Gobierno, en el caso de La Araucan\u00eda, es que prometi\u00f3 el plan buen vivir, el cual ha sido un absoluto fracaso\u201d, dijo el representante del distrito 23, en el marco del tercer aniversario de la administraci\u00f3n del presidente Boric.<\/em><\/p>\n\n\n\n<p>Este 11 de marzo, se cumplen tres a\u00f1os del Gobierno del presidente Gabriel Boric en La Moneda, una fecha donde se realizan balances respecto a su gesti\u00f3n, ocasi\u00f3n en la que el diputado por La Araucan\u00eda, Henry Leal, lanz\u00f3 una dura cr\u00edtica al trabajo realizado por el mandatario, asegurando que,&nbsp;<em>\u201cel Gobierno tiene una deuda gigantesca con los ciudadanos del pa\u00eds\u201d.&nbsp;<\/em><\/p>\n\n\n\n<p>El parlamentario gremialista, adem\u00e1s asegur\u00f3<em>, \u201cprometieron controlar la delincuencia, no lo hicieron, no fueron capaces de controlar la inmigraci\u00f3n ilegal en el norte, quer\u00edan refundar carabineros y los terminan apoyando, pero lo que es m\u00e1s grave de todo, este gobierno, en el caso de La Araucan\u00eda prometi\u00f3 el plan Buen Vivir el que ha sido un completo fracaso. Quiero que nos digan qu\u00e9 ha significado, en beneficio de nuestra regi\u00f3n el plan buen vivir, un fracaso absoluto\u201d.<\/em><\/p>\n\n\n\n<p>El diputado Leal, a su vez, critic\u00f3 la capacidad del Gobierno para generar empleo y disminuir las listas de espera en La Araucan\u00eda,&nbsp;<em>\u201cpor lo tanto, al cumplir 3 a\u00f1os de Gobierno, queremos expresar con claridad nuestro rechazo y lamentamos el fracaso de este Gobierno en La regi\u00f3n de La Araucan\u00eda. Han sido incapaces de generar trabajo, estamos llegando a un 40% de informalidad, esa es la realidad de la regi\u00f3n. Lista de espera en 300 mil personas en La Araucan\u00eda, ese es el legado que nos est\u00e1 dejando del Gobierno del presidente Boric\u201d.&nbsp;<\/em><\/p>\n","protected":false},"excerpt":{"rendered":"<div class=\"pvc_clear\"><\/div>\n<p id=\"pvc_stats_55434\" class=\"pvc_stats total_only  \" data-element-id=\"55434\" style=\"\"><i class=\"pvc-stats-icon large\" aria-hidden=\"true\"><svg aria-hidden=\"true\" focusable=\"false\" data-prefix=\"far\" data-icon=\"chart-bar\" role=\"img\" xmlns=\"http:\/\/www.w3.org\/2000\/svg\" viewBox=\"0 0 512 512\" class=\"svg-inline--fa fa-chart-bar fa-w-16 fa-2x\"><path fill=\"currentColor\" d=\"M396.8 352h22.4c6.4 0 12.8-6.4 12.8-12.8V108.8c0-6.4-6.4-12.8-12.8-12.8h-22.4c-6.4 0-12.8 6.4-12.8 12.8v230.4c0 6.4 6.4 12.8 12.8 12.8zm-192 0h22.4c6.4 0 12.8-6.4 12.8-12.8V140.8c0-6.4-6.4-12.8-12.8-12.8h-22.4c-6.4 0-12.8 6.4-12.8 12.8v198.4c0 6.4 6.4 12.8 12.8 12.8zm96 0h22.4c6.4 0 12.8-6.4 12.8-12.8V204.8c0-6.4-6.4-12.8-12.8-12.8h-22.4c-6.4 0-12.8 6.4-12.8 12.8v134.4c0 6.4 6.4 12.8 12.8 12.8zM496 400H48V80c0-8.84-7.16-16-16-16H16C7.16 64 0 71.16 0 80v336c0 17.67 14.33 32 32 32h464c8.84 0 16-7.16 16-16v-16c0-8.84-7.16-16-16-16zm-387.2-48h22.4c6.4 0 12.8-6.4 12.8-12.8v-70.4c0-6.4-6.4-12.8-12.8-12.8h-22.4c-6.4 0-12.8 6.4-12.8 12.8v70.4c0 6.4 6.4 12.8 12.8 12.8z\" class=\"\"><\/path><\/svg><\/i> <img loading=\"lazy\" decoding=\"async\" width=\"16\" height=\"16\" alt=\"Loading\" src=\"https:\/\/temucotelevision.cl\/web\/wp-content\/plugins\/page-views-count\/ajax-loader-2x.gif\" border=0 \/><\/p>\n<div class=\"pvc_clear\"><\/div>\n<p>\u201cLos m\u00e1s grave de todo este Gobierno, en el caso de La Araucan\u00eda, es que prometi\u00f3 el plan buen vivir,<\/p>\n","protected":false},"author":1,"featured_media":55435,"comment_status":"open","ping_status":"open","sticky":false,"template":"","format":"standard","meta":{"colormag_page_container_layout":"default_layout","colormag_page_sidebar_layout":"default_layout","footnotes":""},"categories":[84],"tags":[154],"class_list":["post-55434","post","type-post","status-publish","format-standard","has-post-thumbnail","hentry","category-politica","tag-diputado"],"a3_pvc":{"activated":true,"total_views":2215,"today_views":0},"_links":{"self":[{"href":"https:\/\/temucotelevision.cl\/web\/wp-json\/wp\/v2\/posts\/55434","targetHints":{"allow":["GET"]}}],"collection":[{"href":"https:\/\/temucotelevision.cl\/web\/wp-json\/wp\/v2\/posts"}],"about":[{"href":"https:\/\/temucotelevision.cl\/web\/wp-json\/wp\/v2\/types\/post"}],"author":[{"embeddable":true,"href":"https:\/\/temucotelevision.cl\/web\/wp-json\/wp\/v2\/users\/1"}],"replies":[{"embeddable":true,"href":"https:\/\/temucotelevision.cl\/web\/wp-json\/wp\/v2\/comments?post=55434"}],"version-history":[{"count":1,"href":"https:\/\/temucotelevision.cl\/web\/wp-json\/wp\/v2\/posts\/55434\/revisions"}],"predecessor-version":[{"id":55436,"href":"https:\/\/temucotelevision.cl\/web\/wp-json\/wp\/v2\/posts\/55434\/revisions\/55436"}],"wp:featuredmedia":[{"embeddable":true,"href":"https:\/\/temucotelevision.cl\/web\/wp-json\/wp\/v2\/media\/55435"}],"wp:attachment":[{"href":"https:\/\/temucotelevision.cl\/web\/wp-json\/wp\/v2\/media?parent=55434"}],"wp:term":[{"taxonomy":"category","embeddable":true,"href":"https:\/\/temucotelevision.cl\/web\/wp-json\/wp\/v2\/categories?post=55434"},{"taxonomy":"post_tag","embeddable":true,"href":"https:\/\/temucotelevision.cl\/web\/wp-json\/wp\/v2\/tags?post=55434"}],"curies":[{"name":"wp","href":"https:\/\/api.w.org\/{rel}","templated":true}]}}