{"id":55432,"date":"2025-03-11T20:41:18","date_gmt":"2025-03-11T23:41:18","guid":{"rendered":"https:\/\/temucotelevision.cl\/web\/?p=55432"},"modified":"2025-03-11T20:41:18","modified_gmt":"2025-03-11T23:41:18","slug":"diputado-saffirio-resalta-proyecto-que-regula-ferias-libres-y-valora-rechazo-de-indicacion-que-afectaba-su-realizacion-en-la-region","status":"publish","type":"post","link":"https:\/\/temucotelevision.cl\/web\/2025\/03\/11\/diputado-saffirio-resalta-proyecto-que-regula-ferias-libres-y-valora-rechazo-de-indicacion-que-afectaba-su-realizacion-en-la-region\/","title":{"rendered":"Diputado Saffirio resalta proyecto que regula ferias libres y valora rechazo de indicaci\u00f3n que afectaba su realizaci\u00f3n en la Regi\u00f3n\u00a0"},"content":{"rendered":"<div class=\"pvc_clear\"><\/div><p id=\"pvc_stats_55432\" class=\"pvc_stats total_only  \" data-element-id=\"55432\" style=\"\"><i class=\"pvc-stats-icon large\" aria-hidden=\"true\"><svg aria-hidden=\"true\" focusable=\"false\" data-prefix=\"far\" data-icon=\"chart-bar\" role=\"img\" xmlns=\"http:\/\/www.w3.org\/2000\/svg\" viewBox=\"0 0 512 512\" class=\"svg-inline--fa fa-chart-bar fa-w-16 fa-2x\"><path fill=\"currentColor\" d=\"M396.8 352h22.4c6.4 0 12.8-6.4 12.8-12.8V108.8c0-6.4-6.4-12.8-12.8-12.8h-22.4c-6.4 0-12.8 6.4-12.8 12.8v230.4c0 6.4 6.4 12.8 12.8 12.8zm-192 0h22.4c6.4 0 12.8-6.4 12.8-12.8V140.8c0-6.4-6.4-12.8-12.8-12.8h-22.4c-6.4 0-12.8 6.4-12.8 12.8v198.4c0 6.4 6.4 12.8 12.8 12.8zm96 0h22.4c6.4 0 12.8-6.4 12.8-12.8V204.8c0-6.4-6.4-12.8-12.8-12.8h-22.4c-6.4 0-12.8 6.4-12.8 12.8v134.4c0 6.4 6.4 12.8 12.8 12.8zM496 400H48V80c0-8.84-7.16-16-16-16H16C7.16 64 0 71.16 0 80v336c0 17.67 14.33 32 32 32h464c8.84 0 16-7.16 16-16v-16c0-8.84-7.16-16-16-16zm-387.2-48h22.4c6.4 0 12.8-6.4 12.8-12.8v-70.4c0-6.4-6.4-12.8-12.8-12.8h-22.4c-6.4 0-12.8 6.4-12.8 12.8v70.4c0 6.4 6.4 12.8 12.8 12.8z\" class=\"\"><\/path><\/svg><\/i> <img loading=\"lazy\" decoding=\"async\" width=\"16\" height=\"16\" alt=\"Loading\" src=\"https:\/\/temucotelevision.cl\/web\/wp-content\/plugins\/page-views-count\/ajax-loader-2x.gif\" border=0 \/><\/p><div class=\"pvc_clear\"><\/div>\n<p><strong>Valpara\u00edso.-<\/strong>&nbsp;El diputado Jorge Saffirio Espinoza resalt\u00f3 algunos aspectos del proyecto que se est\u00e1 discutiendo en la Comisi\u00f3n de Gobierno de la C\u00e1mara que regula y fortalece las ferias libres, destacando el rechazo de una indicaci\u00f3n que afectaba directamente la realizaci\u00f3n de estas ferias en la Araucan\u00eda al exigir un alto porcentaje de venta de alimentos de origen vegetal o animal.&nbsp;<\/p>\n\n\n\n<p>Seg\u00fan el diputado Saffirio, \u201ceste es un buen proyecto que viene a regular la realizaci\u00f3n de este tipo de ferias, que son tan populares en nuestra regi\u00f3n y en todo el pa\u00eds. Hemos estado en contacto con dirigentes de las distintas ferias libres de la regi\u00f3n, porque estaban preocupados respecto a una indicaci\u00f3n que planteaba esta normativa que hac\u00eda exigible que un porcentaje de la feria, de al menos un 40%, est\u00e9 enfocada en la venta de productos agr\u00edcolas, de lo contrario no pod\u00edan funcionar\u201d.&nbsp;<\/p>\n\n\n\n<p>Saffirio agreg\u00f3 que \u201clogramos finalmente que este porcentaje no se considere y nuestras ferias seguir\u00e1n funcionando tal cual como est\u00e1n. Pero s\u00ed va a haber una regulaci\u00f3n y eso implica, por supuesto, que va a haber mayor control y mayor relaci\u00f3n con los municipios. Va a haber una exigencia compartida, enfocada en la limpieza y orden, para mantener las condiciones que deben tener los feriantes, por ejemplo, el ba\u00f1o y los servicios b\u00e1sicos, que son cuestiones m\u00ednimas pero que generan problemas en las ferias\u201d.<\/p>\n\n\n\n<p>\u201cVa a estar regulado por ley que las ferias tienen una organizaci\u00f3n, tienen estructura, que van a tener dirigentes, que van a estar validadas por la normativa, y que, por supuesto, adem\u00e1s se va a prohibir el acceso de personas que no pertenecen a las organizaciones de ferias y que a veces van a vender. Esto tambi\u00e9n fortalece a aquellos que han estado durante a\u00f1os en la actividad propia de las ferias libres\u201d, indic\u00f3.<\/p>\n\n\n\n<p>Finalmente, el diputado Saffirio agreg\u00f3 que \u201ctambi\u00e9n se contempla la heredabilidad, es decir, que van a poder heredar su espacio personas que, por ejemplo, han sido feriantes hist\u00f3ricas y que fallecen. Entonces su heredero o heredera va a poder continuar con esta funci\u00f3n en la misma feria y van a tener prioridad para tener el permiso\u201d.&nbsp;<\/p>\n","protected":false},"excerpt":{"rendered":"<div class=\"pvc_clear\"><\/div>\n<p id=\"pvc_stats_55432\" class=\"pvc_stats total_only  \" data-element-id=\"55432\" style=\"\"><i class=\"pvc-stats-icon large\" aria-hidden=\"true\"><svg aria-hidden=\"true\" focusable=\"false\" data-prefix=\"far\" data-icon=\"chart-bar\" role=\"img\" xmlns=\"http:\/\/www.w3.org\/2000\/svg\" viewBox=\"0 0 512 512\" class=\"svg-inline--fa fa-chart-bar fa-w-16 fa-2x\"><path fill=\"currentColor\" d=\"M396.8 352h22.4c6.4 0 12.8-6.4 12.8-12.8V108.8c0-6.4-6.4-12.8-12.8-12.8h-22.4c-6.4 0-12.8 6.4-12.8 12.8v230.4c0 6.4 6.4 12.8 12.8 12.8zm-192 0h22.4c6.4 0 12.8-6.4 12.8-12.8V140.8c0-6.4-6.4-12.8-12.8-12.8h-22.4c-6.4 0-12.8 6.4-12.8 12.8v198.4c0 6.4 6.4 12.8 12.8 12.8zm96 0h22.4c6.4 0 12.8-6.4 12.8-12.8V204.8c0-6.4-6.4-12.8-12.8-12.8h-22.4c-6.4 0-12.8 6.4-12.8 12.8v134.4c0 6.4 6.4 12.8 12.8 12.8zM496 400H48V80c0-8.84-7.16-16-16-16H16C7.16 64 0 71.16 0 80v336c0 17.67 14.33 32 32 32h464c8.84 0 16-7.16 16-16v-16c0-8.84-7.16-16-16-16zm-387.2-48h22.4c6.4 0 12.8-6.4 12.8-12.8v-70.4c0-6.4-6.4-12.8-12.8-12.8h-22.4c-6.4 0-12.8 6.4-12.8 12.8v70.4c0 6.4 6.4 12.8 12.8 12.8z\" class=\"\"><\/path><\/svg><\/i> <img loading=\"lazy\" decoding=\"async\" width=\"16\" height=\"16\" alt=\"Loading\" src=\"https:\/\/temucotelevision.cl\/web\/wp-content\/plugins\/page-views-count\/ajax-loader-2x.gif\" border=0 \/><\/p>\n<div class=\"pvc_clear\"><\/div>\n<p>Valpara\u00edso.-&nbsp;El diputado Jorge Saffirio Espinoza resalt\u00f3 algunos aspectos del proyecto que se est\u00e1 discutiendo en la Comisi\u00f3n de Gobierno de<\/p>\n","protected":false},"author":1,"featured_media":53476,"comment_status":"open","ping_status":"open","sticky":false,"template":"","format":"standard","meta":{"colormag_page_container_layout":"default_layout","colormag_page_sidebar_layout":"default_layout","footnotes":""},"categories":[84],"tags":[154],"class_list":["post-55432","post","type-post","status-publish","format-standard","has-post-thumbnail","hentry","category-politica","tag-diputado"],"a3_pvc":{"activated":true,"total_views":1051,"today_views":0},"_links":{"self":[{"href":"https:\/\/temucotelevision.cl\/web\/wp-json\/wp\/v2\/posts\/55432","targetHints":{"allow":["GET"]}}],"collection":[{"href":"https:\/\/temucotelevision.cl\/web\/wp-json\/wp\/v2\/posts"}],"about":[{"href":"https:\/\/temucotelevision.cl\/web\/wp-json\/wp\/v2\/types\/post"}],"author":[{"embeddable":true,"href":"https:\/\/temucotelevision.cl\/web\/wp-json\/wp\/v2\/users\/1"}],"replies":[{"embeddable":true,"href":"https:\/\/temucotelevision.cl\/web\/wp-json\/wp\/v2\/comments?post=55432"}],"version-history":[{"count":1,"href":"https:\/\/temucotelevision.cl\/web\/wp-json\/wp\/v2\/posts\/55432\/revisions"}],"predecessor-version":[{"id":55433,"href":"https:\/\/temucotelevision.cl\/web\/wp-json\/wp\/v2\/posts\/55432\/revisions\/55433"}],"wp:featuredmedia":[{"embeddable":true,"href":"https:\/\/temucotelevision.cl\/web\/wp-json\/wp\/v2\/media\/53476"}],"wp:attachment":[{"href":"https:\/\/temucotelevision.cl\/web\/wp-json\/wp\/v2\/media?parent=55432"}],"wp:term":[{"taxonomy":"category","embeddable":true,"href":"https:\/\/temucotelevision.cl\/web\/wp-json\/wp\/v2\/categories?post=55432"},{"taxonomy":"post_tag","embeddable":true,"href":"https:\/\/temucotelevision.cl\/web\/wp-json\/wp\/v2\/tags?post=55432"}],"curies":[{"name":"wp","href":"https:\/\/api.w.org\/{rel}","templated":true}]}}