{"id":55282,"date":"2025-02-27T16:22:49","date_gmt":"2025-02-27T19:22:49","guid":{"rendered":"https:\/\/temucotelevision.cl\/web\/?p=55282"},"modified":"2025-02-27T16:22:50","modified_gmt":"2025-02-27T19:22:50","slug":"analoga-estrena-donde-estas-un-viaje-emocional-entre-el-desamor-y-libertad","status":"publish","type":"post","link":"https:\/\/temucotelevision.cl\/web\/2025\/02\/27\/analoga-estrena-donde-estas-un-viaje-emocional-entre-el-desamor-y-libertad\/","title":{"rendered":"An\u00e1loga estrena \u201cD\u00f3nde Est\u00e1s\u201d, un viaje emocional entre el desamor y libertad"},"content":{"rendered":"<div class=\"pvc_clear\"><\/div><p id=\"pvc_stats_55282\" class=\"pvc_stats total_only  \" data-element-id=\"55282\" style=\"\"><i class=\"pvc-stats-icon large\" aria-hidden=\"true\"><svg aria-hidden=\"true\" focusable=\"false\" data-prefix=\"far\" data-icon=\"chart-bar\" role=\"img\" xmlns=\"http:\/\/www.w3.org\/2000\/svg\" viewBox=\"0 0 512 512\" class=\"svg-inline--fa fa-chart-bar fa-w-16 fa-2x\"><path fill=\"currentColor\" d=\"M396.8 352h22.4c6.4 0 12.8-6.4 12.8-12.8V108.8c0-6.4-6.4-12.8-12.8-12.8h-22.4c-6.4 0-12.8 6.4-12.8 12.8v230.4c0 6.4 6.4 12.8 12.8 12.8zm-192 0h22.4c6.4 0 12.8-6.4 12.8-12.8V140.8c0-6.4-6.4-12.8-12.8-12.8h-22.4c-6.4 0-12.8 6.4-12.8 12.8v198.4c0 6.4 6.4 12.8 12.8 12.8zm96 0h22.4c6.4 0 12.8-6.4 12.8-12.8V204.8c0-6.4-6.4-12.8-12.8-12.8h-22.4c-6.4 0-12.8 6.4-12.8 12.8v134.4c0 6.4 6.4 12.8 12.8 12.8zM496 400H48V80c0-8.84-7.16-16-16-16H16C7.16 64 0 71.16 0 80v336c0 17.67 14.33 32 32 32h464c8.84 0 16-7.16 16-16v-16c0-8.84-7.16-16-16-16zm-387.2-48h22.4c6.4 0 12.8-6.4 12.8-12.8v-70.4c0-6.4-6.4-12.8-12.8-12.8h-22.4c-6.4 0-12.8 6.4-12.8 12.8v70.4c0 6.4 6.4 12.8 12.8 12.8z\" class=\"\"><\/path><\/svg><\/i> <img loading=\"lazy\" decoding=\"async\" width=\"16\" height=\"16\" alt=\"Loading\" src=\"https:\/\/temucotelevision.cl\/web\/wp-content\/plugins\/page-views-count\/ajax-loader-2x.gif\" border=0 \/><\/p><div class=\"pvc_clear\"><\/div>\n<p class=\"has-medium-font-size\"><strong>La cantante chilena, destaca por su talento vocal y la capacidad para transmitir emociones a trav\u00e9s de letras significativas, y una musicalidad con tintes bailables. Adem\u00e1s, ha compartido escenario con artistas de la talla de Francisca Valenzuela, Camila Moreno y Dulce y Agraz.<\/strong><\/p>\n\n\n\n<p>La cantautora nacional&nbsp;<a href=\"https:\/\/www.instagram.com\/analoguita?igsh=MWpjdHIzbG1iemh2dQ==\" target=\"_blank\" rel=\"noreferrer noopener\"><strong>An\u00e1loga<\/strong><\/a>, oriunda de la<strong>&nbsp;Regi\u00f3n del Biob\u00edo,&nbsp;<\/strong>contin\u00faa posicion\u00e1ndose como una de las&nbsp;<strong>voces representativas del pop soul nacional<\/strong>&nbsp;con el estreno de&nbsp;<strong><a href=\"https:\/\/open.spotify.com\/intl-es\/album\/2Q5HxBFZt0YhRmCVj5Us4d?si=FPZzgEWYSlKcoNio2Y1dcg\" target=\"_blank\" rel=\"noreferrer noopener\">\u201cD\u00f3nde Est\u00e1s\u201d<\/a>,<\/strong>&nbsp;canci\u00f3n que viene acompa\u00f1ada por un videoclip, en el que plasma el dif\u00edcil proceso de sanaci\u00f3n despu\u00e9s de un quiebre amoroso. Tambi\u00e9n, es un adelanto de lo que ser\u00e1 su&nbsp;<strong>segundo \u00e1lbum de estudio<\/strong>, que ver\u00e1 la luz durante los pr\u00f3ximos meses.<\/p>\n\n\n\n<p>Esta canci\u00f3n es una colaboraci\u00f3n con el artista nacional&nbsp;<strong>\u201cSatura\u201d,&nbsp;<\/strong>qui\u00e9n destaca por ser un productor musical visible, ya que no s\u00f3lo se involucra en el proyecto desde los controles, si no que tambi\u00e9n es parte de este y otros track del \u00e1lbum que se llamar\u00e1&nbsp;<strong>\u201cCanciones Para el Apocalipsis\u201d<\/strong>&nbsp;y que hasta ahora ha tenido como albergue de su proceso creativo a&nbsp;<strong>886 r\u00e9cords.<\/strong><\/p>\n\n\n\n<p>En su nuevo single,&nbsp;<a href=\"https:\/\/www.instagram.com\/analoguita?igsh=MWpjdHIzbG1iemh2dQ==\" target=\"_blank\" rel=\"noreferrer noopener\"><strong>An\u00e1loga<\/strong><\/a>, presenta una composici\u00f3n que combina letras introspectivas con una&nbsp;<strong>producci\u00f3n musical que mezcla sintetizadores con melod\u00edas bailables,&nbsp;<\/strong>logrando capturar la esencia de la tristeza y el tormento que acompa\u00f1an a un amor t\u00f3xico. Tomando una direcci\u00f3n \u00fanica al incorporar audios reciclados de&nbsp;<strong>\u201cViajera del Tiempo<\/strong>\u201d, la artista, crea una atm\u00f3sfera de&nbsp;<strong>\u201cvoces en mi cabeza\u201d<\/strong>&nbsp;que busca sumergir al oyente en un viaje emocional.<\/p>\n\n\n\n<p>El disco&nbsp;<strong>\u201cCanciones para el Apocalipsis\u201d&nbsp;<\/strong>recicla el concepto de&nbsp;<strong>\u201cViajera del Tiempo\u201d<\/strong>&nbsp;y le entrega una precuela para dejar a sus seguidores un mensaje poderoso: ha sobrevivido al fin del mundo. Y si ella ha sido capaz de resistir y salir adelante, eso significa que todos podr\u00edan tener la capacidad de hacerlo. Todos pueden cambiar, sanar y seguir adelante, aunque el dolor los haya marcado. Es un grito de esperanza y de fuerza. La resiliencia est\u00e1 en todos, y D\u00f3nde Est\u00e1s es el himno de quienes saben que elegirse es el camino. Cabe precisar que la compositora propone una experiencia: esta canci\u00f3n no es solo una reflexi\u00f3n sobre relaciones rotas, sino una declaraci\u00f3n de determinaci\u00f3n y autodescubrimiento.<\/p>\n\n\n\n<p>En palabras de&nbsp;<a href=\"https:\/\/www.instagram.com\/analoguita?igsh=MWpjdHIzbG1iemh2dQ==\" target=\"_blank\" rel=\"noreferrer noopener\"><strong>An\u00e1loga<\/strong><\/a>, la canci\u00f3n no solo habla de amor y sufrimiento, sino tambi\u00e9n de esa transformaci\u00f3n dolorosa que ocurre cuando vives una crisis personal.&nbsp;<strong>\u201cEse apocalipsis interno que parece destrozarlo todo, esa transformaci\u00f3n, impresionante, duele profundamente. Es como estar vivo despu\u00e9s de un desastre, como si el mundo se hubiera derrumbado y uno, a duras penas, quedara en pie. Pero lo m\u00e1s fuerte de todo esto es que, a pesar del dolor, hay una luz al final del t\u00fanel\u201d<\/strong>, reflexiona la artista.<\/p>\n\n\n\n<p>Tras sus producciones anteriores como&nbsp;<strong>\u201c\u00c1ngel Negro\u201d, el EP \u201cPsiconauta\u201d, \u201cSalvame\u201d y \u201cPsiconauta B-Side\u201d, An\u00e1loga<\/strong>&nbsp;demuestra con&nbsp;<a href=\"https:\/\/open.spotify.com\/intl-es\/album\/2Q5HxBFZt0YhRmCVj5Us4d?si=FPZzgEWYSlKcoNio2Y1dcg\" target=\"_blank\" rel=\"noreferrer noopener\"><strong>\u201cD\u00f3nde Est\u00e1s\u201d<\/strong><\/a>&nbsp;su crecimiento art\u00edstico y contin\u00faa generando expectativas respecto a su futuro musical,&nbsp;<strong>con un pr\u00f3ximo \u00e1lbum y pr\u00f3ximas presentaciones en vivo.<\/strong><\/p>\n\n\n\n<p><strong>Sobre An\u00e1loga:<\/strong><\/p>\n\n\n\n<p>Actualmente se posiciona como uno de los proyectos femeninos con gran proyecci\u00f3n de la Regi\u00f3n del B\u00edo-B\u00edo. Fue ganadora de la categor\u00eda avanzada del Festival La Cuna, present\u00e1ndose junto a Ases Falsos y Dulce y Agraz. Tambi\u00e9n teloneo la gira de Francisca Valenzuela en Concepci\u00f3n. Con su imponente imagen, brill\u00f3 en Rock en Conce, acompa\u00f1ada de Martina Lluvias, Sebasti\u00e1n Gallardo (We are The Grand) y Lali De La Hoz. Luego, lanz\u00f3 su esperado EP \u201cPsiconauta\u201d que cuenta con colaboraciones de Cet\u00e1ceos y Martina Lluvias, entre otros. Actualmente la compositora trabaja en la propuesta esc\u00e9nica de su esperado nuevo disco. Con sus estudios en piano y danza, An\u00e1loga, promete&nbsp; innovar a una propuesta m\u00e1s teatral en vivo, con el fin de&nbsp; fusionar lo digital del disco con lo an\u00e1logo de su esencia.<\/p>\n\n\n\n<figure class=\"wp-block-embed is-type-video is-provider-youtube wp-block-embed-youtube wp-embed-aspect-16-9 wp-has-aspect-ratio\"><div class=\"wp-block-embed__wrapper\">\n<div class=\"epyt-video-wrapper\"><iframe loading=\"lazy\"  id=\"_ytid_44482\"  width=\"800\" height=\"450\"  data-origwidth=\"800\" data-origheight=\"450\" src=\"https:\/\/www.youtube.com\/embed\/ap-KV3YIBpA?enablejsapi=1&#038;autoplay=0&#038;cc_load_policy=0&#038;cc_lang_pref=&#038;iv_load_policy=1&#038;loop=0&#038;rel=1&#038;fs=1&#038;playsinline=0&#038;autohide=2&#038;theme=dark&#038;color=red&#038;controls=1&#038;disablekb=0&#038;\" class=\"__youtube_prefs__  epyt-is-override  no-lazyload\" title=\"YouTube player\"  allow=\"fullscreen; accelerometer; autoplay; clipboard-write; encrypted-media; gyroscope; picture-in-picture; web-share\" referrerpolicy=\"strict-origin-when-cross-origin\" allowfullscreen data-no-lazy=\"1\" data-skipgform_ajax_framebjll=\"\"><\/iframe><\/div>\n<\/div><\/figure>\n","protected":false},"excerpt":{"rendered":"<div class=\"pvc_clear\"><\/div>\n<p id=\"pvc_stats_55282\" class=\"pvc_stats total_only  \" data-element-id=\"55282\" style=\"\"><i class=\"pvc-stats-icon large\" aria-hidden=\"true\"><svg aria-hidden=\"true\" focusable=\"false\" data-prefix=\"far\" data-icon=\"chart-bar\" role=\"img\" xmlns=\"http:\/\/www.w3.org\/2000\/svg\" viewBox=\"0 0 512 512\" class=\"svg-inline--fa fa-chart-bar fa-w-16 fa-2x\"><path fill=\"currentColor\" d=\"M396.8 352h22.4c6.4 0 12.8-6.4 12.8-12.8V108.8c0-6.4-6.4-12.8-12.8-12.8h-22.4c-6.4 0-12.8 6.4-12.8 12.8v230.4c0 6.4 6.4 12.8 12.8 12.8zm-192 0h22.4c6.4 0 12.8-6.4 12.8-12.8V140.8c0-6.4-6.4-12.8-12.8-12.8h-22.4c-6.4 0-12.8 6.4-12.8 12.8v198.4c0 6.4 6.4 12.8 12.8 12.8zm96 0h22.4c6.4 0 12.8-6.4 12.8-12.8V204.8c0-6.4-6.4-12.8-12.8-12.8h-22.4c-6.4 0-12.8 6.4-12.8 12.8v134.4c0 6.4 6.4 12.8 12.8 12.8zM496 400H48V80c0-8.84-7.16-16-16-16H16C7.16 64 0 71.16 0 80v336c0 17.67 14.33 32 32 32h464c8.84 0 16-7.16 16-16v-16c0-8.84-7.16-16-16-16zm-387.2-48h22.4c6.4 0 12.8-6.4 12.8-12.8v-70.4c0-6.4-6.4-12.8-12.8-12.8h-22.4c-6.4 0-12.8 6.4-12.8 12.8v70.4c0 6.4 6.4 12.8 12.8 12.8z\" class=\"\"><\/path><\/svg><\/i> <img loading=\"lazy\" decoding=\"async\" width=\"16\" height=\"16\" alt=\"Loading\" src=\"https:\/\/temucotelevision.cl\/web\/wp-content\/plugins\/page-views-count\/ajax-loader-2x.gif\" border=0 \/><\/p>\n<div class=\"pvc_clear\"><\/div>\n<p>La cantante chilena, destaca por su talento vocal y la capacidad para transmitir emociones a trav\u00e9s de letras significativas, y<\/p>\n","protected":false},"author":143,"featured_media":55283,"comment_status":"open","ping_status":"open","sticky":false,"template":"","format":"standard","meta":{"colormag_page_container_layout":"default_layout","colormag_page_sidebar_layout":"default_layout","footnotes":""},"categories":[1],"tags":[],"class_list":["post-55282","post","type-post","status-publish","format-standard","has-post-thumbnail","hentry","category-sin-categoria"],"a3_pvc":{"activated":true,"total_views":42,"today_views":0},"_links":{"self":[{"href":"https:\/\/temucotelevision.cl\/web\/wp-json\/wp\/v2\/posts\/55282","targetHints":{"allow":["GET"]}}],"collection":[{"href":"https:\/\/temucotelevision.cl\/web\/wp-json\/wp\/v2\/posts"}],"about":[{"href":"https:\/\/temucotelevision.cl\/web\/wp-json\/wp\/v2\/types\/post"}],"author":[{"embeddable":true,"href":"https:\/\/temucotelevision.cl\/web\/wp-json\/wp\/v2\/users\/143"}],"replies":[{"embeddable":true,"href":"https:\/\/temucotelevision.cl\/web\/wp-json\/wp\/v2\/comments?post=55282"}],"version-history":[{"count":1,"href":"https:\/\/temucotelevision.cl\/web\/wp-json\/wp\/v2\/posts\/55282\/revisions"}],"predecessor-version":[{"id":55284,"href":"https:\/\/temucotelevision.cl\/web\/wp-json\/wp\/v2\/posts\/55282\/revisions\/55284"}],"wp:featuredmedia":[{"embeddable":true,"href":"https:\/\/temucotelevision.cl\/web\/wp-json\/wp\/v2\/media\/55283"}],"wp:attachment":[{"href":"https:\/\/temucotelevision.cl\/web\/wp-json\/wp\/v2\/media?parent=55282"}],"wp:term":[{"taxonomy":"category","embeddable":true,"href":"https:\/\/temucotelevision.cl\/web\/wp-json\/wp\/v2\/categories?post=55282"},{"taxonomy":"post_tag","embeddable":true,"href":"https:\/\/temucotelevision.cl\/web\/wp-json\/wp\/v2\/tags?post=55282"}],"curies":[{"name":"wp","href":"https:\/\/api.w.org\/{rel}","templated":true}]}}