{"id":55278,"date":"2025-02-27T11:19:15","date_gmt":"2025-02-27T14:19:15","guid":{"rendered":"https:\/\/temucotelevision.cl\/web\/?p=55278"},"modified":"2025-02-27T11:19:16","modified_gmt":"2025-02-27T14:19:16","slug":"nuevas-dependencias-para-la-oficina-comunal-del-adulto-mayor-en-freire-un-compromiso-con-la-dignidad-y-bienestar-de-nuestros-mayores","status":"publish","type":"post","link":"https:\/\/temucotelevision.cl\/web\/2025\/02\/27\/nuevas-dependencias-para-la-oficina-comunal-del-adulto-mayor-en-freire-un-compromiso-con-la-dignidad-y-bienestar-de-nuestros-mayores\/","title":{"rendered":"Nuevas dependencias para la oficina comunal del adulto mayor en Freire: Un compromiso con la dignidad y bienestar de nuestros mayores"},"content":{"rendered":"<div class=\"pvc_clear\"><\/div><p id=\"pvc_stats_55278\" class=\"pvc_stats total_only  \" data-element-id=\"55278\" style=\"\"><i class=\"pvc-stats-icon large\" aria-hidden=\"true\"><svg aria-hidden=\"true\" focusable=\"false\" data-prefix=\"far\" data-icon=\"chart-bar\" role=\"img\" xmlns=\"http:\/\/www.w3.org\/2000\/svg\" viewBox=\"0 0 512 512\" class=\"svg-inline--fa fa-chart-bar fa-w-16 fa-2x\"><path fill=\"currentColor\" d=\"M396.8 352h22.4c6.4 0 12.8-6.4 12.8-12.8V108.8c0-6.4-6.4-12.8-12.8-12.8h-22.4c-6.4 0-12.8 6.4-12.8 12.8v230.4c0 6.4 6.4 12.8 12.8 12.8zm-192 0h22.4c6.4 0 12.8-6.4 12.8-12.8V140.8c0-6.4-6.4-12.8-12.8-12.8h-22.4c-6.4 0-12.8 6.4-12.8 12.8v198.4c0 6.4 6.4 12.8 12.8 12.8zm96 0h22.4c6.4 0 12.8-6.4 12.8-12.8V204.8c0-6.4-6.4-12.8-12.8-12.8h-22.4c-6.4 0-12.8 6.4-12.8 12.8v134.4c0 6.4 6.4 12.8 12.8 12.8zM496 400H48V80c0-8.84-7.16-16-16-16H16C7.16 64 0 71.16 0 80v336c0 17.67 14.33 32 32 32h464c8.84 0 16-7.16 16-16v-16c0-8.84-7.16-16-16-16zm-387.2-48h22.4c6.4 0 12.8-6.4 12.8-12.8v-70.4c0-6.4-6.4-12.8-12.8-12.8h-22.4c-6.4 0-12.8 6.4-12.8 12.8v70.4c0 6.4 6.4 12.8 12.8 12.8z\" class=\"\"><\/path><\/svg><\/i> <img loading=\"lazy\" decoding=\"async\" width=\"16\" height=\"16\" alt=\"Loading\" src=\"https:\/\/temucotelevision.cl\/web\/wp-content\/plugins\/page-views-count\/ajax-loader-2x.gif\" border=0 \/><\/p><div class=\"pvc_clear\"><\/div>\n<p>Freire \u2013 Con el objetivo de brindar una atenci\u00f3n m\u00e1s c\u00f3moda, digna y eficiente a las personas mayores de la comuna, el Programa del Adulto Mayor de Freire ya est\u00e1 funcionando en sus nuevas dependencias, ubicadas en calle 21 de mayo # 266, al lado del banco estado. Estos espacios ya est\u00e1n en uso, ofreciendo mejores condiciones para la atenci\u00f3n y el desarrollo de actividades en beneficio de los adultos mayores.<\/p>\n\n\n\n<p>Estos espacios han sido construidos y dise\u00f1ados para ofrecer un ambiente m\u00e1s amplio y acogedor, con nuevas oficinas que permitir\u00e1n mejorar la atenci\u00f3n y los servicios dirigidos a las personas mayores. Esta iniciativa reafirma el compromiso de la administraci\u00f3n municipal con el bienestar de quienes han sido el pilar fundamental del desarrollo de la comuna.<\/p>\n\n\n\n<p>Claudia Villagr\u00e1n, coordinadora de la oficina comunal del adulto mayor manifest\u00f3, son instalaciones m\u00e1s c\u00f3modas, acogedoras, para brindar una mejor atenci\u00f3n y la privacidad que nuestros adultos mayores requieren, esto es parte del compromiso de la administraci\u00f3n y del alcalde Jos\u00e9 Colihuil, de estar disponibles y a disposici\u00f3n de la ciudadan\u00eda y en este caso de nuestros adultos mayores, se\u00f1al\u00f3.<\/p>\n\n\n\n<p>Las nuevas dependencias no solo optimizar\u00e1n la entrega de beneficios y apoyo a las personas mayores, sino que tambi\u00e9n fortalecer\u00e1n el trabajo de los equipos profesionales encargados de su cuidado y acompa\u00f1amiento.<\/p>\n\n\n\n<p>Con esta iniciativa, la Municipalidad de Freire contin\u00faa avanzando en pol\u00edticas que favorecen la inclusi\u00f3n y la calidad de vida de la poblaci\u00f3n adulta mayor, promoviendo espacios donde se sientan valorados, respetados y bien atendidos.<\/p>\n","protected":false},"excerpt":{"rendered":"<div class=\"pvc_clear\"><\/div>\n<p id=\"pvc_stats_55278\" class=\"pvc_stats total_only  \" data-element-id=\"55278\" style=\"\"><i class=\"pvc-stats-icon large\" aria-hidden=\"true\"><svg aria-hidden=\"true\" focusable=\"false\" data-prefix=\"far\" data-icon=\"chart-bar\" role=\"img\" xmlns=\"http:\/\/www.w3.org\/2000\/svg\" viewBox=\"0 0 512 512\" class=\"svg-inline--fa fa-chart-bar fa-w-16 fa-2x\"><path fill=\"currentColor\" d=\"M396.8 352h22.4c6.4 0 12.8-6.4 12.8-12.8V108.8c0-6.4-6.4-12.8-12.8-12.8h-22.4c-6.4 0-12.8 6.4-12.8 12.8v230.4c0 6.4 6.4 12.8 12.8 12.8zm-192 0h22.4c6.4 0 12.8-6.4 12.8-12.8V140.8c0-6.4-6.4-12.8-12.8-12.8h-22.4c-6.4 0-12.8 6.4-12.8 12.8v198.4c0 6.4 6.4 12.8 12.8 12.8zm96 0h22.4c6.4 0 12.8-6.4 12.8-12.8V204.8c0-6.4-6.4-12.8-12.8-12.8h-22.4c-6.4 0-12.8 6.4-12.8 12.8v134.4c0 6.4 6.4 12.8 12.8 12.8zM496 400H48V80c0-8.84-7.16-16-16-16H16C7.16 64 0 71.16 0 80v336c0 17.67 14.33 32 32 32h464c8.84 0 16-7.16 16-16v-16c0-8.84-7.16-16-16-16zm-387.2-48h22.4c6.4 0 12.8-6.4 12.8-12.8v-70.4c0-6.4-6.4-12.8-12.8-12.8h-22.4c-6.4 0-12.8 6.4-12.8 12.8v70.4c0 6.4 6.4 12.8 12.8 12.8z\" class=\"\"><\/path><\/svg><\/i> <img loading=\"lazy\" decoding=\"async\" width=\"16\" height=\"16\" alt=\"Loading\" src=\"https:\/\/temucotelevision.cl\/web\/wp-content\/plugins\/page-views-count\/ajax-loader-2x.gif\" border=0 \/><\/p>\n<div class=\"pvc_clear\"><\/div>\n<p>Freire \u2013 Con el objetivo de brindar una atenci\u00f3n m\u00e1s c\u00f3moda, digna y eficiente a las personas mayores de la<\/p>\n","protected":false},"author":1,"featured_media":55279,"comment_status":"open","ping_status":"open","sticky":false,"template":"","format":"standard","meta":{"colormag_page_container_layout":"default_layout","colormag_page_sidebar_layout":"default_layout","footnotes":""},"categories":[14],"tags":[7201],"class_list":["post-55278","post","type-post","status-publish","format-standard","has-post-thumbnail","hentry","category-temuco","tag-personas-mayores"],"a3_pvc":{"activated":true,"total_views":928,"today_views":0},"_links":{"self":[{"href":"https:\/\/temucotelevision.cl\/web\/wp-json\/wp\/v2\/posts\/55278","targetHints":{"allow":["GET"]}}],"collection":[{"href":"https:\/\/temucotelevision.cl\/web\/wp-json\/wp\/v2\/posts"}],"about":[{"href":"https:\/\/temucotelevision.cl\/web\/wp-json\/wp\/v2\/types\/post"}],"author":[{"embeddable":true,"href":"https:\/\/temucotelevision.cl\/web\/wp-json\/wp\/v2\/users\/1"}],"replies":[{"embeddable":true,"href":"https:\/\/temucotelevision.cl\/web\/wp-json\/wp\/v2\/comments?post=55278"}],"version-history":[{"count":1,"href":"https:\/\/temucotelevision.cl\/web\/wp-json\/wp\/v2\/posts\/55278\/revisions"}],"predecessor-version":[{"id":55280,"href":"https:\/\/temucotelevision.cl\/web\/wp-json\/wp\/v2\/posts\/55278\/revisions\/55280"}],"wp:featuredmedia":[{"embeddable":true,"href":"https:\/\/temucotelevision.cl\/web\/wp-json\/wp\/v2\/media\/55279"}],"wp:attachment":[{"href":"https:\/\/temucotelevision.cl\/web\/wp-json\/wp\/v2\/media?parent=55278"}],"wp:term":[{"taxonomy":"category","embeddable":true,"href":"https:\/\/temucotelevision.cl\/web\/wp-json\/wp\/v2\/categories?post=55278"},{"taxonomy":"post_tag","embeddable":true,"href":"https:\/\/temucotelevision.cl\/web\/wp-json\/wp\/v2\/tags?post=55278"}],"curies":[{"name":"wp","href":"https:\/\/api.w.org\/{rel}","templated":true}]}}