{"id":55276,"date":"2025-02-26T13:02:26","date_gmt":"2025-02-26T16:02:26","guid":{"rendered":"https:\/\/temucotelevision.cl\/web\/?p=55276"},"modified":"2025-02-26T13:02:26","modified_gmt":"2025-02-26T16:02:26","slug":"diputado-jorge-rathgeb-pide-reforzar-red-de-radioaficionados-debido-a-la-fragilidad-del-sistema-de-comunicaciones-tras-corte-de-energia","status":"publish","type":"post","link":"https:\/\/temucotelevision.cl\/web\/2025\/02\/26\/diputado-jorge-rathgeb-pide-reforzar-red-de-radioaficionados-debido-a-la-fragilidad-del-sistema-de-comunicaciones-tras-corte-de-energia\/","title":{"rendered":"Diputado Jorge Rathgeb pide reforzar red de radioaficionados debido a la fragilidad del sistema de comunicaciones tras corte de energ\u00eda"},"content":{"rendered":"<div class=\"pvc_clear\"><\/div><p id=\"pvc_stats_55276\" class=\"pvc_stats total_only  \" data-element-id=\"55276\" style=\"\"><i class=\"pvc-stats-icon large\" aria-hidden=\"true\"><svg aria-hidden=\"true\" focusable=\"false\" data-prefix=\"far\" data-icon=\"chart-bar\" role=\"img\" xmlns=\"http:\/\/www.w3.org\/2000\/svg\" viewBox=\"0 0 512 512\" class=\"svg-inline--fa fa-chart-bar fa-w-16 fa-2x\"><path fill=\"currentColor\" d=\"M396.8 352h22.4c6.4 0 12.8-6.4 12.8-12.8V108.8c0-6.4-6.4-12.8-12.8-12.8h-22.4c-6.4 0-12.8 6.4-12.8 12.8v230.4c0 6.4 6.4 12.8 12.8 12.8zm-192 0h22.4c6.4 0 12.8-6.4 12.8-12.8V140.8c0-6.4-6.4-12.8-12.8-12.8h-22.4c-6.4 0-12.8 6.4-12.8 12.8v198.4c0 6.4 6.4 12.8 12.8 12.8zm96 0h22.4c6.4 0 12.8-6.4 12.8-12.8V204.8c0-6.4-6.4-12.8-12.8-12.8h-22.4c-6.4 0-12.8 6.4-12.8 12.8v134.4c0 6.4 6.4 12.8 12.8 12.8zM496 400H48V80c0-8.84-7.16-16-16-16H16C7.16 64 0 71.16 0 80v336c0 17.67 14.33 32 32 32h464c8.84 0 16-7.16 16-16v-16c0-8.84-7.16-16-16-16zm-387.2-48h22.4c6.4 0 12.8-6.4 12.8-12.8v-70.4c0-6.4-6.4-12.8-12.8-12.8h-22.4c-6.4 0-12.8 6.4-12.8 12.8v70.4c0 6.4 6.4 12.8 12.8 12.8z\" class=\"\"><\/path><\/svg><\/i> <img loading=\"lazy\" decoding=\"async\" width=\"16\" height=\"16\" alt=\"Loading\" src=\"https:\/\/temucotelevision.cl\/web\/wp-content\/plugins\/page-views-count\/ajax-loader-2x.gif\" border=0 \/><\/p><div class=\"pvc_clear\"><\/div>\n<p><strong>El parlamentario se\u00f1al\u00f3 que este sistema de equipos se debe potenciar considerando que tras el apag\u00f3n que afect\u00f3 al pa\u00eds fue una de las pocas redes que se vio afectada y es primordial usar en caso de emergencias.<\/strong><\/p>\n\n\n\n<p>El corte de luz que afect\u00f3 a gran parte del pa\u00eds y La Araucan\u00eda, dejando a millones de chilenos sin suministro el\u00e9ctrico, puso de manifiesto la oscilaci\u00f3n en materia de comunicaciones, lo que se evidenci\u00f3 con la inestabilidad de servicios m\u00f3viles lo cual se agrava en caso de que se presenten episodios de emergencia.<\/p>\n\n\n\n<p>Uno de los sistemas que no dej\u00f3 de operar fue el de radioaficionados que estuvieron entregando reportes constantes de la situaci\u00f3n que se viv\u00eda en distintas regiones del pa\u00eds y tambi\u00e9n de las contingencias que se pudieran informar.<\/p>\n\n\n\n<p>El diputado de Renovaci\u00f3n Nacional por La Araucan\u00eda y presidente regional de la colectividad, Jorge Rathgeb Schifferli, llam\u00f3 a reforzar esta red, potenciando la misma con mayores recursos, considerando que fue una alternativa clara y concreta en materia de comunicaciones.<\/p>\n\n\n\n<p>Rathgeb, indic\u00f3 que en un pa\u00eds y en una regi\u00f3n que vive constantemente con situaciones como: incendios, inundaciones, temblores y otros eventos de la naturaleza, es primordial contar con otra opci\u00f3n y que esa debe ser esta red que ha demostrado ser estable y fiable.<\/p>\n\n\n\n<p>\u201cEl Gobierno y los futuros, deben mantener otro sistema operativo ante eventos como el que se registr\u00f3 por el corte de luz y ese es el radial, por lo cual es importante que este se refuerce, se entreguen mayores recursos y se pueda modernizar en materia de equipos, considerando que a pesar de las adversidades que se puedan vivir, cuentan con mayor estabilidad que la telefon\u00eda m\u00f3vil que est\u00e1 siendo m\u00e1s usada en estos momentos\u201d, se\u00f1al\u00f3 el parlamentario que est\u00e1 apoyando constantemente a clubes de radioaficionados, con el objetivo de tener mejores condiciones.<\/p>\n\n\n\n<p>El legislador agreg\u00f3 que lo ocurrido debe tambi\u00e9n ser abordado en profundidad porque dej\u00f3 de manifiesto la fragilidad que se tiene en materia de red de comunicaciones en un pa\u00eds que tiene constantes emergencias.<\/p>\n\n\n\n<p>Para concluir el diputado agreg\u00f3 que esto tambi\u00e9n evidencia la necesidad de que cada familia pueda tener su kit de emergencia con velas y m\u00e1s art\u00edculos para hacer frente a estas incidencias.<\/p>\n","protected":false},"excerpt":{"rendered":"<div class=\"pvc_clear\"><\/div>\n<p id=\"pvc_stats_55276\" class=\"pvc_stats total_only  \" data-element-id=\"55276\" style=\"\"><i class=\"pvc-stats-icon large\" aria-hidden=\"true\"><svg aria-hidden=\"true\" focusable=\"false\" data-prefix=\"far\" data-icon=\"chart-bar\" role=\"img\" xmlns=\"http:\/\/www.w3.org\/2000\/svg\" viewBox=\"0 0 512 512\" class=\"svg-inline--fa fa-chart-bar fa-w-16 fa-2x\"><path fill=\"currentColor\" d=\"M396.8 352h22.4c6.4 0 12.8-6.4 12.8-12.8V108.8c0-6.4-6.4-12.8-12.8-12.8h-22.4c-6.4 0-12.8 6.4-12.8 12.8v230.4c0 6.4 6.4 12.8 12.8 12.8zm-192 0h22.4c6.4 0 12.8-6.4 12.8-12.8V140.8c0-6.4-6.4-12.8-12.8-12.8h-22.4c-6.4 0-12.8 6.4-12.8 12.8v198.4c0 6.4 6.4 12.8 12.8 12.8zm96 0h22.4c6.4 0 12.8-6.4 12.8-12.8V204.8c0-6.4-6.4-12.8-12.8-12.8h-22.4c-6.4 0-12.8 6.4-12.8 12.8v134.4c0 6.4 6.4 12.8 12.8 12.8zM496 400H48V80c0-8.84-7.16-16-16-16H16C7.16 64 0 71.16 0 80v336c0 17.67 14.33 32 32 32h464c8.84 0 16-7.16 16-16v-16c0-8.84-7.16-16-16-16zm-387.2-48h22.4c6.4 0 12.8-6.4 12.8-12.8v-70.4c0-6.4-6.4-12.8-12.8-12.8h-22.4c-6.4 0-12.8 6.4-12.8 12.8v70.4c0 6.4 6.4 12.8 12.8 12.8z\" class=\"\"><\/path><\/svg><\/i> <img loading=\"lazy\" decoding=\"async\" width=\"16\" height=\"16\" alt=\"Loading\" src=\"https:\/\/temucotelevision.cl\/web\/wp-content\/plugins\/page-views-count\/ajax-loader-2x.gif\" border=0 \/><\/p>\n<div class=\"pvc_clear\"><\/div>\n<p>El parlamentario se\u00f1al\u00f3 que este sistema de equipos se debe potenciar considerando que tras el apag\u00f3n que afect\u00f3 al pa\u00eds<\/p>\n","protected":false},"author":1,"featured_media":1093,"comment_status":"open","ping_status":"open","sticky":false,"template":"","format":"standard","meta":{"colormag_page_container_layout":"default_layout","colormag_page_sidebar_layout":"default_layout","footnotes":""},"categories":[84],"tags":[606],"class_list":["post-55276","post","type-post","status-publish","format-standard","has-post-thumbnail","hentry","category-politica","tag-luz"],"a3_pvc":{"activated":true,"total_views":3278,"today_views":0},"_links":{"self":[{"href":"https:\/\/temucotelevision.cl\/web\/wp-json\/wp\/v2\/posts\/55276","targetHints":{"allow":["GET"]}}],"collection":[{"href":"https:\/\/temucotelevision.cl\/web\/wp-json\/wp\/v2\/posts"}],"about":[{"href":"https:\/\/temucotelevision.cl\/web\/wp-json\/wp\/v2\/types\/post"}],"author":[{"embeddable":true,"href":"https:\/\/temucotelevision.cl\/web\/wp-json\/wp\/v2\/users\/1"}],"replies":[{"embeddable":true,"href":"https:\/\/temucotelevision.cl\/web\/wp-json\/wp\/v2\/comments?post=55276"}],"version-history":[{"count":1,"href":"https:\/\/temucotelevision.cl\/web\/wp-json\/wp\/v2\/posts\/55276\/revisions"}],"predecessor-version":[{"id":55277,"href":"https:\/\/temucotelevision.cl\/web\/wp-json\/wp\/v2\/posts\/55276\/revisions\/55277"}],"wp:featuredmedia":[{"embeddable":true,"href":"https:\/\/temucotelevision.cl\/web\/wp-json\/wp\/v2\/media\/1093"}],"wp:attachment":[{"href":"https:\/\/temucotelevision.cl\/web\/wp-json\/wp\/v2\/media?parent=55276"}],"wp:term":[{"taxonomy":"category","embeddable":true,"href":"https:\/\/temucotelevision.cl\/web\/wp-json\/wp\/v2\/categories?post=55276"},{"taxonomy":"post_tag","embeddable":true,"href":"https:\/\/temucotelevision.cl\/web\/wp-json\/wp\/v2\/tags?post=55276"}],"curies":[{"name":"wp","href":"https:\/\/api.w.org\/{rel}","templated":true}]}}