{"id":55270,"date":"2025-02-26T12:36:14","date_gmt":"2025-02-26T15:36:14","guid":{"rendered":"https:\/\/temucotelevision.cl\/web\/?p=55270"},"modified":"2025-02-26T13:00:20","modified_gmt":"2025-02-26T16:00:20","slug":"pintura-in-situ-aficionados-y-artistas-dieron-vida-al-arte-en-la-plaza-anibal-pinto","status":"publish","type":"post","link":"https:\/\/temucotelevision.cl\/web\/2025\/02\/26\/pintura-in-situ-aficionados-y-artistas-dieron-vida-al-arte-en-la-plaza-anibal-pinto\/","title":{"rendered":"Pintura In Situ: Aficionados y artistas dieron vida al arte en la plaza An\u00edbal Pinto"},"content":{"rendered":"<div class=\"pvc_clear\"><\/div><p id=\"pvc_stats_55270\" class=\"pvc_stats total_only  \" data-element-id=\"55270\" style=\"\"><i class=\"pvc-stats-icon large\" aria-hidden=\"true\"><svg aria-hidden=\"true\" focusable=\"false\" data-prefix=\"far\" data-icon=\"chart-bar\" role=\"img\" xmlns=\"http:\/\/www.w3.org\/2000\/svg\" viewBox=\"0 0 512 512\" class=\"svg-inline--fa fa-chart-bar fa-w-16 fa-2x\"><path fill=\"currentColor\" d=\"M396.8 352h22.4c6.4 0 12.8-6.4 12.8-12.8V108.8c0-6.4-6.4-12.8-12.8-12.8h-22.4c-6.4 0-12.8 6.4-12.8 12.8v230.4c0 6.4 6.4 12.8 12.8 12.8zm-192 0h22.4c6.4 0 12.8-6.4 12.8-12.8V140.8c0-6.4-6.4-12.8-12.8-12.8h-22.4c-6.4 0-12.8 6.4-12.8 12.8v198.4c0 6.4 6.4 12.8 12.8 12.8zm96 0h22.4c6.4 0 12.8-6.4 12.8-12.8V204.8c0-6.4-6.4-12.8-12.8-12.8h-22.4c-6.4 0-12.8 6.4-12.8 12.8v134.4c0 6.4 6.4 12.8 12.8 12.8zM496 400H48V80c0-8.84-7.16-16-16-16H16C7.16 64 0 71.16 0 80v336c0 17.67 14.33 32 32 32h464c8.84 0 16-7.16 16-16v-16c0-8.84-7.16-16-16-16zm-387.2-48h22.4c6.4 0 12.8-6.4 12.8-12.8v-70.4c0-6.4-6.4-12.8-12.8-12.8h-22.4c-6.4 0-12.8 6.4-12.8 12.8v70.4c0 6.4 6.4 12.8 12.8 12.8z\" class=\"\"><\/path><\/svg><\/i> <img loading=\"lazy\" decoding=\"async\" width=\"16\" height=\"16\" alt=\"Loading\" src=\"https:\/\/temucotelevision.cl\/web\/wp-content\/plugins\/page-views-count\/ajax-loader-2x.gif\" border=0 \/><\/p><div class=\"pvc_clear\"><\/div>\n<p><em>La comunidad disfrut\u00f3 de una jornada \u00fanica, donde pudo presenciar el proceso creativo de diversos artistas, interactuar con ellos y elegir su pintura favorita.<\/em><\/p>\n\n\n\n<p>La Plaza An\u00edbal Pinto se transform\u00f3 en un escenario art\u00edstico lleno de vida gracias a la iniciativa &#8220;Pintura In Situ&#8221;, donde 22 artistas plasmaron libremente su visi\u00f3n del espacio urbano en sus telas. Esta hermosa actividad, organizada por la Galer\u00eda Municipal de Arte en colaboraci\u00f3n con &#8220;La Casa del Arte&#8221;, form\u00f3 parte de las celebraciones del 144\u00ba aniversario de Temuco, invitando a la comunidad a ser testigo del proceso creativo en tiempo real y a participar activamente mediante una votaci\u00f3n popular.<\/p>\n\n\n\n<p>El alcalde de Temuco, Roberto Neira, resalt\u00f3 la importancia de esta iniciativa, destacando que su principal objetivo es fomentar la participaci\u00f3n ciudadana en actividades art\u00edsticas. &#8220;Por ello, hemos abierto una convocatoria dirigida tanto a artistas profesionales como aficionados, quienes han tenido la oportunidad de compartir su talento en un entorno al aire libre y en contacto directo con la comunidad&#8221;, afirm\u00f3.<\/p>\n\n\n\n<p>El evento permiti\u00f3 que los asistentes no solo apreciaran el talento local, sino que tambi\u00e9n eligieran las obras m\u00e1s destacadas. Como resultado, los tres primeros lugares fueron otorgados a Jorge Zapata Daskam, en primer lugar; Job Carrasco Contreras, en segundo; y Lorena Mu\u00f1oz Vargas, en tercer lugar.<\/p>\n\n\n\n<p>La actividad recibi\u00f3 una gran acogida por parte de los asistentes. Carlos Bravo, turista de Coquimbo, coment\u00f3 que, &#8220;me pareci\u00f3 una experiencia excelente, ya que, a pesar de venir de una ciudad con mucho turismo, nunca hab\u00eda visto algo similar.&#8221; Por su parte, Pablo Bravo, vecino de Pitrufqu\u00e9n, expres\u00f3 su asombro al presenciar este tipo de evento en una plaza p\u00fablica. &#8220;He recorrido muchas ciudades del pa\u00eds por mi trabajo y esta experiencia me pareci\u00f3 maravillosa porque acerca el arte a la gente com\u00fan y corriente. Felicidades a los organizadores.&#8221;<\/p>\n\n\n\n<p>Lorena Mu\u00f1oz, del sector Pedro de Valdivia tercera finalista, expres\u00f3 que, &#8220;fue una gran oportunidad para mostrar mi arte. La experiencia fue muy enriquecedora, ya que no esperaba ser una de las premiadas.&#8221; As\u00ed mismo, Job Carrasco, oriundo de Curarrehue y segundo lugar, destac\u00f3 que, &#8220;es muy importante que el p\u00fablico pueda presenciar el proceso creativo en vivo. Ojal\u00e1 se repitan m\u00e1s iniciativas como esta.&#8221;<\/p>\n\n\n\n<p>Finalmente, Jorge Zapata, el artista m\u00e1s votado, dijo sentirse sorprendido gratamente con la participaci\u00f3n de la comunidad. \u201cMe sorprendi\u00f3 gratamente la gran afluencia de p\u00fablico, la disposici\u00f3n y la organizaci\u00f3n de la actividad que fue excelente y eso hizo que el evento fuera a\u00fan mejor.&#8221;<\/p>\n\n\n\n<p>Durante la jornada, se habilit\u00f3 un punto de votaci\u00f3n en la plaza, permitiendo que los asistentes eligieran la pintura que m\u00e1s les atrajera. &#8220;Pintura In Situ&#8221; no solo llen\u00f3 la Plaza An\u00edbal Pinto de color y creatividad, sino que tambi\u00e9n fortaleci\u00f3 el v\u00ednculo entre la comunidad y el arte.<\/p>\n\n\n\n<figure class=\"wp-block-image size-large\"><img loading=\"lazy\" decoding=\"async\" width=\"1000\" height=\"666\" src=\"https:\/\/temucotelevision.cl\/web\/wp-content\/uploads\/2025\/02\/Pinturas2-1000x666.jpeg\" alt=\"\" class=\"wp-image-55273\" srcset=\"https:\/\/temucotelevision.cl\/web\/wp-content\/uploads\/2025\/02\/Pinturas2-1000x666.jpeg 1000w, https:\/\/temucotelevision.cl\/web\/wp-content\/uploads\/2025\/02\/Pinturas2-768x512.jpeg 768w, https:\/\/temucotelevision.cl\/web\/wp-content\/uploads\/2025\/02\/Pinturas2-1536x1023.jpeg 1536w, https:\/\/temucotelevision.cl\/web\/wp-content\/uploads\/2025\/02\/Pinturas2.jpeg 1600w\" sizes=\"auto, (max-width: 1000px) 100vw, 1000px\" \/><\/figure>\n","protected":false},"excerpt":{"rendered":"<div class=\"pvc_clear\"><\/div>\n<p id=\"pvc_stats_55270\" class=\"pvc_stats total_only  \" data-element-id=\"55270\" style=\"\"><i class=\"pvc-stats-icon large\" aria-hidden=\"true\"><svg aria-hidden=\"true\" focusable=\"false\" data-prefix=\"far\" data-icon=\"chart-bar\" role=\"img\" xmlns=\"http:\/\/www.w3.org\/2000\/svg\" viewBox=\"0 0 512 512\" class=\"svg-inline--fa fa-chart-bar fa-w-16 fa-2x\"><path fill=\"currentColor\" d=\"M396.8 352h22.4c6.4 0 12.8-6.4 12.8-12.8V108.8c0-6.4-6.4-12.8-12.8-12.8h-22.4c-6.4 0-12.8 6.4-12.8 12.8v230.4c0 6.4 6.4 12.8 12.8 12.8zm-192 0h22.4c6.4 0 12.8-6.4 12.8-12.8V140.8c0-6.4-6.4-12.8-12.8-12.8h-22.4c-6.4 0-12.8 6.4-12.8 12.8v198.4c0 6.4 6.4 12.8 12.8 12.8zm96 0h22.4c6.4 0 12.8-6.4 12.8-12.8V204.8c0-6.4-6.4-12.8-12.8-12.8h-22.4c-6.4 0-12.8 6.4-12.8 12.8v134.4c0 6.4 6.4 12.8 12.8 12.8zM496 400H48V80c0-8.84-7.16-16-16-16H16C7.16 64 0 71.16 0 80v336c0 17.67 14.33 32 32 32h464c8.84 0 16-7.16 16-16v-16c0-8.84-7.16-16-16-16zm-387.2-48h22.4c6.4 0 12.8-6.4 12.8-12.8v-70.4c0-6.4-6.4-12.8-12.8-12.8h-22.4c-6.4 0-12.8 6.4-12.8 12.8v70.4c0 6.4 6.4 12.8 12.8 12.8z\" class=\"\"><\/path><\/svg><\/i> <img loading=\"lazy\" decoding=\"async\" width=\"16\" height=\"16\" alt=\"Loading\" src=\"https:\/\/temucotelevision.cl\/web\/wp-content\/plugins\/page-views-count\/ajax-loader-2x.gif\" border=0 \/><\/p>\n<div class=\"pvc_clear\"><\/div>\n<p>La comunidad disfrut\u00f3 de una jornada \u00fanica, donde pudo presenciar el proceso creativo de diversos artistas, interactuar con ellos y<\/p>\n","protected":false},"author":1,"featured_media":55271,"comment_status":"open","ping_status":"open","sticky":false,"template":"","format":"standard","meta":{"colormag_page_container_layout":"default_layout","colormag_page_sidebar_layout":"default_layout","footnotes":""},"categories":[86],"tags":[5953],"class_list":["post-55270","post","type-post","status-publish","format-standard","has-post-thumbnail","hentry","category-panoramas","tag-pinturas"],"a3_pvc":{"activated":true,"total_views":2198,"today_views":0},"_links":{"self":[{"href":"https:\/\/temucotelevision.cl\/web\/wp-json\/wp\/v2\/posts\/55270","targetHints":{"allow":["GET"]}}],"collection":[{"href":"https:\/\/temucotelevision.cl\/web\/wp-json\/wp\/v2\/posts"}],"about":[{"href":"https:\/\/temucotelevision.cl\/web\/wp-json\/wp\/v2\/types\/post"}],"author":[{"embeddable":true,"href":"https:\/\/temucotelevision.cl\/web\/wp-json\/wp\/v2\/users\/1"}],"replies":[{"embeddable":true,"href":"https:\/\/temucotelevision.cl\/web\/wp-json\/wp\/v2\/comments?post=55270"}],"version-history":[{"count":2,"href":"https:\/\/temucotelevision.cl\/web\/wp-json\/wp\/v2\/posts\/55270\/revisions"}],"predecessor-version":[{"id":55275,"href":"https:\/\/temucotelevision.cl\/web\/wp-json\/wp\/v2\/posts\/55270\/revisions\/55275"}],"wp:featuredmedia":[{"embeddable":true,"href":"https:\/\/temucotelevision.cl\/web\/wp-json\/wp\/v2\/media\/55271"}],"wp:attachment":[{"href":"https:\/\/temucotelevision.cl\/web\/wp-json\/wp\/v2\/media?parent=55270"}],"wp:term":[{"taxonomy":"category","embeddable":true,"href":"https:\/\/temucotelevision.cl\/web\/wp-json\/wp\/v2\/categories?post=55270"},{"taxonomy":"post_tag","embeddable":true,"href":"https:\/\/temucotelevision.cl\/web\/wp-json\/wp\/v2\/tags?post=55270"}],"curies":[{"name":"wp","href":"https:\/\/api.w.org\/{rel}","templated":true}]}}