{"id":55267,"date":"2025-02-26T12:12:41","date_gmt":"2025-02-26T15:12:41","guid":{"rendered":"https:\/\/temucotelevision.cl\/web\/?p=55267"},"modified":"2025-02-26T12:12:42","modified_gmt":"2025-02-26T15:12:42","slug":"diputado-leal-exige-urgencia-al-mop-ante-posible-colapso-del-puente-quililche-alto-en-cunco","status":"publish","type":"post","link":"https:\/\/temucotelevision.cl\/web\/2025\/02\/26\/diputado-leal-exige-urgencia-al-mop-ante-posible-colapso-del-puente-quililche-alto-en-cunco\/","title":{"rendered":"Diputado Leal exige urgencia al MOP ante posible colapso del puente Quililche Alto en Cunco"},"content":{"rendered":"<div class=\"pvc_clear\"><\/div><p id=\"pvc_stats_55267\" class=\"pvc_stats total_only  \" data-element-id=\"55267\" style=\"\"><i class=\"pvc-stats-icon large\" aria-hidden=\"true\"><svg aria-hidden=\"true\" focusable=\"false\" data-prefix=\"far\" data-icon=\"chart-bar\" role=\"img\" xmlns=\"http:\/\/www.w3.org\/2000\/svg\" viewBox=\"0 0 512 512\" class=\"svg-inline--fa fa-chart-bar fa-w-16 fa-2x\"><path fill=\"currentColor\" d=\"M396.8 352h22.4c6.4 0 12.8-6.4 12.8-12.8V108.8c0-6.4-6.4-12.8-12.8-12.8h-22.4c-6.4 0-12.8 6.4-12.8 12.8v230.4c0 6.4 6.4 12.8 12.8 12.8zm-192 0h22.4c6.4 0 12.8-6.4 12.8-12.8V140.8c0-6.4-6.4-12.8-12.8-12.8h-22.4c-6.4 0-12.8 6.4-12.8 12.8v198.4c0 6.4 6.4 12.8 12.8 12.8zm96 0h22.4c6.4 0 12.8-6.4 12.8-12.8V204.8c0-6.4-6.4-12.8-12.8-12.8h-22.4c-6.4 0-12.8 6.4-12.8 12.8v134.4c0 6.4 6.4 12.8 12.8 12.8zM496 400H48V80c0-8.84-7.16-16-16-16H16C7.16 64 0 71.16 0 80v336c0 17.67 14.33 32 32 32h464c8.84 0 16-7.16 16-16v-16c0-8.84-7.16-16-16-16zm-387.2-48h22.4c6.4 0 12.8-6.4 12.8-12.8v-70.4c0-6.4-6.4-12.8-12.8-12.8h-22.4c-6.4 0-12.8 6.4-12.8 12.8v70.4c0 6.4 6.4 12.8 12.8 12.8z\" class=\"\"><\/path><\/svg><\/i> <img loading=\"lazy\" decoding=\"async\" width=\"16\" height=\"16\" alt=\"Loading\" src=\"https:\/\/temucotelevision.cl\/web\/wp-content\/plugins\/page-views-count\/ajax-loader-2x.gif\" border=0 \/><\/p><div class=\"pvc_clear\"><\/div>\n<p><em>El representante por La Araucan\u00eda hace un llamado p\u00fablico a las autoridades del Ministerio de Obras P\u00fablicas de la regi\u00f3n para que prioricen la reparaci\u00f3n de la estructura emplazada en el sector de r\u00edo Blanco, entre la comuna de Cunco y Puc\u00f3n, viaducto que posee un deterioro evidente y que, adem\u00e1s, presenta un peligro de colapso inminente, poniendo en riesgo la vida de los vecinos y la de los turistas que transitan por el sector.<\/em><\/p>\n\n\n\n<p>Hace aproximadamente seis a\u00f1os que la junta de vecinos R\u00edo Blanco, de la comuna de Cunco, busca una soluci\u00f3n para mejorar la conectividad en el sector, lugar emplazado en la tur\u00edstica ruta que une Cunco con R\u00edo Blanco Reigolil, entre lago Colico y Lago Caburga. Y esto se debe al p\u00e9simo estado del puente Quililche alto, estructura que actualmente presenta un deterioro evidente, desgaste evidenciado por sus barandas ca\u00eddas y tablones quebrados, pudiendo colapsar en cualquier momento.&nbsp;<\/p>\n\n\n\n<p>El diputado Henry Leal, en su calidad fiscalizadora y tras recibir la denuncia de los vecinos del sector, hace un llamado p\u00fablico a las autoridades del ministerio de Obras p\u00fablicas de La Araucan\u00eda y emplaza al titular de la cartera para que vaya a terreno y priorice la reparaci\u00f3n de este viaducto, el cual representa un peligro inminente para la comunidad.&nbsp;<\/p>\n\n\n\n<p>Al respecto, el diputado Leal, dijo que,&nbsp;<em>\u201cquiero hacer un llamado p\u00fablico a las autoridades del Ministerio de Obras p\u00fablicas de La Araucan\u00eda, ya que he recibido una denuncia de vecinos del sector de R\u00edo Blanco de la ruta que une Cunco hacia Reigolil, donde el puente Quililche se encuentra en p\u00e9simas condiciones. Hay un peligro de colapso inminente y de que ocurra un accidente, por lo que no se puede seguir transitando por ah\u00ed, porque se pone en riesgo las vidas humanas, por eso, hago un llamado urgente a que se hagan cargo y den una respuesta, porque llevan m\u00e1s de 3 a\u00f1os esperando una soluci\u00f3n, no se puede seguir pasando por ese puente de la ruta r\u00edo blanco hacia Cunco\u201d<\/em><\/p>\n\n\n\n<p>Por su parte, Karina Albornoz, presidenta de la Junta de Vecinos de R\u00edo Blanco, se\u00f1al\u00f3 que, \u201c<em>hace mucho tiempo que estamos siendo afectados duramente por el mal estado del camino emplazado en laruta que une Cunco con r\u00edo Blanco Reigolil, Lago Colico orillando el lago Colico, orillando en lago Caburga y llegando al cruce de la comuna de Cunco y Curarrehue. Tenemos un puente que se encuentra en malas condiciones, hace m\u00e1s o menos 6 a\u00f1os desde que yo soy dirigenta, y yo he pedido ayuda, muchas veces he hablado con la global, he pedido ayuda a las autoridades de Gobierno, a vialidad, pero no hemos tenido ninguna soluci\u00f3n. En este momento, el puente tiene las barandas ca\u00eddas, todos los tablones quebrados, hoyos, clavos salidos hacia arriba, y no solo eso, el camino est\u00e1 en muy malas condiciones, el camino ya no tiene ripio, adem\u00e1s de eso, tenemos una global, que es la global trancura, que no hace su trabajo, no tira ripio y en los lugares tenemos unos hoyos horribles donde los autitos chicos no pueden subir\u201d.<\/em><\/p>\n\n\n\n<p>Albornoz, adem\u00e1s, se\u00f1al\u00f3 que, como junta de vecinos est\u00e1n trabajando en el \u00e1rea del turismo, pero las p\u00e9simas condiciones de conectividad en el lugar perjudican el desarrollo de los emprendedores y sus iniciativas,&nbsp;<em>\u201cestamos trabajando en turismo, pero en estas condiciones nuestra gente que llega ac\u00e1 a las termas, a los lugares de turismo, llegan todos muy de mal humor por razones obvias, y esto afecta y perjudica much\u00edsimo el emprendimiento y el desarrollo econ\u00f3mico del sector, entonces yo hago un llamado a las autoridades y a su vez, agradezco a las personas que nos est\u00e1n apoyando en este momento, porque la verdad la necesidad es muy grande\u201d.&nbsp;<\/em><\/p>\n","protected":false},"excerpt":{"rendered":"<div class=\"pvc_clear\"><\/div>\n<p id=\"pvc_stats_55267\" class=\"pvc_stats total_only  \" data-element-id=\"55267\" style=\"\"><i class=\"pvc-stats-icon large\" aria-hidden=\"true\"><svg aria-hidden=\"true\" focusable=\"false\" data-prefix=\"far\" data-icon=\"chart-bar\" role=\"img\" xmlns=\"http:\/\/www.w3.org\/2000\/svg\" viewBox=\"0 0 512 512\" class=\"svg-inline--fa fa-chart-bar fa-w-16 fa-2x\"><path fill=\"currentColor\" d=\"M396.8 352h22.4c6.4 0 12.8-6.4 12.8-12.8V108.8c0-6.4-6.4-12.8-12.8-12.8h-22.4c-6.4 0-12.8 6.4-12.8 12.8v230.4c0 6.4 6.4 12.8 12.8 12.8zm-192 0h22.4c6.4 0 12.8-6.4 12.8-12.8V140.8c0-6.4-6.4-12.8-12.8-12.8h-22.4c-6.4 0-12.8 6.4-12.8 12.8v198.4c0 6.4 6.4 12.8 12.8 12.8zm96 0h22.4c6.4 0 12.8-6.4 12.8-12.8V204.8c0-6.4-6.4-12.8-12.8-12.8h-22.4c-6.4 0-12.8 6.4-12.8 12.8v134.4c0 6.4 6.4 12.8 12.8 12.8zM496 400H48V80c0-8.84-7.16-16-16-16H16C7.16 64 0 71.16 0 80v336c0 17.67 14.33 32 32 32h464c8.84 0 16-7.16 16-16v-16c0-8.84-7.16-16-16-16zm-387.2-48h22.4c6.4 0 12.8-6.4 12.8-12.8v-70.4c0-6.4-6.4-12.8-12.8-12.8h-22.4c-6.4 0-12.8 6.4-12.8 12.8v70.4c0 6.4 6.4 12.8 12.8 12.8z\" class=\"\"><\/path><\/svg><\/i> <img loading=\"lazy\" decoding=\"async\" width=\"16\" height=\"16\" alt=\"Loading\" src=\"https:\/\/temucotelevision.cl\/web\/wp-content\/plugins\/page-views-count\/ajax-loader-2x.gif\" border=0 \/><\/p>\n<div class=\"pvc_clear\"><\/div>\n<p>El representante por La Araucan\u00eda hace un llamado p\u00fablico a las autoridades del Ministerio de Obras P\u00fablicas de la regi\u00f3n<\/p>\n","protected":false},"author":1,"featured_media":55268,"comment_status":"open","ping_status":"open","sticky":false,"template":"","format":"standard","meta":{"colormag_page_container_layout":"default_layout","colormag_page_sidebar_layout":"default_layout","footnotes":""},"categories":[84,14],"tags":[1316],"class_list":["post-55267","post","type-post","status-publish","format-standard","has-post-thumbnail","hentry","category-politica","category-temuco","tag-puente"],"a3_pvc":{"activated":true,"total_views":1806,"today_views":0},"_links":{"self":[{"href":"https:\/\/temucotelevision.cl\/web\/wp-json\/wp\/v2\/posts\/55267","targetHints":{"allow":["GET"]}}],"collection":[{"href":"https:\/\/temucotelevision.cl\/web\/wp-json\/wp\/v2\/posts"}],"about":[{"href":"https:\/\/temucotelevision.cl\/web\/wp-json\/wp\/v2\/types\/post"}],"author":[{"embeddable":true,"href":"https:\/\/temucotelevision.cl\/web\/wp-json\/wp\/v2\/users\/1"}],"replies":[{"embeddable":true,"href":"https:\/\/temucotelevision.cl\/web\/wp-json\/wp\/v2\/comments?post=55267"}],"version-history":[{"count":1,"href":"https:\/\/temucotelevision.cl\/web\/wp-json\/wp\/v2\/posts\/55267\/revisions"}],"predecessor-version":[{"id":55269,"href":"https:\/\/temucotelevision.cl\/web\/wp-json\/wp\/v2\/posts\/55267\/revisions\/55269"}],"wp:featuredmedia":[{"embeddable":true,"href":"https:\/\/temucotelevision.cl\/web\/wp-json\/wp\/v2\/media\/55268"}],"wp:attachment":[{"href":"https:\/\/temucotelevision.cl\/web\/wp-json\/wp\/v2\/media?parent=55267"}],"wp:term":[{"taxonomy":"category","embeddable":true,"href":"https:\/\/temucotelevision.cl\/web\/wp-json\/wp\/v2\/categories?post=55267"},{"taxonomy":"post_tag","embeddable":true,"href":"https:\/\/temucotelevision.cl\/web\/wp-json\/wp\/v2\/tags?post=55267"}],"curies":[{"name":"wp","href":"https:\/\/api.w.org\/{rel}","templated":true}]}}