{"id":55264,"date":"2025-02-26T12:10:16","date_gmt":"2025-02-26T15:10:16","guid":{"rendered":"https:\/\/temucotelevision.cl\/web\/?p=55264"},"modified":"2025-02-26T12:10:18","modified_gmt":"2025-02-26T15:10:18","slug":"invitan-a-artistas-escenicos-a-participar-de-seminario-de-movimiento-en-espacio-txawun","status":"publish","type":"post","link":"https:\/\/temucotelevision.cl\/web\/2025\/02\/26\/invitan-a-artistas-escenicos-a-participar-de-seminario-de-movimiento-en-espacio-txawun\/","title":{"rendered":"Invitan a artistas esc\u00e9nicos a participar de seminario de movimiento en Espacio Txaw\u00fcn"},"content":{"rendered":"<div class=\"pvc_clear\"><\/div><p id=\"pvc_stats_55264\" class=\"pvc_stats total_only  \" data-element-id=\"55264\" style=\"\"><i class=\"pvc-stats-icon large\" aria-hidden=\"true\"><svg aria-hidden=\"true\" focusable=\"false\" data-prefix=\"far\" data-icon=\"chart-bar\" role=\"img\" xmlns=\"http:\/\/www.w3.org\/2000\/svg\" viewBox=\"0 0 512 512\" class=\"svg-inline--fa fa-chart-bar fa-w-16 fa-2x\"><path fill=\"currentColor\" d=\"M396.8 352h22.4c6.4 0 12.8-6.4 12.8-12.8V108.8c0-6.4-6.4-12.8-12.8-12.8h-22.4c-6.4 0-12.8 6.4-12.8 12.8v230.4c0 6.4 6.4 12.8 12.8 12.8zm-192 0h22.4c6.4 0 12.8-6.4 12.8-12.8V140.8c0-6.4-6.4-12.8-12.8-12.8h-22.4c-6.4 0-12.8 6.4-12.8 12.8v198.4c0 6.4 6.4 12.8 12.8 12.8zm96 0h22.4c6.4 0 12.8-6.4 12.8-12.8V204.8c0-6.4-6.4-12.8-12.8-12.8h-22.4c-6.4 0-12.8 6.4-12.8 12.8v134.4c0 6.4 6.4 12.8 12.8 12.8zM496 400H48V80c0-8.84-7.16-16-16-16H16C7.16 64 0 71.16 0 80v336c0 17.67 14.33 32 32 32h464c8.84 0 16-7.16 16-16v-16c0-8.84-7.16-16-16-16zm-387.2-48h22.4c6.4 0 12.8-6.4 12.8-12.8v-70.4c0-6.4-6.4-12.8-12.8-12.8h-22.4c-6.4 0-12.8 6.4-12.8 12.8v70.4c0 6.4 6.4 12.8 12.8 12.8z\" class=\"\"><\/path><\/svg><\/i> <img loading=\"lazy\" decoding=\"async\" width=\"16\" height=\"16\" alt=\"Loading\" src=\"https:\/\/temucotelevision.cl\/web\/wp-content\/plugins\/page-views-count\/ajax-loader-2x.gif\" border=0 \/><\/p><div class=\"pvc_clear\"><\/div>\n<p>El bailar\u00edn, core\u00f3grafo y docente Alejandro C\u00e1ceres, llega a La Araucan\u00eda este viernes 7 y s\u00e1bado 8 de marzo para una jornada formativa que promete aportar herramientas pr\u00e1cticas en torno a&nbsp; exploraci\u00f3n de vocabulario f\u00edsico, gestual, danzado y la improvisaci\u00f3n. Las inscripciones se encuentran abiertas en&nbsp;<a href=\"http:\/\/www.entransito.cl\/\" target=\"_blank\" rel=\"noreferrer noopener\">www.entransito.cl<\/a>&nbsp;y en las redes sociales @arteyculturaentransito y @espaciotxawun<\/p>\n\n\n\n<p><strong>CULTURA.-&nbsp;<\/strong>Buscando aportar en la profesionalizaci\u00f3n de las artes esc\u00e9nicas en La Araucan\u00eda, Organizaci\u00f3n cultural&nbsp; En tr\u00e1nsito y d\u00fao art\u00edstico M\u00e1ntica &amp; co han generado una alianza para dar vida al Seminario de Movimiento: Conexiones, escucha y contacto. La instancia est\u00e1 dirigida a artistas esc\u00e9nicos y personas interesadas en la pr\u00e1ctica corporal, mayores de 18 a\u00f1os, y ser\u00e1&nbsp; impartido por el bailar\u00edn, core\u00f3grafo y docente, Alejandro C\u00e1ceres, el viernes 7 y s\u00e1bado 8 de marzo de 2025 en el Espacio de Creaci\u00f3n art\u00edstica Txaw\u00fcn, ubicado en el km 13,5 camino a Niagara, Padre Las Casas, regi\u00f3n de La Araucan\u00eda.<\/p>\n\n\n\n<p>\u201cLa vinculaci\u00f3n con artistas, compa\u00f1\u00edas y otras organizaciones culturales nos parece fundamental, buscamos ser un aporte concreto en el crecimiento del ecosistema creativo de la regi\u00f3n\u201d, se\u00f1ala Jaime Silva, director de Organizaci\u00f3n cultural En tr\u00e1nsito.&nbsp;<\/p>\n\n\n\n<p>El seminario combina elementos de entrenamiento l\u00fadico colectivo, exploraci\u00f3n de vocabulario f\u00edsico gestual y danzado, y elementos del Contacto Improvisaci\u00f3n para profundizar en la comunicaci\u00f3n entre los cuerpos, el lenguaje en d\u00fao y habilidades de intercambio corporal creativo, incluyendo acrobacias sencillas. Se incluyen momentos de ejercitaci\u00f3n que&nbsp;permitan percibir la posici\u00f3n y el movimiento de las partes de nuestro cuerpo&nbsp;propiciando conexiones f\u00edsicas-energ\u00e9ticas alternadas con ejercicios de relaci\u00f3n-negociaci\u00f3n entre los participantes, la energ\u00eda y el ritmo grupal, con la gravedad, la intenci\u00f3n, los impulsos, el tono, el centro y la improvisaci\u00f3n. Incluye momentos de informaci\u00f3n conceptual e intercambio verbal para ampliar la comprensi\u00f3n y reflexi\u00f3n de la experiencia.<\/p>\n\n\n\n<p><strong>BIO<\/strong><\/p>\n\n\n\n<p>El seminario de movimiento ser\u00e1 guiado por el bailar\u00edn, core\u00f3grafo y docente, Alejandro C\u00e1ceres. Licenciado en Arte, su formaci\u00f3n incluye tambi\u00e9n teatro, danza, aikido y m\u00fasica. Ha desarrollado su trabajo a trav\u00e9s de la colaboraci\u00f3n con otros artistas y core\u00f3grafas\/os, creando diversas obras con las que ha participado en festivales de Danza y Artes Esc\u00e9nicas en Chile, Brasil, Uruguay, M\u00e9xico, Espa\u00f1a y EE.UU.<\/p>\n\n\n\n<p>Ha trabajado desde el a\u00f1o 2000 a la fecha en escuelas universitarias de teatro y danza, y paralelamente, en proyectos independientes de formaci\u00f3n y creaci\u00f3n. Asimismo, ha realizado talleres y c\u00e1tedras universitarias dedicadas al Contacto Improvisaci\u00f3n y ha participado como practicante y docente en festivales y Jams de C.I. en Chile, Uruguay, Brasil, EE.UU. y Alemania.<\/p>\n\n\n\n<p>Las inscripciones se encuentran abiertas en&nbsp;<a href=\"http:\/\/www.entransito.cl\/\" target=\"_blank\" rel=\"noreferrer noopener\">www.entransito.cl<\/a>&nbsp;y en las redes sociales @arteyculturaentransito y @espaciotxawun, el valor del seminario es de 25 mil pesos, incluye el traslado en bus de acercamiento desde Temuco, hasta espacio Txaw\u00fcn para ambos d\u00edas.<\/p>\n","protected":false},"excerpt":{"rendered":"<div class=\"pvc_clear\"><\/div>\n<p id=\"pvc_stats_55264\" class=\"pvc_stats total_only  \" data-element-id=\"55264\" style=\"\"><i class=\"pvc-stats-icon large\" aria-hidden=\"true\"><svg aria-hidden=\"true\" focusable=\"false\" data-prefix=\"far\" data-icon=\"chart-bar\" role=\"img\" xmlns=\"http:\/\/www.w3.org\/2000\/svg\" viewBox=\"0 0 512 512\" class=\"svg-inline--fa fa-chart-bar fa-w-16 fa-2x\"><path fill=\"currentColor\" d=\"M396.8 352h22.4c6.4 0 12.8-6.4 12.8-12.8V108.8c0-6.4-6.4-12.8-12.8-12.8h-22.4c-6.4 0-12.8 6.4-12.8 12.8v230.4c0 6.4 6.4 12.8 12.8 12.8zm-192 0h22.4c6.4 0 12.8-6.4 12.8-12.8V140.8c0-6.4-6.4-12.8-12.8-12.8h-22.4c-6.4 0-12.8 6.4-12.8 12.8v198.4c0 6.4 6.4 12.8 12.8 12.8zm96 0h22.4c6.4 0 12.8-6.4 12.8-12.8V204.8c0-6.4-6.4-12.8-12.8-12.8h-22.4c-6.4 0-12.8 6.4-12.8 12.8v134.4c0 6.4 6.4 12.8 12.8 12.8zM496 400H48V80c0-8.84-7.16-16-16-16H16C7.16 64 0 71.16 0 80v336c0 17.67 14.33 32 32 32h464c8.84 0 16-7.16 16-16v-16c0-8.84-7.16-16-16-16zm-387.2-48h22.4c6.4 0 12.8-6.4 12.8-12.8v-70.4c0-6.4-6.4-12.8-12.8-12.8h-22.4c-6.4 0-12.8 6.4-12.8 12.8v70.4c0 6.4 6.4 12.8 12.8 12.8z\" class=\"\"><\/path><\/svg><\/i> <img loading=\"lazy\" decoding=\"async\" width=\"16\" height=\"16\" alt=\"Loading\" src=\"https:\/\/temucotelevision.cl\/web\/wp-content\/plugins\/page-views-count\/ajax-loader-2x.gif\" border=0 \/><\/p>\n<div class=\"pvc_clear\"><\/div>\n<p>El bailar\u00edn, core\u00f3grafo y docente Alejandro C\u00e1ceres, llega a La Araucan\u00eda este viernes 7 y s\u00e1bado 8 de marzo para<\/p>\n","protected":false},"author":1,"featured_media":55265,"comment_status":"open","ping_status":"open","sticky":false,"template":"","format":"standard","meta":{"colormag_page_container_layout":"default_layout","colormag_page_sidebar_layout":"default_layout","footnotes":""},"categories":[86],"tags":[332],"class_list":["post-55264","post","type-post","status-publish","format-standard","has-post-thumbnail","hentry","category-panoramas","tag-artistas"],"a3_pvc":{"activated":true,"total_views":1022,"today_views":0},"_links":{"self":[{"href":"https:\/\/temucotelevision.cl\/web\/wp-json\/wp\/v2\/posts\/55264","targetHints":{"allow":["GET"]}}],"collection":[{"href":"https:\/\/temucotelevision.cl\/web\/wp-json\/wp\/v2\/posts"}],"about":[{"href":"https:\/\/temucotelevision.cl\/web\/wp-json\/wp\/v2\/types\/post"}],"author":[{"embeddable":true,"href":"https:\/\/temucotelevision.cl\/web\/wp-json\/wp\/v2\/users\/1"}],"replies":[{"embeddable":true,"href":"https:\/\/temucotelevision.cl\/web\/wp-json\/wp\/v2\/comments?post=55264"}],"version-history":[{"count":1,"href":"https:\/\/temucotelevision.cl\/web\/wp-json\/wp\/v2\/posts\/55264\/revisions"}],"predecessor-version":[{"id":55266,"href":"https:\/\/temucotelevision.cl\/web\/wp-json\/wp\/v2\/posts\/55264\/revisions\/55266"}],"wp:featuredmedia":[{"embeddable":true,"href":"https:\/\/temucotelevision.cl\/web\/wp-json\/wp\/v2\/media\/55265"}],"wp:attachment":[{"href":"https:\/\/temucotelevision.cl\/web\/wp-json\/wp\/v2\/media?parent=55264"}],"wp:term":[{"taxonomy":"category","embeddable":true,"href":"https:\/\/temucotelevision.cl\/web\/wp-json\/wp\/v2\/categories?post=55264"},{"taxonomy":"post_tag","embeddable":true,"href":"https:\/\/temucotelevision.cl\/web\/wp-json\/wp\/v2\/tags?post=55264"}],"curies":[{"name":"wp","href":"https:\/\/api.w.org\/{rel}","templated":true}]}}