{"id":55262,"date":"2025-02-26T12:02:22","date_gmt":"2025-02-26T15:02:22","guid":{"rendered":"https:\/\/temucotelevision.cl\/web\/?p=55262"},"modified":"2025-02-26T12:02:23","modified_gmt":"2025-02-26T15:02:23","slug":"camara-chilena-de-la-construccion-respalda-nueva-licitacion-para-continuar-con-las-obras-del-mercado-municipal-de-temuco","status":"publish","type":"post","link":"https:\/\/temucotelevision.cl\/web\/2025\/02\/26\/camara-chilena-de-la-construccion-respalda-nueva-licitacion-para-continuar-con-las-obras-del-mercado-municipal-de-temuco\/","title":{"rendered":"C\u00e1mara Chilena de la Construcci\u00f3n respalda nueva licitaci\u00f3n para continuar con las obras del Mercado Municipal de Temuco"},"content":{"rendered":"<div class=\"pvc_clear\"><\/div><p id=\"pvc_stats_55262\" class=\"pvc_stats total_only  \" data-element-id=\"55262\" style=\"\"><i class=\"pvc-stats-icon large\" aria-hidden=\"true\"><svg aria-hidden=\"true\" focusable=\"false\" data-prefix=\"far\" data-icon=\"chart-bar\" role=\"img\" xmlns=\"http:\/\/www.w3.org\/2000\/svg\" viewBox=\"0 0 512 512\" class=\"svg-inline--fa fa-chart-bar fa-w-16 fa-2x\"><path fill=\"currentColor\" d=\"M396.8 352h22.4c6.4 0 12.8-6.4 12.8-12.8V108.8c0-6.4-6.4-12.8-12.8-12.8h-22.4c-6.4 0-12.8 6.4-12.8 12.8v230.4c0 6.4 6.4 12.8 12.8 12.8zm-192 0h22.4c6.4 0 12.8-6.4 12.8-12.8V140.8c0-6.4-6.4-12.8-12.8-12.8h-22.4c-6.4 0-12.8 6.4-12.8 12.8v198.4c0 6.4 6.4 12.8 12.8 12.8zm96 0h22.4c6.4 0 12.8-6.4 12.8-12.8V204.8c0-6.4-6.4-12.8-12.8-12.8h-22.4c-6.4 0-12.8 6.4-12.8 12.8v134.4c0 6.4 6.4 12.8 12.8 12.8zM496 400H48V80c0-8.84-7.16-16-16-16H16C7.16 64 0 71.16 0 80v336c0 17.67 14.33 32 32 32h464c8.84 0 16-7.16 16-16v-16c0-8.84-7.16-16-16-16zm-387.2-48h22.4c6.4 0 12.8-6.4 12.8-12.8v-70.4c0-6.4-6.4-12.8-12.8-12.8h-22.4c-6.4 0-12.8 6.4-12.8 12.8v70.4c0 6.4 6.4 12.8 12.8 12.8z\" class=\"\"><\/path><\/svg><\/i> <img loading=\"lazy\" decoding=\"async\" width=\"16\" height=\"16\" alt=\"Loading\" src=\"https:\/\/temucotelevision.cl\/web\/wp-content\/plugins\/page-views-count\/ajax-loader-2x.gif\" border=0 \/><\/p><div class=\"pvc_clear\"><\/div>\n<p><em><strong>El gremio valor\u00f3 el esfuerzo del municipio y destac\u00f3 que esta vez el proceso cuenta con garant\u00edas t\u00e9cnicas y financieras para su concreci\u00f3n. Se espera adjudicar la obra en los pr\u00f3ximos meses.<\/strong><\/em><\/p>\n\n\n\n<p>El Mercado Municipal de Temuco, devastado por un incendio en 2016, da un paso clave hacia su reconstrucci\u00f3n definitiva. Con una nueva licitaci\u00f3n en marcha y el respaldo de la C\u00e1mara Chilena de la Construcci\u00f3n (CChC), el municipio busca garantizar que esta vez el proyecto se lleve a cabo sin contratiempos y de forma seria.<\/p>\n\n\n\n<p>Este nuevo proceso licitatorio, busca dar continuidad a las obras y reforzar los trabajos en el edificio. La licitaci\u00f3n, publicada durante la tarde de este lunes 24 de febrero en el portal Mercado P\u00fablico, estar\u00e1 vigente por 90 d\u00edas, con el objetivo de contar en junio con una oferta en condiciones de ser aceptada.<\/p>\n\n\n\n<p>Una vez adjudicable, el proyecto ser\u00e1 presentado ante el Ministerio de Desarrollo Social y Familia para su reevaluaci\u00f3n, considerando los valores actualizados de la obra, monto que se estima en 25 mil millones de pesos.<\/p>\n\n\n\n<p>Tras la revisi\u00f3n, se espera obtener una recomendaci\u00f3n favorable, llamado \u201cRS\u201d, para avanzar con la ejecuci\u00f3n. Una vez logrado este importante paso, se gestionar\u00e1n las fuentes de financiamiento necesarias para suplementar los fondos faltantes y concretar la adjudicaci\u00f3n de la obra.<\/p>\n\n\n\n<p>El alcalde Roberto Neira destac\u00f3 la relevancia de este proceso: &#8220;Las bases ya est\u00e1n en el mercado p\u00fablico y ahora comienza la etapa en que las empresas pueden postular. Queremos atraer a las mejores constructoras para asegurar que la obra se termine dentro del plazo establecido&#8221;.<\/p>\n\n\n\n<p>Desde la Secretar\u00eda Comunal de Planificaci\u00f3n (Secpla), su director, Ricardo Toro, detall\u00f3 que la estrategia contempla dos fases: &#8220;Primero, la entrega de los locales comerciales en 2027 y, luego, la finalizaci\u00f3n total del mercado en 2028. Todo esto depender\u00e1 de la obtenci\u00f3n de los recursos necesarios a nivel central&#8221;.<\/p>\n\n\n\n<p>Sin embargo, para el espaldarazo m\u00e1s relevante provino de la C\u00e1mara Chilena de la Construcci\u00f3n de La Araucan\u00eda, cuyo presidente, Lorenzo Dubois, valor\u00f3 la seriedad del proceso: &#8220;Este proyecto es clave no solo por la inversi\u00f3n que significa, sino por su impacto en el patrimonio y la econom\u00eda local. Desde nuestro gremio apoyaremos su difusi\u00f3n para asegurar que postulen empresas capacitadas y comprometidas con su ejecuci\u00f3n&#8221;.<\/p>\n\n\n\n<p>Con este ambicioso proyecto, Temuco no solo espera recuperar de manera seria y responsable un patrimonio hist\u00f3rico, sino que tambi\u00e9n busca fortalecer el desarrollo econ\u00f3mico y social de la ciudad. Las autoridades y actores involucrados manifestaron abiertamente su compromiso de llevar a cabo la reconstrucci\u00f3n con transparencia y eficiencia, asegurando que cada etapa del proceso se ejecute en beneficio de toda la comuna<em><strong>.<\/strong><\/em><\/p>\n","protected":false},"excerpt":{"rendered":"<div class=\"pvc_clear\"><\/div>\n<p id=\"pvc_stats_55262\" class=\"pvc_stats total_only  \" data-element-id=\"55262\" style=\"\"><i class=\"pvc-stats-icon large\" aria-hidden=\"true\"><svg aria-hidden=\"true\" focusable=\"false\" data-prefix=\"far\" data-icon=\"chart-bar\" role=\"img\" xmlns=\"http:\/\/www.w3.org\/2000\/svg\" viewBox=\"0 0 512 512\" class=\"svg-inline--fa fa-chart-bar fa-w-16 fa-2x\"><path fill=\"currentColor\" d=\"M396.8 352h22.4c6.4 0 12.8-6.4 12.8-12.8V108.8c0-6.4-6.4-12.8-12.8-12.8h-22.4c-6.4 0-12.8 6.4-12.8 12.8v230.4c0 6.4 6.4 12.8 12.8 12.8zm-192 0h22.4c6.4 0 12.8-6.4 12.8-12.8V140.8c0-6.4-6.4-12.8-12.8-12.8h-22.4c-6.4 0-12.8 6.4-12.8 12.8v198.4c0 6.4 6.4 12.8 12.8 12.8zm96 0h22.4c6.4 0 12.8-6.4 12.8-12.8V204.8c0-6.4-6.4-12.8-12.8-12.8h-22.4c-6.4 0-12.8 6.4-12.8 12.8v134.4c0 6.4 6.4 12.8 12.8 12.8zM496 400H48V80c0-8.84-7.16-16-16-16H16C7.16 64 0 71.16 0 80v336c0 17.67 14.33 32 32 32h464c8.84 0 16-7.16 16-16v-16c0-8.84-7.16-16-16-16zm-387.2-48h22.4c6.4 0 12.8-6.4 12.8-12.8v-70.4c0-6.4-6.4-12.8-12.8-12.8h-22.4c-6.4 0-12.8 6.4-12.8 12.8v70.4c0 6.4 6.4 12.8 12.8 12.8z\" class=\"\"><\/path><\/svg><\/i> <img loading=\"lazy\" decoding=\"async\" width=\"16\" height=\"16\" alt=\"Loading\" src=\"https:\/\/temucotelevision.cl\/web\/wp-content\/plugins\/page-views-count\/ajax-loader-2x.gif\" border=0 \/><\/p>\n<div class=\"pvc_clear\"><\/div>\n<p>El gremio valor\u00f3 el esfuerzo del municipio y destac\u00f3 que esta vez el proceso cuenta con garant\u00edas t\u00e9cnicas y financieras<\/p>\n","protected":false},"author":1,"featured_media":36945,"comment_status":"open","ping_status":"open","sticky":false,"template":"","format":"standard","meta":{"colormag_page_container_layout":"default_layout","colormag_page_sidebar_layout":"default_layout","footnotes":""},"categories":[15],"tags":[527],"class_list":["post-55262","post","type-post","status-publish","format-standard","has-post-thumbnail","hentry","category-la-araucania","tag-mercado"],"a3_pvc":{"activated":true,"total_views":3247,"today_views":0},"_links":{"self":[{"href":"https:\/\/temucotelevision.cl\/web\/wp-json\/wp\/v2\/posts\/55262","targetHints":{"allow":["GET"]}}],"collection":[{"href":"https:\/\/temucotelevision.cl\/web\/wp-json\/wp\/v2\/posts"}],"about":[{"href":"https:\/\/temucotelevision.cl\/web\/wp-json\/wp\/v2\/types\/post"}],"author":[{"embeddable":true,"href":"https:\/\/temucotelevision.cl\/web\/wp-json\/wp\/v2\/users\/1"}],"replies":[{"embeddable":true,"href":"https:\/\/temucotelevision.cl\/web\/wp-json\/wp\/v2\/comments?post=55262"}],"version-history":[{"count":1,"href":"https:\/\/temucotelevision.cl\/web\/wp-json\/wp\/v2\/posts\/55262\/revisions"}],"predecessor-version":[{"id":55263,"href":"https:\/\/temucotelevision.cl\/web\/wp-json\/wp\/v2\/posts\/55262\/revisions\/55263"}],"wp:featuredmedia":[{"embeddable":true,"href":"https:\/\/temucotelevision.cl\/web\/wp-json\/wp\/v2\/media\/36945"}],"wp:attachment":[{"href":"https:\/\/temucotelevision.cl\/web\/wp-json\/wp\/v2\/media?parent=55262"}],"wp:term":[{"taxonomy":"category","embeddable":true,"href":"https:\/\/temucotelevision.cl\/web\/wp-json\/wp\/v2\/categories?post=55262"},{"taxonomy":"post_tag","embeddable":true,"href":"https:\/\/temucotelevision.cl\/web\/wp-json\/wp\/v2\/tags?post=55262"}],"curies":[{"name":"wp","href":"https:\/\/api.w.org\/{rel}","templated":true}]}}