{"id":55141,"date":"2025-02-17T13:12:49","date_gmt":"2025-02-17T16:12:49","guid":{"rendered":"https:\/\/temucotelevision.cl\/web\/?p=55141"},"modified":"2025-02-17T13:15:18","modified_gmt":"2025-02-17T16:15:18","slug":"direccion-regional-del-trabajo-detecta-irregularidades-y-suspende-labores-de-once-trabajadores-de-establecimientos-en-playa-grande-en-pucon","status":"publish","type":"post","link":"https:\/\/temucotelevision.cl\/web\/2025\/02\/17\/direccion-regional-del-trabajo-detecta-irregularidades-y-suspende-labores-de-once-trabajadores-de-establecimientos-en-playa-grande-en-pucon\/","title":{"rendered":"Direcci\u00f3n Regional del Trabajo detecta irregularidades y suspende labores de once trabajadores de establecimientos en playa Grande en Puc\u00f3n"},"content":{"rendered":"<div class=\"pvc_clear\"><\/div><p id=\"pvc_stats_55141\" class=\"pvc_stats total_only  \" data-element-id=\"55141\" style=\"\"><i class=\"pvc-stats-icon large\" aria-hidden=\"true\"><svg aria-hidden=\"true\" focusable=\"false\" data-prefix=\"far\" data-icon=\"chart-bar\" role=\"img\" xmlns=\"http:\/\/www.w3.org\/2000\/svg\" viewBox=\"0 0 512 512\" class=\"svg-inline--fa fa-chart-bar fa-w-16 fa-2x\"><path fill=\"currentColor\" d=\"M396.8 352h22.4c6.4 0 12.8-6.4 12.8-12.8V108.8c0-6.4-6.4-12.8-12.8-12.8h-22.4c-6.4 0-12.8 6.4-12.8 12.8v230.4c0 6.4 6.4 12.8 12.8 12.8zm-192 0h22.4c6.4 0 12.8-6.4 12.8-12.8V140.8c0-6.4-6.4-12.8-12.8-12.8h-22.4c-6.4 0-12.8 6.4-12.8 12.8v198.4c0 6.4 6.4 12.8 12.8 12.8zm96 0h22.4c6.4 0 12.8-6.4 12.8-12.8V204.8c0-6.4-6.4-12.8-12.8-12.8h-22.4c-6.4 0-12.8 6.4-12.8 12.8v134.4c0 6.4 6.4 12.8 12.8 12.8zM496 400H48V80c0-8.84-7.16-16-16-16H16C7.16 64 0 71.16 0 80v336c0 17.67 14.33 32 32 32h464c8.84 0 16-7.16 16-16v-16c0-8.84-7.16-16-16-16zm-387.2-48h22.4c6.4 0 12.8-6.4 12.8-12.8v-70.4c0-6.4-6.4-12.8-12.8-12.8h-22.4c-6.4 0-12.8 6.4-12.8 12.8v70.4c0 6.4 6.4 12.8 12.8 12.8z\" class=\"\"><\/path><\/svg><\/i> <img loading=\"lazy\" decoding=\"async\" width=\"16\" height=\"16\" alt=\"Loading\" src=\"https:\/\/temucotelevision.cl\/web\/wp-content\/plugins\/page-views-count\/ajax-loader-2x.gif\" border=0 \/><\/p><div class=\"pvc_clear\"><\/div>\n<ul class=\"wp-block-list\">\n<li><em>Durante el proceso de inspecci\u00f3n en la playa adem\u00e1s se activaron dos fiscalizaciones de oficio: la primera a un parque acu\u00e1tico que termin\u00f3 con ocho personas enviadas a sus hogares tras constatar faltas graves a la normativa laboral y la segunda en una estaci\u00f3n de expendio de combustible a lanchas que no contaba con agua potable ni servicios higi\u00e9nicos.\u00a0<\/em><\/li>\n<\/ul>\n\n\n\n<p>Falta de servicios higi\u00e9nicos, falencias en seguridad y adolescentes en edad de trabajar realizando labores peligrosas fueron algunas de las irregularidades detectadas por un equipo de fiscalizaci\u00f3n de la Inspecci\u00f3n del Trabajo de Villarrica que concurri\u00f3 a la playa Grande de Puc\u00f3n para revisas las condiciones de trabajo de salvavidas.<\/p>\n\n\n\n<p>Esta acci\u00f3n se enmarca en un plan nacional de inspecci\u00f3n a las condiciones laborales de salvavidas que implement\u00f3 la Direcci\u00f3n del Trabajo en todo el pa\u00eds y que en su acci\u00f3n regional fue encabezado por la directora regional del Trabajo, Carolina Ojeda Galaz, y que tambi\u00e9n cont\u00f3 con la presencia de la seremi del Trabajo y Previsi\u00f3n Social de la regi\u00f3n, Claudia Tapia de la Pe\u00f1a.<\/p>\n\n\n\n<p>El procedimiento realizado en playa Grande se centr\u00f3 en la revisi\u00f3n de aspectos clave como la legalidad de los contratos laborales, las jornadas de trabajo, la entrega de elementos de protecci\u00f3n personal, las medidas de seguridad frente a la exposici\u00f3n a rayos UV, y las condiciones estructurales de las torres de vigilancia.<\/p>\n\n\n\n<p>Al respecto, la directora Carolina Ojeda explic\u00f3 que durante la fiscalizaci\u00f3n se constataron infracciones en materia de higiene, seguridad y normativa laboral, lo que llev\u00f3 a la suspensi\u00f3n de las labores de un salvavidas de la playa Grande. &#8220;Estas fiscalizaciones buscan garantizar el cumplimiento de la normativa vigente y mejorar las condiciones laborales de los trabajadores del sector&#8221;, indic\u00f3 Ojeda.<\/p>\n\n\n\n<p><strong>Ocho trabajadores enviados a sus hogares en Parque Acu\u00e1tico<\/strong><\/p>\n\n\n\n<p>Adem\u00e1s, la autoridad coment\u00f3 que durante el procedimiento se activ\u00f3 una fiscalizaci\u00f3n de oficio a un parque acu\u00e1tico, tambi\u00e9n ubicado en Playa Grande. \u201cEn este caso se detect\u00f3 a adolescentes en edad de trabajar realizando labores peligrosas, lo cual est\u00e1 prohibido por la normativa laboral, incluso cuando los menores cuenten con la autorizaci\u00f3n necesaria para desempe\u00f1ar otras funciones. Adem\u00e1s, la empresa no dispon\u00eda de servicios higi\u00e9nicos adecuados, ni cumpl\u00eda con otras normativas de higiene y seguridad. Como resultado, tambi\u00e9n se suspendieron las labores de ocho personas en dicho lugar\u201d, subray\u00f3 Ojeda.<\/p>\n\n\n\n<p>Por su parte, la seremi Claudia Tapia destac\u00f3 la importancia de velar por la seguridad de los trabajadores, especialmente aquellos encargados de velar por la seguridad de los veraneantes. \u201cEstamos preocupados de aquellas personas que tienen el rol de cuidar a los veraneantes en la regi\u00f3n de la Araucan\u00eda, ya sean salvavidas o, en este caso, gente que est\u00e1 al cuidado de juegos acu\u00e1ticos. Tenemos que resguardar que ellos est\u00e9n en buenas condiciones para garantizar tambi\u00e9n que los veraneantes tengan el cuidado como corresponde &#8220;, indic\u00f3 Tapia.<\/p>\n\n\n\n<p>La seremi tambi\u00e9n hizo un llamado a los empleadores a ser conscientes de sus responsabilidades y cumplir con la normativa vigente, en especial respecto a las labores permitidas para menores de edad. &#8220;Los mayores de 15 a\u00f1os pueden trabajar con autorizaci\u00f3n notarial y autorizaci\u00f3n de su padre, madre o tutor, pero nunca en labores peligrosas. Y en la Direcci\u00f3n del Trabajo hay un cat\u00e1logo de labores peligrosas que est\u00e1n prohibidas para los menores de edad, incluso si tienen edad para trabajar en otro tipo de trabajos&#8221;, precis\u00f3.<\/p>\n\n\n\n<p><strong>Suspensi\u00f3n de faenas en estaci\u00f3n de expendio de combustibles<\/strong><\/p>\n\n\n\n<p>Finalmente, el procedimiento tambi\u00e9n analiz\u00f3 las condiciones laborales de una tienda de expendio de combustibles para lanchas, donde se suspendi\u00f3 la faena del recinto debido a que los trabajadores presentes no contaban con agua potable, servicios higi\u00e9nicos, comedor ni vestidores.<\/p>\n\n\n\n<figure class=\"wp-block-image size-large\"><img loading=\"lazy\" decoding=\"async\" width=\"1000\" height=\"750\" src=\"https:\/\/temucotelevision.cl\/web\/wp-content\/uploads\/2025\/02\/Fiscalizacion-playa-Grande-5-1000x750.jpeg\" alt=\"\" class=\"wp-image-55143\" srcset=\"https:\/\/temucotelevision.cl\/web\/wp-content\/uploads\/2025\/02\/Fiscalizacion-playa-Grande-5-1000x750.jpeg 1000w, https:\/\/temucotelevision.cl\/web\/wp-content\/uploads\/2025\/02\/Fiscalizacion-playa-Grande-5-768x576.jpeg 768w, https:\/\/temucotelevision.cl\/web\/wp-content\/uploads\/2025\/02\/Fiscalizacion-playa-Grande-5-1536x1152.jpeg 1536w, https:\/\/temucotelevision.cl\/web\/wp-content\/uploads\/2025\/02\/Fiscalizacion-playa-Grande-5-2048x1536.jpeg 2048w\" sizes=\"auto, (max-width: 1000px) 100vw, 1000px\" \/><\/figure>\n","protected":false},"excerpt":{"rendered":"<div class=\"pvc_clear\"><\/div>\n<p id=\"pvc_stats_55141\" class=\"pvc_stats total_only  \" data-element-id=\"55141\" style=\"\"><i class=\"pvc-stats-icon large\" aria-hidden=\"true\"><svg aria-hidden=\"true\" focusable=\"false\" data-prefix=\"far\" data-icon=\"chart-bar\" role=\"img\" xmlns=\"http:\/\/www.w3.org\/2000\/svg\" viewBox=\"0 0 512 512\" class=\"svg-inline--fa fa-chart-bar fa-w-16 fa-2x\"><path fill=\"currentColor\" d=\"M396.8 352h22.4c6.4 0 12.8-6.4 12.8-12.8V108.8c0-6.4-6.4-12.8-12.8-12.8h-22.4c-6.4 0-12.8 6.4-12.8 12.8v230.4c0 6.4 6.4 12.8 12.8 12.8zm-192 0h22.4c6.4 0 12.8-6.4 12.8-12.8V140.8c0-6.4-6.4-12.8-12.8-12.8h-22.4c-6.4 0-12.8 6.4-12.8 12.8v198.4c0 6.4 6.4 12.8 12.8 12.8zm96 0h22.4c6.4 0 12.8-6.4 12.8-12.8V204.8c0-6.4-6.4-12.8-12.8-12.8h-22.4c-6.4 0-12.8 6.4-12.8 12.8v134.4c0 6.4 6.4 12.8 12.8 12.8zM496 400H48V80c0-8.84-7.16-16-16-16H16C7.16 64 0 71.16 0 80v336c0 17.67 14.33 32 32 32h464c8.84 0 16-7.16 16-16v-16c0-8.84-7.16-16-16-16zm-387.2-48h22.4c6.4 0 12.8-6.4 12.8-12.8v-70.4c0-6.4-6.4-12.8-12.8-12.8h-22.4c-6.4 0-12.8 6.4-12.8 12.8v70.4c0 6.4 6.4 12.8 12.8 12.8z\" class=\"\"><\/path><\/svg><\/i> <img loading=\"lazy\" decoding=\"async\" width=\"16\" height=\"16\" alt=\"Loading\" src=\"https:\/\/temucotelevision.cl\/web\/wp-content\/plugins\/page-views-count\/ajax-loader-2x.gif\" border=0 \/><\/p>\n<div class=\"pvc_clear\"><\/div>\n<p>Falta de servicios higi\u00e9nicos, falencias en seguridad y adolescentes en edad de trabajar realizando labores peligrosas fueron algunas de las<\/p>\n","protected":false},"author":1,"featured_media":55142,"comment_status":"open","ping_status":"open","sticky":false,"template":"","format":"standard","meta":{"colormag_page_container_layout":"default_layout","colormag_page_sidebar_layout":"default_layout","footnotes":""},"categories":[14],"tags":[161],"class_list":["post-55141","post","type-post","status-publish","format-standard","has-post-thumbnail","hentry","category-temuco","tag-pucon"],"a3_pvc":{"activated":true,"total_views":1659,"today_views":0},"_links":{"self":[{"href":"https:\/\/temucotelevision.cl\/web\/wp-json\/wp\/v2\/posts\/55141","targetHints":{"allow":["GET"]}}],"collection":[{"href":"https:\/\/temucotelevision.cl\/web\/wp-json\/wp\/v2\/posts"}],"about":[{"href":"https:\/\/temucotelevision.cl\/web\/wp-json\/wp\/v2\/types\/post"}],"author":[{"embeddable":true,"href":"https:\/\/temucotelevision.cl\/web\/wp-json\/wp\/v2\/users\/1"}],"replies":[{"embeddable":true,"href":"https:\/\/temucotelevision.cl\/web\/wp-json\/wp\/v2\/comments?post=55141"}],"version-history":[{"count":1,"href":"https:\/\/temucotelevision.cl\/web\/wp-json\/wp\/v2\/posts\/55141\/revisions"}],"predecessor-version":[{"id":55144,"href":"https:\/\/temucotelevision.cl\/web\/wp-json\/wp\/v2\/posts\/55141\/revisions\/55144"}],"wp:featuredmedia":[{"embeddable":true,"href":"https:\/\/temucotelevision.cl\/web\/wp-json\/wp\/v2\/media\/55142"}],"wp:attachment":[{"href":"https:\/\/temucotelevision.cl\/web\/wp-json\/wp\/v2\/media?parent=55141"}],"wp:term":[{"taxonomy":"category","embeddable":true,"href":"https:\/\/temucotelevision.cl\/web\/wp-json\/wp\/v2\/categories?post=55141"},{"taxonomy":"post_tag","embeddable":true,"href":"https:\/\/temucotelevision.cl\/web\/wp-json\/wp\/v2\/tags?post=55141"}],"curies":[{"name":"wp","href":"https:\/\/api.w.org\/{rel}","templated":true}]}}