{"id":55137,"date":"2025-02-17T12:30:53","date_gmt":"2025-02-17T15:30:53","guid":{"rendered":"https:\/\/temucotelevision.cl\/web\/?p=55137"},"modified":"2025-02-17T12:30:54","modified_gmt":"2025-02-17T15:30:54","slug":"municipalidad-saca-de-circulacion-casi-una-decena-de-motos-en-nuevo-operativo-en-la-zona-norte-de-temuco","status":"publish","type":"post","link":"https:\/\/temucotelevision.cl\/web\/2025\/02\/17\/municipalidad-saca-de-circulacion-casi-una-decena-de-motos-en-nuevo-operativo-en-la-zona-norte-de-temuco\/","title":{"rendered":"Municipalidad saca de circulaci\u00f3n casi una decena de motos en nuevo operativo en la zona norte de Temuco"},"content":{"rendered":"<div class=\"pvc_clear\"><\/div><p id=\"pvc_stats_55137\" class=\"pvc_stats total_only  \" data-element-id=\"55137\" style=\"\"><i class=\"pvc-stats-icon large\" aria-hidden=\"true\"><svg aria-hidden=\"true\" focusable=\"false\" data-prefix=\"far\" data-icon=\"chart-bar\" role=\"img\" xmlns=\"http:\/\/www.w3.org\/2000\/svg\" viewBox=\"0 0 512 512\" class=\"svg-inline--fa fa-chart-bar fa-w-16 fa-2x\"><path fill=\"currentColor\" d=\"M396.8 352h22.4c6.4 0 12.8-6.4 12.8-12.8V108.8c0-6.4-6.4-12.8-12.8-12.8h-22.4c-6.4 0-12.8 6.4-12.8 12.8v230.4c0 6.4 6.4 12.8 12.8 12.8zm-192 0h22.4c6.4 0 12.8-6.4 12.8-12.8V140.8c0-6.4-6.4-12.8-12.8-12.8h-22.4c-6.4 0-12.8 6.4-12.8 12.8v198.4c0 6.4 6.4 12.8 12.8 12.8zm96 0h22.4c6.4 0 12.8-6.4 12.8-12.8V204.8c0-6.4-6.4-12.8-12.8-12.8h-22.4c-6.4 0-12.8 6.4-12.8 12.8v134.4c0 6.4 6.4 12.8 12.8 12.8zM496 400H48V80c0-8.84-7.16-16-16-16H16C7.16 64 0 71.16 0 80v336c0 17.67 14.33 32 32 32h464c8.84 0 16-7.16 16-16v-16c0-8.84-7.16-16-16-16zm-387.2-48h22.4c6.4 0 12.8-6.4 12.8-12.8v-70.4c0-6.4-6.4-12.8-12.8-12.8h-22.4c-6.4 0-12.8 6.4-12.8 12.8v70.4c0 6.4 6.4 12.8 12.8 12.8z\" class=\"\"><\/path><\/svg><\/i> <img loading=\"lazy\" decoding=\"async\" width=\"16\" height=\"16\" alt=\"Loading\" src=\"https:\/\/temucotelevision.cl\/web\/wp-content\/plugins\/page-views-count\/ajax-loader-2x.gif\" border=0 \/><\/p><div class=\"pvc_clear\"><\/div>\n<p><em><strong>En el marco del \u201cPlan Estado Presente\u201d, la direcci\u00f3n de Seguridad P\u00fablica junto a Carabineros, PDI, el Ministerio de Transportes y la Coordinaci\u00f3n Regional de Seguridad P\u00fablica, realizaron un operativo de control vehicular para regularizar la circulaci\u00f3n de motocicletas y detectar a conductores en situaci\u00f3n irregular, entre otros procedimientos, con el prop\u00f3sito de prevenir delitos en la capital regional.<\/strong><\/em><\/p>\n\n\n\n<p>Como parte de las estrategias para mejorar la seguridad vial y el orden p\u00fablico en la comuna, la Direcci\u00f3n de Seguridad P\u00fablica (DISEP) de la Municipalidad de Temuco, en coordinaci\u00f3n con Carabineros de Chile, la Polic\u00eda de Investigaciones (PDI), el Ministerio de Transportes y Telecomunicaciones (MTT) y la Coordinaci\u00f3n Regional de Seguridad P\u00fablica, llev\u00f3 a cabo un nuevo operativo de fiscalizaci\u00f3n de motocicletas en el macrosector Pueblo Nuevo.<\/p>\n\n\n\n<p>La intervenci\u00f3n, que se realiz\u00f3 en Av. Rudecindo Ortega, a la altura de Av. Hu\u00e9rfanos, se enmarca dentro del \u201cPlan Estado Presente\u201d de la Subsecretar\u00eda de Prevenci\u00f3n del Delito a trav\u00e9s de la Mesa Intersectorial que lidera el municipio y tuvo como objetivo verificar que los conductores de motocicletas cumplan con la documentaci\u00f3n obligatoria, incluyendo licencia de conducir, matr\u00edcula y permiso de circulaci\u00f3n.<\/p>\n\n\n\n<p>Adem\u00e1s, la PDI, a trav\u00e9s de su Brigada de Investigaci\u00f3n Criminal (BICRIM), realiz\u00f3 controles de identidad para detectar \u00f3rdenes de aprehensi\u00f3n vigentes, mientras que la unidad de extranjer\u00eda verific\u00f3 la legalidad de los documentos de conductores migrantes. Por su parte, Carabineros supervis\u00f3 el tr\u00e1nsito y fiscaliz\u00f3 las condiciones de los veh\u00edculos.<\/p>\n\n\n\n<p>En este sentido, cerca de una cuarentena de motociclistas fueron fiscalizados con igual n\u00famero de controles de identidad entre Carabineros y PDI. A su vez, la direcci\u00f3n de Seguridad P\u00fablica (DISEP) de Temuco curs\u00f3 17 infracciones, en su mayor\u00eda, por no portar la documentaci\u00f3n de los veh\u00edculos, no portar licencia de conducir, conducir sin el equipamiento de seguridad, seg\u00fan normativa; y por circular sin placa patente, dejando como saldo nueve motos incautadas.&nbsp;<\/p>\n\n\n\n<p>El alcalde de Temuco, Roberto Neira, a\u00f1adi\u00f3 que \u201ca nivel nacional han aumentado los delitos que son realizados en este tipo de veh\u00edculos. Es por eso que en el sector norte sacamos de circulaci\u00f3n cerca de una docena de motos que no ten\u00edan sus papeles al d\u00eda o que se encontraban con situaciones pendientes. Este tipo de fiscalizaciones en conjunto con las polic\u00edas las vamos a seguir realizando porque el municipio de Temuco, una de sus prioridades, y ustedes lo saben, es la seguridad ciudadana. Seguiremos trabajando en conjunto a la Subsecretar\u00eda de Prevenci\u00f3n del Delito que tambi\u00e9n nos colabora en estas materias porque, como les digo, la seguridad es un tema que el municipio de Temuco trabaja a trav\u00e9s de su Estrategia Integral de Seguridad\u201d.<\/p>\n\n\n\n<p>Por su parte, el director de Seguridad P\u00fablica, Israel Campusano, se\u00f1al\u00f3 que el operativo abarc\u00f3 \u201cla seguridad p\u00fablica y seguridad vial: seguridad p\u00fablica porque tenemos que verificar que las personas que est\u00e1n haciendo delivery y son extranjeros tengan su situaci\u00f3n migratoria en orden y, al mismo tiempo, tambi\u00e9n que no se preste esta actividad para il\u00edcitos que pudieran perjudicar a la ciudadan\u00eda o afectar la seguridad de quienes est\u00e1n pidiendo este servicio. Y por otro lado, la seguridad vial que est\u00e1 a cargo del Ministerio de Transporte. De esta forma, ponemos la institucionalidad en los barrios, en los lugares p\u00fablicos y tambi\u00e9n al servicio de la fiscalizaci\u00f3n de la seguridad p\u00fablica y de la Seguridad vial.&nbsp;<\/p>\n\n\n\n<p>El operativo no solo busca fortalecer la seguridad vial, sino tambi\u00e9n prevenir los delitos que se puedan esconder en el rubro de los delivery, ya que muchas motocicletas sin documentaci\u00f3n son utilizadas en robos y otros il\u00edcitos. Asimismo, se resguard\u00f3 la integridad de los fiscalizadores y se mantuvo vigilancia ante eventuales intentos de fuga por parte de los conductores infractores.<\/p>\n\n\n\n<figure class=\"wp-block-image size-large\"><img loading=\"lazy\" decoding=\"async\" width=\"1000\" height=\"666\" src=\"https:\/\/temucotelevision.cl\/web\/wp-content\/uploads\/2025\/02\/Motos2-1000x666.jpeg\" alt=\"\" class=\"wp-image-55139\" srcset=\"https:\/\/temucotelevision.cl\/web\/wp-content\/uploads\/2025\/02\/Motos2-1000x666.jpeg 1000w, https:\/\/temucotelevision.cl\/web\/wp-content\/uploads\/2025\/02\/Motos2-768x512.jpeg 768w, https:\/\/temucotelevision.cl\/web\/wp-content\/uploads\/2025\/02\/Motos2-1536x1024.jpeg 1536w, https:\/\/temucotelevision.cl\/web\/wp-content\/uploads\/2025\/02\/Motos2-2048x1365.jpeg 2048w\" sizes=\"auto, (max-width: 1000px) 100vw, 1000px\" \/><\/figure>\n","protected":false},"excerpt":{"rendered":"<div class=\"pvc_clear\"><\/div>\n<p id=\"pvc_stats_55137\" class=\"pvc_stats total_only  \" data-element-id=\"55137\" style=\"\"><i class=\"pvc-stats-icon large\" aria-hidden=\"true\"><svg aria-hidden=\"true\" focusable=\"false\" data-prefix=\"far\" data-icon=\"chart-bar\" role=\"img\" xmlns=\"http:\/\/www.w3.org\/2000\/svg\" viewBox=\"0 0 512 512\" class=\"svg-inline--fa fa-chart-bar fa-w-16 fa-2x\"><path fill=\"currentColor\" d=\"M396.8 352h22.4c6.4 0 12.8-6.4 12.8-12.8V108.8c0-6.4-6.4-12.8-12.8-12.8h-22.4c-6.4 0-12.8 6.4-12.8 12.8v230.4c0 6.4 6.4 12.8 12.8 12.8zm-192 0h22.4c6.4 0 12.8-6.4 12.8-12.8V140.8c0-6.4-6.4-12.8-12.8-12.8h-22.4c-6.4 0-12.8 6.4-12.8 12.8v198.4c0 6.4 6.4 12.8 12.8 12.8zm96 0h22.4c6.4 0 12.8-6.4 12.8-12.8V204.8c0-6.4-6.4-12.8-12.8-12.8h-22.4c-6.4 0-12.8 6.4-12.8 12.8v134.4c0 6.4 6.4 12.8 12.8 12.8zM496 400H48V80c0-8.84-7.16-16-16-16H16C7.16 64 0 71.16 0 80v336c0 17.67 14.33 32 32 32h464c8.84 0 16-7.16 16-16v-16c0-8.84-7.16-16-16-16zm-387.2-48h22.4c6.4 0 12.8-6.4 12.8-12.8v-70.4c0-6.4-6.4-12.8-12.8-12.8h-22.4c-6.4 0-12.8 6.4-12.8 12.8v70.4c0 6.4 6.4 12.8 12.8 12.8z\" class=\"\"><\/path><\/svg><\/i> <img loading=\"lazy\" decoding=\"async\" width=\"16\" height=\"16\" alt=\"Loading\" src=\"https:\/\/temucotelevision.cl\/web\/wp-content\/plugins\/page-views-count\/ajax-loader-2x.gif\" border=0 \/><\/p>\n<div class=\"pvc_clear\"><\/div>\n<p>En el marco del \u201cPlan Estado Presente\u201d, la direcci\u00f3n de Seguridad P\u00fablica junto a Carabineros, PDI, el Ministerio de Transportes<\/p>\n","protected":false},"author":1,"featured_media":55138,"comment_status":"open","ping_status":"open","sticky":false,"template":"","format":"standard","meta":{"colormag_page_container_layout":"default_layout","colormag_page_sidebar_layout":"default_layout","footnotes":""},"categories":[14],"tags":[758],"class_list":["post-55137","post","type-post","status-publish","format-standard","has-post-thumbnail","hentry","category-temuco","tag-motos"],"a3_pvc":{"activated":true,"total_views":2076,"today_views":0},"_links":{"self":[{"href":"https:\/\/temucotelevision.cl\/web\/wp-json\/wp\/v2\/posts\/55137","targetHints":{"allow":["GET"]}}],"collection":[{"href":"https:\/\/temucotelevision.cl\/web\/wp-json\/wp\/v2\/posts"}],"about":[{"href":"https:\/\/temucotelevision.cl\/web\/wp-json\/wp\/v2\/types\/post"}],"author":[{"embeddable":true,"href":"https:\/\/temucotelevision.cl\/web\/wp-json\/wp\/v2\/users\/1"}],"replies":[{"embeddable":true,"href":"https:\/\/temucotelevision.cl\/web\/wp-json\/wp\/v2\/comments?post=55137"}],"version-history":[{"count":1,"href":"https:\/\/temucotelevision.cl\/web\/wp-json\/wp\/v2\/posts\/55137\/revisions"}],"predecessor-version":[{"id":55140,"href":"https:\/\/temucotelevision.cl\/web\/wp-json\/wp\/v2\/posts\/55137\/revisions\/55140"}],"wp:featuredmedia":[{"embeddable":true,"href":"https:\/\/temucotelevision.cl\/web\/wp-json\/wp\/v2\/media\/55138"}],"wp:attachment":[{"href":"https:\/\/temucotelevision.cl\/web\/wp-json\/wp\/v2\/media?parent=55137"}],"wp:term":[{"taxonomy":"category","embeddable":true,"href":"https:\/\/temucotelevision.cl\/web\/wp-json\/wp\/v2\/categories?post=55137"},{"taxonomy":"post_tag","embeddable":true,"href":"https:\/\/temucotelevision.cl\/web\/wp-json\/wp\/v2\/tags?post=55137"}],"curies":[{"name":"wp","href":"https:\/\/api.w.org\/{rel}","templated":true}]}}