{"id":55135,"date":"2025-02-17T12:12:42","date_gmt":"2025-02-17T15:12:42","guid":{"rendered":"https:\/\/temucotelevision.cl\/web\/?p=55135"},"modified":"2025-02-17T12:12:43","modified_gmt":"2025-02-17T15:12:43","slug":"diputado-jorge-rathgeb-exige-a-senapred-revisar-el-mecanismo-de-alerta-sae-debido-a-errores-y-cruce-de-comunas-ante-evacuacion","status":"publish","type":"post","link":"https:\/\/temucotelevision.cl\/web\/2025\/02\/17\/diputado-jorge-rathgeb-exige-a-senapred-revisar-el-mecanismo-de-alerta-sae-debido-a-errores-y-cruce-de-comunas-ante-evacuacion\/","title":{"rendered":"Diputado Jorge Rathgeb exige a Senapred revisar el mecanismo de Alerta SAE debido a errores y cruce de comunas ante evacuaci\u00f3n"},"content":{"rendered":"<div class=\"pvc_clear\"><\/div><p id=\"pvc_stats_55135\" class=\"pvc_stats total_only  \" data-element-id=\"55135\" style=\"\"><i class=\"pvc-stats-icon large\" aria-hidden=\"true\"><svg aria-hidden=\"true\" focusable=\"false\" data-prefix=\"far\" data-icon=\"chart-bar\" role=\"img\" xmlns=\"http:\/\/www.w3.org\/2000\/svg\" viewBox=\"0 0 512 512\" class=\"svg-inline--fa fa-chart-bar fa-w-16 fa-2x\"><path fill=\"currentColor\" d=\"M396.8 352h22.4c6.4 0 12.8-6.4 12.8-12.8V108.8c0-6.4-6.4-12.8-12.8-12.8h-22.4c-6.4 0-12.8 6.4-12.8 12.8v230.4c0 6.4 6.4 12.8 12.8 12.8zm-192 0h22.4c6.4 0 12.8-6.4 12.8-12.8V140.8c0-6.4-6.4-12.8-12.8-12.8h-22.4c-6.4 0-12.8 6.4-12.8 12.8v198.4c0 6.4 6.4 12.8 12.8 12.8zm96 0h22.4c6.4 0 12.8-6.4 12.8-12.8V204.8c0-6.4-6.4-12.8-12.8-12.8h-22.4c-6.4 0-12.8 6.4-12.8 12.8v134.4c0 6.4 6.4 12.8 12.8 12.8zM496 400H48V80c0-8.84-7.16-16-16-16H16C7.16 64 0 71.16 0 80v336c0 17.67 14.33 32 32 32h464c8.84 0 16-7.16 16-16v-16c0-8.84-7.16-16-16-16zm-387.2-48h22.4c6.4 0 12.8-6.4 12.8-12.8v-70.4c0-6.4-6.4-12.8-12.8-12.8h-22.4c-6.4 0-12.8 6.4-12.8 12.8v70.4c0 6.4 6.4 12.8 12.8 12.8z\" class=\"\"><\/path><\/svg><\/i> <img loading=\"lazy\" decoding=\"async\" width=\"16\" height=\"16\" alt=\"Loading\" src=\"https:\/\/temucotelevision.cl\/web\/wp-content\/plugins\/page-views-count\/ajax-loader-2x.gif\" border=0 \/><\/p><div class=\"pvc_clear\"><\/div>\n<p><strong>El diputado por La Araucan\u00eda que ha estado trabajando en terreno por los incendios en las zonas afectadas tanto en Caut\u00edn como en Malleco, indic\u00f3 que muchos son los vecinos que recibieron alertas de evacuaci\u00f3n pertenecientes a otras comunas, lo que en definitiva provoc\u00f3 p\u00e1nico y nerviosismo ante la llegada de la se\u00f1al.<\/strong><\/p>\n\n\n\n<p>Se cumple una semana desde que los incendios no dieron tregua a varias comunas de La Araucan\u00eda, provocando el consumo de varias hect\u00e1reas de terreno y tambi\u00e9n el siniestro de viviendas y otras situaciones complejas, donde favorablemente y lo m\u00e1s importante no se lamenta la p\u00e9rdida de vidas humanas.<\/p>\n\n\n\n<p>Una de las situaciones dif\u00edciles que se vivieron y que trajo inquietud en varios vecinos, era que las alertas SAE de evacuaci\u00f3n estaban descalibradas y que llegaban aviso de otras comunas lo que provoc\u00f3 momentos de nerviosismo y p\u00e1nico en algunas personas.<\/p>\n\n\n\n<p>El diputado de Renovaci\u00f3n Nacional y presidente regional de la colectividad en La Araucan\u00eda, Jorge Rathgeb Schifferli, est\u00e1 solicitando que Senapred, pueda subsanar este problema porque genera confusiones y tambi\u00e9n angustia.<\/p>\n\n\n\n<p>Rathgeb indic\u00f3 que \u00e9l mismo tambi\u00e9n le toc\u00f3 vivir esta situaci\u00f3n cuando estando en terreno apoyando, comenzaron a llegarle alertas de otras comunas al igual que quienes estaban con \u00e9l.<\/p>\n\n\n\n<p>\u201cMi solicitud es que Senapred pueda reparar en un error que se dio y era el cruce de alertas SAE en algunas comunas y que varios vecinos lo evidenciaron, provoc\u00f3 nerviosismo y desconcierto, por lo cual es algo que se debe subsanar a la brevedad, porque si bien la situaci\u00f3n ha podido avanzar hacia la normalidad, no sabemos qu\u00e9 puede pasar en los pr\u00f3ximos d\u00edas\u201d, se\u00f1al\u00f3 el diputado de Renovaci\u00f3n Nacional por La Araucan\u00eda.<\/p>\n\n\n\n<p>El legislador agreg\u00f3 que espera que se puedan tener a la brevedad los catastros de da\u00f1os y afectaci\u00f3n para as\u00ed ir generando las respectivas gestiones con las autoridades para que puedan llegar ayudar a la brevedad.<\/p>\n","protected":false},"excerpt":{"rendered":"<div class=\"pvc_clear\"><\/div>\n<p id=\"pvc_stats_55135\" class=\"pvc_stats total_only  \" data-element-id=\"55135\" style=\"\"><i class=\"pvc-stats-icon large\" aria-hidden=\"true\"><svg aria-hidden=\"true\" focusable=\"false\" data-prefix=\"far\" data-icon=\"chart-bar\" role=\"img\" xmlns=\"http:\/\/www.w3.org\/2000\/svg\" viewBox=\"0 0 512 512\" class=\"svg-inline--fa fa-chart-bar fa-w-16 fa-2x\"><path fill=\"currentColor\" d=\"M396.8 352h22.4c6.4 0 12.8-6.4 12.8-12.8V108.8c0-6.4-6.4-12.8-12.8-12.8h-22.4c-6.4 0-12.8 6.4-12.8 12.8v230.4c0 6.4 6.4 12.8 12.8 12.8zm-192 0h22.4c6.4 0 12.8-6.4 12.8-12.8V140.8c0-6.4-6.4-12.8-12.8-12.8h-22.4c-6.4 0-12.8 6.4-12.8 12.8v198.4c0 6.4 6.4 12.8 12.8 12.8zm96 0h22.4c6.4 0 12.8-6.4 12.8-12.8V204.8c0-6.4-6.4-12.8-12.8-12.8h-22.4c-6.4 0-12.8 6.4-12.8 12.8v134.4c0 6.4 6.4 12.8 12.8 12.8zM496 400H48V80c0-8.84-7.16-16-16-16H16C7.16 64 0 71.16 0 80v336c0 17.67 14.33 32 32 32h464c8.84 0 16-7.16 16-16v-16c0-8.84-7.16-16-16-16zm-387.2-48h22.4c6.4 0 12.8-6.4 12.8-12.8v-70.4c0-6.4-6.4-12.8-12.8-12.8h-22.4c-6.4 0-12.8 6.4-12.8 12.8v70.4c0 6.4 6.4 12.8 12.8 12.8z\" class=\"\"><\/path><\/svg><\/i> <img loading=\"lazy\" decoding=\"async\" width=\"16\" height=\"16\" alt=\"Loading\" src=\"https:\/\/temucotelevision.cl\/web\/wp-content\/plugins\/page-views-count\/ajax-loader-2x.gif\" border=0 \/><\/p>\n<div class=\"pvc_clear\"><\/div>\n<p>El diputado por La Araucan\u00eda que ha estado trabajando en terreno por los incendios en las zonas afectadas tanto en<\/p>\n","protected":false},"author":1,"featured_media":49598,"comment_status":"open","ping_status":"open","sticky":false,"template":"","format":"standard","meta":{"colormag_page_container_layout":"default_layout","colormag_page_sidebar_layout":"default_layout","footnotes":""},"categories":[84],"tags":[6149],"class_list":["post-55135","post","type-post","status-publish","format-standard","has-post-thumbnail","hentry","category-politica","tag-if"],"a3_pvc":{"activated":true,"total_views":1116,"today_views":0},"_links":{"self":[{"href":"https:\/\/temucotelevision.cl\/web\/wp-json\/wp\/v2\/posts\/55135","targetHints":{"allow":["GET"]}}],"collection":[{"href":"https:\/\/temucotelevision.cl\/web\/wp-json\/wp\/v2\/posts"}],"about":[{"href":"https:\/\/temucotelevision.cl\/web\/wp-json\/wp\/v2\/types\/post"}],"author":[{"embeddable":true,"href":"https:\/\/temucotelevision.cl\/web\/wp-json\/wp\/v2\/users\/1"}],"replies":[{"embeddable":true,"href":"https:\/\/temucotelevision.cl\/web\/wp-json\/wp\/v2\/comments?post=55135"}],"version-history":[{"count":1,"href":"https:\/\/temucotelevision.cl\/web\/wp-json\/wp\/v2\/posts\/55135\/revisions"}],"predecessor-version":[{"id":55136,"href":"https:\/\/temucotelevision.cl\/web\/wp-json\/wp\/v2\/posts\/55135\/revisions\/55136"}],"wp:featuredmedia":[{"embeddable":true,"href":"https:\/\/temucotelevision.cl\/web\/wp-json\/wp\/v2\/media\/49598"}],"wp:attachment":[{"href":"https:\/\/temucotelevision.cl\/web\/wp-json\/wp\/v2\/media?parent=55135"}],"wp:term":[{"taxonomy":"category","embeddable":true,"href":"https:\/\/temucotelevision.cl\/web\/wp-json\/wp\/v2\/categories?post=55135"},{"taxonomy":"post_tag","embeddable":true,"href":"https:\/\/temucotelevision.cl\/web\/wp-json\/wp\/v2\/tags?post=55135"}],"curies":[{"name":"wp","href":"https:\/\/api.w.org\/{rel}","templated":true}]}}