{"id":55132,"date":"2025-02-17T12:09:37","date_gmt":"2025-02-17T15:09:37","guid":{"rendered":"https:\/\/temucotelevision.cl\/web\/?p=55132"},"modified":"2025-02-17T12:09:38","modified_gmt":"2025-02-17T15:09:38","slug":"moda-sustentable-el-cuero-del-salmon-es-materia-prima-en-vestuario-bolsos-carteras-y-billeteras","status":"publish","type":"post","link":"https:\/\/temucotelevision.cl\/web\/2025\/02\/17\/moda-sustentable-el-cuero-del-salmon-es-materia-prima-en-vestuario-bolsos-carteras-y-billeteras\/","title":{"rendered":"Moda sustentable: el cuero del salm\u00f3n es materia prima en vestuario, bolsos, carteras y billeteras"},"content":{"rendered":"<div class=\"pvc_clear\"><\/div><p id=\"pvc_stats_55132\" class=\"pvc_stats total_only  \" data-element-id=\"55132\" style=\"\"><i class=\"pvc-stats-icon large\" aria-hidden=\"true\"><svg aria-hidden=\"true\" focusable=\"false\" data-prefix=\"far\" data-icon=\"chart-bar\" role=\"img\" xmlns=\"http:\/\/www.w3.org\/2000\/svg\" viewBox=\"0 0 512 512\" class=\"svg-inline--fa fa-chart-bar fa-w-16 fa-2x\"><path fill=\"currentColor\" d=\"M396.8 352h22.4c6.4 0 12.8-6.4 12.8-12.8V108.8c0-6.4-6.4-12.8-12.8-12.8h-22.4c-6.4 0-12.8 6.4-12.8 12.8v230.4c0 6.4 6.4 12.8 12.8 12.8zm-192 0h22.4c6.4 0 12.8-6.4 12.8-12.8V140.8c0-6.4-6.4-12.8-12.8-12.8h-22.4c-6.4 0-12.8 6.4-12.8 12.8v198.4c0 6.4 6.4 12.8 12.8 12.8zm96 0h22.4c6.4 0 12.8-6.4 12.8-12.8V204.8c0-6.4-6.4-12.8-12.8-12.8h-22.4c-6.4 0-12.8 6.4-12.8 12.8v134.4c0 6.4 6.4 12.8 12.8 12.8zM496 400H48V80c0-8.84-7.16-16-16-16H16C7.16 64 0 71.16 0 80v336c0 17.67 14.33 32 32 32h464c8.84 0 16-7.16 16-16v-16c0-8.84-7.16-16-16-16zm-387.2-48h22.4c6.4 0 12.8-6.4 12.8-12.8v-70.4c0-6.4-6.4-12.8-12.8-12.8h-22.4c-6.4 0-12.8 6.4-12.8 12.8v70.4c0 6.4 6.4 12.8 12.8 12.8z\" class=\"\"><\/path><\/svg><\/i> <img loading=\"lazy\" decoding=\"async\" width=\"16\" height=\"16\" alt=\"Loading\" src=\"https:\/\/temucotelevision.cl\/web\/wp-content\/plugins\/page-views-count\/ajax-loader-2x.gif\" border=0 \/><\/p><div class=\"pvc_clear\"><\/div>\n<p><em>No s\u00f3lo es uno de los alimentos m\u00e1s nutritivos y saludables. La piel del salm\u00f3n tiene hoy una segunda vida en la industria de la moda y el dise\u00f1o, reafirmando la sostenibilidad en la salmonicultura chilena.<\/em><\/p>\n\n\n\n<p>A\u00f1os atr\u00e1s, la piel del salm\u00f3n era un elemento a descartar dentro de los procesos productivos de la industria. Sin embargo, esta realidad ha cambiado gracias a su gran versatilidad de uso en la moda y el dise\u00f1o.<\/p>\n\n\n\n<p>Hoy, la piel del salm\u00f3n es empleada como elemento principal en la fabricaci\u00f3n de cuero sostenible para ropa, zapatos, carteras y accesorios, ayudando de paso a reducir los desperdicios y disminuir el uso de cueros tradicionales m\u00e1s contaminantes, lo que ha ido consolidando a la salmonicultura como una industria sostenible en el mercado.<\/p>\n\n\n\n<p>Y es que actualmente el salm\u00f3n chileno, segundo producto m\u00e1s exportado de nuestro pa\u00eds, es un alimento que se ha convertido en uno de los favoritos para quienes buscan una dieta nutritiva y saludable. Chile, adem\u00e1s, cuenta con la gran ventaja de ser el segundo productor y exportador en todo el mundo, abasteciendo a m\u00e1s de 80 mercados.<\/p>\n\n\n\n<p>Pero, \u00bfCu\u00e1les son los atributos de la piel del salm\u00f3n en la moda? Los expertos destacan caracter\u00edsticas como su alta flexibilidad y resistencia, que entrega a las prendas un aspecto distintivo y elegante. Adem\u00e1s, es m\u00e1s liviana que otros cueros y se&nbsp; puede procesar en distintos colores y brillos sin perder su textura original.<\/p>\n\n\n\n<p>As\u00ed lo aseguran Giovanni Risso y Bernardo Santander, dise\u00f1adores chilenos de la casa \u201cGio y Ber\u201d, asiduos a la utilizaci\u00f3n de materias primas de origen local. \u201cUtilizar la piel de salm\u00f3n es una forma de promover la sostenibilidad aprovechando un subproducto de la acuicultura que entrega un acabado \u00fanico y es m\u00e1s ecol\u00f3gico que el cuero tradicional, con ciertos matices. Creemos que es una apuesta por la innovaci\u00f3n y la exclusividad en estos tiempos\u201d, explican.<\/p>\n\n\n\n<p>Los expertos aclaran que, aunque todav\u00eda no es una tendencia masiva, \u201cpoco a poco estamos viendo que m\u00e1s dise\u00f1adores en todo el mundo optan por incluirlo, ya que este material otorga un acabado \u00fanico y de lujo\u201d. Es m\u00e1s, ambos consideran que, eventualmente, el cuero de salm\u00f3n podr\u00eda reemplazar al cuero convencional. \u201cEl uso de nuevos productos como la piel de salm\u00f3n nos plantea desaf\u00edos interesantes a la hora de dise\u00f1ar una prenda. Por un lado est\u00e1 la inmediatez en la obtenci\u00f3n de este producto y su comercializaci\u00f3n para la confecci\u00f3n, junto con analizar sus propiedades y forma de trabajo. Le vemos un gran potencial\u201d, afirman.&nbsp;<\/p>\n\n\n\n<p>Con su utilizaci\u00f3n en la industria de la moda, el salm\u00f3n avanza en su status sostenible en un contexto de desaf\u00edos medioambientales y alimentarios a nivel mundial. Seg\u00fan las principales conclusiones del cuarto Reporte de Impacto Sostenible del Consejo del Salm\u00f3n (gremio que re\u00fane a cinco de las principales empresas productoras que operan en Chile: AquaChile, Australis Seafoods, Cermaq, Mowi y Salmones Ays\u00e9n), en materia sostenible, durante 2023 las empresas del Consejo contribuyeron de forma directa e indirecta al bienestar de las personas y el medioambiente, aportando al logro de 12 de los 17 Objetivos de Desarrollo Sostenible (ODS), fijados por la ONU como parte de la Agenda 2030, a los cuales Chile se encuentra suscrito.<\/p>\n\n\n\n<p>\u201cEl salm\u00f3n es un producto clave en la producci\u00f3n chilena. Con una huella de carbono considerablemente menor que otras prote\u00ednas animales como los vacunos y los cerdos, y un consumo de agua m\u00e1s eficiente, destaca como una elecci\u00f3n responsable para el medio ambiente. Adem\u00e1s, m\u00e1s del 70% de su peso total corresponde a prote\u00edna disponible para consumo humano, convirti\u00e9ndose en una fuente valiosa de nutrientes esenciales. Si a esto le agregamos lo que est\u00e1 ocurriendo en los \u00faltimos a\u00f1os con el uso secundario de su piel, queda claro el potencial del salm\u00f3n y su sello de prote\u00edna que d\u00eda a d\u00eda es m\u00e1s sostenible\u201d, declara Loreto Seguel, directora ejecutiva del Consejo del Salm\u00f3n.<\/p>\n","protected":false},"excerpt":{"rendered":"<div class=\"pvc_clear\"><\/div>\n<p id=\"pvc_stats_55132\" class=\"pvc_stats total_only  \" data-element-id=\"55132\" style=\"\"><i class=\"pvc-stats-icon large\" aria-hidden=\"true\"><svg aria-hidden=\"true\" focusable=\"false\" data-prefix=\"far\" data-icon=\"chart-bar\" role=\"img\" xmlns=\"http:\/\/www.w3.org\/2000\/svg\" viewBox=\"0 0 512 512\" class=\"svg-inline--fa fa-chart-bar fa-w-16 fa-2x\"><path fill=\"currentColor\" d=\"M396.8 352h22.4c6.4 0 12.8-6.4 12.8-12.8V108.8c0-6.4-6.4-12.8-12.8-12.8h-22.4c-6.4 0-12.8 6.4-12.8 12.8v230.4c0 6.4 6.4 12.8 12.8 12.8zm-192 0h22.4c6.4 0 12.8-6.4 12.8-12.8V140.8c0-6.4-6.4-12.8-12.8-12.8h-22.4c-6.4 0-12.8 6.4-12.8 12.8v198.4c0 6.4 6.4 12.8 12.8 12.8zm96 0h22.4c6.4 0 12.8-6.4 12.8-12.8V204.8c0-6.4-6.4-12.8-12.8-12.8h-22.4c-6.4 0-12.8 6.4-12.8 12.8v134.4c0 6.4 6.4 12.8 12.8 12.8zM496 400H48V80c0-8.84-7.16-16-16-16H16C7.16 64 0 71.16 0 80v336c0 17.67 14.33 32 32 32h464c8.84 0 16-7.16 16-16v-16c0-8.84-7.16-16-16-16zm-387.2-48h22.4c6.4 0 12.8-6.4 12.8-12.8v-70.4c0-6.4-6.4-12.8-12.8-12.8h-22.4c-6.4 0-12.8 6.4-12.8 12.8v70.4c0 6.4 6.4 12.8 12.8 12.8z\" class=\"\"><\/path><\/svg><\/i> <img loading=\"lazy\" decoding=\"async\" width=\"16\" height=\"16\" alt=\"Loading\" src=\"https:\/\/temucotelevision.cl\/web\/wp-content\/plugins\/page-views-count\/ajax-loader-2x.gif\" border=0 \/><\/p>\n<div class=\"pvc_clear\"><\/div>\n<p>No s\u00f3lo es uno de los alimentos m\u00e1s nutritivos y saludables. La piel del salm\u00f3n tiene hoy una segunda vida<\/p>\n","protected":false},"author":1,"featured_media":55133,"comment_status":"open","ping_status":"open","sticky":false,"template":"","format":"standard","meta":{"colormag_page_container_layout":"default_layout","colormag_page_sidebar_layout":"default_layout","footnotes":""},"categories":[101],"tags":[7198],"class_list":["post-55132","post","type-post","status-publish","format-standard","has-post-thumbnail","hentry","category-actualidad","tag-cuero"],"a3_pvc":{"activated":true,"total_views":1118,"today_views":0},"_links":{"self":[{"href":"https:\/\/temucotelevision.cl\/web\/wp-json\/wp\/v2\/posts\/55132","targetHints":{"allow":["GET"]}}],"collection":[{"href":"https:\/\/temucotelevision.cl\/web\/wp-json\/wp\/v2\/posts"}],"about":[{"href":"https:\/\/temucotelevision.cl\/web\/wp-json\/wp\/v2\/types\/post"}],"author":[{"embeddable":true,"href":"https:\/\/temucotelevision.cl\/web\/wp-json\/wp\/v2\/users\/1"}],"replies":[{"embeddable":true,"href":"https:\/\/temucotelevision.cl\/web\/wp-json\/wp\/v2\/comments?post=55132"}],"version-history":[{"count":1,"href":"https:\/\/temucotelevision.cl\/web\/wp-json\/wp\/v2\/posts\/55132\/revisions"}],"predecessor-version":[{"id":55134,"href":"https:\/\/temucotelevision.cl\/web\/wp-json\/wp\/v2\/posts\/55132\/revisions\/55134"}],"wp:featuredmedia":[{"embeddable":true,"href":"https:\/\/temucotelevision.cl\/web\/wp-json\/wp\/v2\/media\/55133"}],"wp:attachment":[{"href":"https:\/\/temucotelevision.cl\/web\/wp-json\/wp\/v2\/media?parent=55132"}],"wp:term":[{"taxonomy":"category","embeddable":true,"href":"https:\/\/temucotelevision.cl\/web\/wp-json\/wp\/v2\/categories?post=55132"},{"taxonomy":"post_tag","embeddable":true,"href":"https:\/\/temucotelevision.cl\/web\/wp-json\/wp\/v2\/tags?post=55132"}],"curies":[{"name":"wp","href":"https:\/\/api.w.org\/{rel}","templated":true}]}}