{"id":54996,"date":"2025-01-29T17:24:03","date_gmt":"2025-01-29T20:24:03","guid":{"rendered":"https:\/\/temucotelevision.cl\/web\/?p=54996"},"modified":"2025-01-29T17:24:04","modified_gmt":"2025-01-29T20:24:04","slug":"luz-verde-para-la-descontaminacion-aprueban-plan-para-el-lago-villarrica","status":"publish","type":"post","link":"https:\/\/temucotelevision.cl\/web\/2025\/01\/29\/luz-verde-para-la-descontaminacion-aprueban-plan-para-el-lago-villarrica\/","title":{"rendered":"Luz verde para la descontaminaci\u00f3n: aprueban plan para el Lago Villarrica"},"content":{"rendered":"<div class=\"pvc_clear\"><\/div><p id=\"pvc_stats_54996\" class=\"pvc_stats total_only  \" data-element-id=\"54996\" style=\"\"><i class=\"pvc-stats-icon large\" aria-hidden=\"true\"><svg aria-hidden=\"true\" focusable=\"false\" data-prefix=\"far\" data-icon=\"chart-bar\" role=\"img\" xmlns=\"http:\/\/www.w3.org\/2000\/svg\" viewBox=\"0 0 512 512\" class=\"svg-inline--fa fa-chart-bar fa-w-16 fa-2x\"><path fill=\"currentColor\" d=\"M396.8 352h22.4c6.4 0 12.8-6.4 12.8-12.8V108.8c0-6.4-6.4-12.8-12.8-12.8h-22.4c-6.4 0-12.8 6.4-12.8 12.8v230.4c0 6.4 6.4 12.8 12.8 12.8zm-192 0h22.4c6.4 0 12.8-6.4 12.8-12.8V140.8c0-6.4-6.4-12.8-12.8-12.8h-22.4c-6.4 0-12.8 6.4-12.8 12.8v198.4c0 6.4 6.4 12.8 12.8 12.8zm96 0h22.4c6.4 0 12.8-6.4 12.8-12.8V204.8c0-6.4-6.4-12.8-12.8-12.8h-22.4c-6.4 0-12.8 6.4-12.8 12.8v134.4c0 6.4 6.4 12.8 12.8 12.8zM496 400H48V80c0-8.84-7.16-16-16-16H16C7.16 64 0 71.16 0 80v336c0 17.67 14.33 32 32 32h464c8.84 0 16-7.16 16-16v-16c0-8.84-7.16-16-16-16zm-387.2-48h22.4c6.4 0 12.8-6.4 12.8-12.8v-70.4c0-6.4-6.4-12.8-12.8-12.8h-22.4c-6.4 0-12.8 6.4-12.8 12.8v70.4c0 6.4 6.4 12.8 12.8 12.8z\" class=\"\"><\/path><\/svg><\/i> <img loading=\"lazy\" decoding=\"async\" width=\"16\" height=\"16\" alt=\"Loading\" src=\"https:\/\/temucotelevision.cl\/web\/wp-content\/plugins\/page-views-count\/ajax-loader-2x.gif\" border=0 \/><\/p><div class=\"pvc_clear\"><\/div>\n<p>&#8220;Nos parece un paso muy importante. Ahora corresponde que la Contralor\u00eda realice la toma de raz\u00f3n y que el proceso se agilice para que el Ministerio del Medio Ambiente lo incorpore en la Ley de Presupuestos que se discutir\u00e1 este 2025 para el 2026. Esto permitir\u00e1 la asignaci\u00f3n de los recursos que establece el Plan de Descontaminaci\u00f3n del Lago Villarrica&#8221;, se\u00f1al\u00f3 el alcalde de Puc\u00f3n, Sebasti\u00e1n \u00c1lvarez, este mi\u00e9rcoles, tras conocerse la aprobaci\u00f3n del plan por parte del Consejo de Ministros para la Sustentabilidad y el Cambio Clim\u00e1tico del Gobierno de Chile.&nbsp;<\/p>\n\n\n\n<p>El jefe comunal destac\u00f3 la importancia de este avance para la protecci\u00f3n del ecosistema y el desarrollo sostenible de la zona, subrayando la necesidad de contar con financiamiento garantizado para su ejecuci\u00f3n. &#8220;No sacamos nada con tener un plan sin los recursos asegurados desde la Ley de Presupuestos. Ese es el emplazamiento que hoy hacemos al Consejo de Ministros y a la ministra del Medio Ambiente, para que se dispongan los fondos necesarios y este plan de descontaminaci\u00f3n pueda ser operativo&#8221;, puntualiz\u00f3.<\/p>\n\n\n\n<p>El Plan de Descontaminaci\u00f3n para la Cuenca del Lago Villarrica busca mejorar la calidad del agua y mitigar los impactos ambientales en uno de los principales atractivos tur\u00edsticos de la regi\u00f3n y el pa\u00eds.<\/p>\n\n\n\n<p><strong>MEDIDAS DEL PLAN<\/strong><\/p>\n\n\n\n<p>La iniciativa tiene como objetivo resguardar la biodiversidad y fomentar actividades econ\u00f3micas sostenibles, tras identificarse un aumento de nutrientes como f\u00f3sforo y nitr\u00f3geno, derivado de la actividad humana domiciliaria y productiva en la zona lacustre.<\/p>\n\n\n\n<p>El plan busca recuperar la calidad del agua conforme a las Normas Secundarias de Calidad Ambiental para la Protecci\u00f3n de las Aguas Continentales Superficiales del Lago Villarrica, publicadas en 2013. Para ello, se implementar\u00e1n medidas en los sectores p\u00fablico y privado, como l\u00edmites de emisi\u00f3n de f\u00f3sforo en pisciculturas, regulaci\u00f3n de plantas de tratamiento, saneamiento rural y reforestaci\u00f3n. Adem\u00e1s, se fortalecer\u00e1n la fiscalizaci\u00f3n, el turismo sustentable, la compensaci\u00f3n de emisiones y los planes de acci\u00f3n ante floraciones de algas, junto con monitoreos, estudios y mayor participaci\u00f3n ciudadana.<\/p>\n\n\n\n<p>Actualmente, se realiza un monitoreo diario en 40 puntos de la cuenca, proporcionando informaci\u00f3n clave para el sistema de banderas, que durante esta temporada estival se ha mantenido en &#8220;Verde&#8221;, indicando que el lago es apto para el uso recreacional de forma segura.<\/p>\n\n\n\n<figure class=\"wp-block-image size-large\"><img loading=\"lazy\" decoding=\"async\" width=\"1000\" height=\"750\" src=\"https:\/\/temucotelevision.cl\/web\/wp-content\/uploads\/2025\/01\/WhatsApp-Image-2025-01-29-at-15.48.57-1000x750.jpeg\" alt=\"\" class=\"wp-image-54998\" srcset=\"https:\/\/temucotelevision.cl\/web\/wp-content\/uploads\/2025\/01\/WhatsApp-Image-2025-01-29-at-15.48.57-1000x750.jpeg 1000w, https:\/\/temucotelevision.cl\/web\/wp-content\/uploads\/2025\/01\/WhatsApp-Image-2025-01-29-at-15.48.57-768x576.jpeg 768w, https:\/\/temucotelevision.cl\/web\/wp-content\/uploads\/2025\/01\/WhatsApp-Image-2025-01-29-at-15.48.57-1536x1152.jpeg 1536w, https:\/\/temucotelevision.cl\/web\/wp-content\/uploads\/2025\/01\/WhatsApp-Image-2025-01-29-at-15.48.57-2048x1536.jpeg 2048w\" sizes=\"auto, (max-width: 1000px) 100vw, 1000px\" \/><\/figure>\n","protected":false},"excerpt":{"rendered":"<div class=\"pvc_clear\"><\/div>\n<p id=\"pvc_stats_54996\" class=\"pvc_stats total_only  \" data-element-id=\"54996\" style=\"\"><i class=\"pvc-stats-icon large\" aria-hidden=\"true\"><svg aria-hidden=\"true\" focusable=\"false\" data-prefix=\"far\" data-icon=\"chart-bar\" role=\"img\" xmlns=\"http:\/\/www.w3.org\/2000\/svg\" viewBox=\"0 0 512 512\" class=\"svg-inline--fa fa-chart-bar fa-w-16 fa-2x\"><path fill=\"currentColor\" d=\"M396.8 352h22.4c6.4 0 12.8-6.4 12.8-12.8V108.8c0-6.4-6.4-12.8-12.8-12.8h-22.4c-6.4 0-12.8 6.4-12.8 12.8v230.4c0 6.4 6.4 12.8 12.8 12.8zm-192 0h22.4c6.4 0 12.8-6.4 12.8-12.8V140.8c0-6.4-6.4-12.8-12.8-12.8h-22.4c-6.4 0-12.8 6.4-12.8 12.8v198.4c0 6.4 6.4 12.8 12.8 12.8zm96 0h22.4c6.4 0 12.8-6.4 12.8-12.8V204.8c0-6.4-6.4-12.8-12.8-12.8h-22.4c-6.4 0-12.8 6.4-12.8 12.8v134.4c0 6.4 6.4 12.8 12.8 12.8zM496 400H48V80c0-8.84-7.16-16-16-16H16C7.16 64 0 71.16 0 80v336c0 17.67 14.33 32 32 32h464c8.84 0 16-7.16 16-16v-16c0-8.84-7.16-16-16-16zm-387.2-48h22.4c6.4 0 12.8-6.4 12.8-12.8v-70.4c0-6.4-6.4-12.8-12.8-12.8h-22.4c-6.4 0-12.8 6.4-12.8 12.8v70.4c0 6.4 6.4 12.8 12.8 12.8z\" class=\"\"><\/path><\/svg><\/i> <img loading=\"lazy\" decoding=\"async\" width=\"16\" height=\"16\" alt=\"Loading\" src=\"https:\/\/temucotelevision.cl\/web\/wp-content\/plugins\/page-views-count\/ajax-loader-2x.gif\" border=0 \/><\/p>\n<div class=\"pvc_clear\"><\/div>\n<p>&#8220;Nos parece un paso muy importante. Ahora corresponde que la Contralor\u00eda realice la toma de raz\u00f3n y que el proceso<\/p>\n","protected":false},"author":1,"featured_media":54997,"comment_status":"open","ping_status":"open","sticky":false,"template":"","format":"standard","meta":{"colormag_page_container_layout":"default_layout","colormag_page_sidebar_layout":"default_layout","footnotes":""},"categories":[14],"tags":[502],"class_list":["post-54996","post","type-post","status-publish","format-standard","has-post-thumbnail","hentry","category-temuco","tag-lago"],"a3_pvc":{"activated":true,"total_views":1883,"today_views":0},"_links":{"self":[{"href":"https:\/\/temucotelevision.cl\/web\/wp-json\/wp\/v2\/posts\/54996","targetHints":{"allow":["GET"]}}],"collection":[{"href":"https:\/\/temucotelevision.cl\/web\/wp-json\/wp\/v2\/posts"}],"about":[{"href":"https:\/\/temucotelevision.cl\/web\/wp-json\/wp\/v2\/types\/post"}],"author":[{"embeddable":true,"href":"https:\/\/temucotelevision.cl\/web\/wp-json\/wp\/v2\/users\/1"}],"replies":[{"embeddable":true,"href":"https:\/\/temucotelevision.cl\/web\/wp-json\/wp\/v2\/comments?post=54996"}],"version-history":[{"count":1,"href":"https:\/\/temucotelevision.cl\/web\/wp-json\/wp\/v2\/posts\/54996\/revisions"}],"predecessor-version":[{"id":54999,"href":"https:\/\/temucotelevision.cl\/web\/wp-json\/wp\/v2\/posts\/54996\/revisions\/54999"}],"wp:featuredmedia":[{"embeddable":true,"href":"https:\/\/temucotelevision.cl\/web\/wp-json\/wp\/v2\/media\/54997"}],"wp:attachment":[{"href":"https:\/\/temucotelevision.cl\/web\/wp-json\/wp\/v2\/media?parent=54996"}],"wp:term":[{"taxonomy":"category","embeddable":true,"href":"https:\/\/temucotelevision.cl\/web\/wp-json\/wp\/v2\/categories?post=54996"},{"taxonomy":"post_tag","embeddable":true,"href":"https:\/\/temucotelevision.cl\/web\/wp-json\/wp\/v2\/tags?post=54996"}],"curies":[{"name":"wp","href":"https:\/\/api.w.org\/{rel}","templated":true}]}}