{"id":54990,"date":"2025-01-29T15:19:07","date_gmt":"2025-01-29T18:19:07","guid":{"rendered":"https:\/\/temucotelevision.cl\/web\/?p=54990"},"modified":"2025-01-29T16:46:25","modified_gmt":"2025-01-29T19:46:25","slug":"con-entrega-en-costanera-del-cautin-temuco-avanza-en-la-meta-de-25-mil-contenedores-de-basura-para-erradicar-microbasurales","status":"publish","type":"post","link":"https:\/\/temucotelevision.cl\/web\/2025\/01\/29\/con-entrega-en-costanera-del-cautin-temuco-avanza-en-la-meta-de-25-mil-contenedores-de-basura-para-erradicar-microbasurales\/","title":{"rendered":"Con entrega en Costanera del Caut\u00edn, Temuco avanza en la meta de 25 mil contenedores de basura para erradicar microbasurales"},"content":{"rendered":"<div class=\"pvc_clear\"><\/div><p id=\"pvc_stats_54990\" class=\"pvc_stats total_only  \" data-element-id=\"54990\" style=\"\"><i class=\"pvc-stats-icon large\" aria-hidden=\"true\"><svg aria-hidden=\"true\" focusable=\"false\" data-prefix=\"far\" data-icon=\"chart-bar\" role=\"img\" xmlns=\"http:\/\/www.w3.org\/2000\/svg\" viewBox=\"0 0 512 512\" class=\"svg-inline--fa fa-chart-bar fa-w-16 fa-2x\"><path fill=\"currentColor\" d=\"M396.8 352h22.4c6.4 0 12.8-6.4 12.8-12.8V108.8c0-6.4-6.4-12.8-12.8-12.8h-22.4c-6.4 0-12.8 6.4-12.8 12.8v230.4c0 6.4 6.4 12.8 12.8 12.8zm-192 0h22.4c6.4 0 12.8-6.4 12.8-12.8V140.8c0-6.4-6.4-12.8-12.8-12.8h-22.4c-6.4 0-12.8 6.4-12.8 12.8v198.4c0 6.4 6.4 12.8 12.8 12.8zm96 0h22.4c6.4 0 12.8-6.4 12.8-12.8V204.8c0-6.4-6.4-12.8-12.8-12.8h-22.4c-6.4 0-12.8 6.4-12.8 12.8v134.4c0 6.4 6.4 12.8 12.8 12.8zM496 400H48V80c0-8.84-7.16-16-16-16H16C7.16 64 0 71.16 0 80v336c0 17.67 14.33 32 32 32h464c8.84 0 16-7.16 16-16v-16c0-8.84-7.16-16-16-16zm-387.2-48h22.4c6.4 0 12.8-6.4 12.8-12.8v-70.4c0-6.4-6.4-12.8-12.8-12.8h-22.4c-6.4 0-12.8 6.4-12.8 12.8v70.4c0 6.4 6.4 12.8 12.8 12.8z\" class=\"\"><\/path><\/svg><\/i> <img loading=\"lazy\" decoding=\"async\" width=\"16\" height=\"16\" alt=\"Loading\" src=\"https:\/\/temucotelevision.cl\/web\/wp-content\/plugins\/page-views-count\/ajax-loader-2x.gif\" border=0 \/><\/p><div class=\"pvc_clear\"><\/div>\n<p><em><strong>Con la entrega de 300 unidades en Costanera del Caut\u00edn, se avanza en un ambicioso que contempla 25 mil unidades para 3 importantes macro sectores de la comuna.<\/strong><\/em><\/p>\n\n\n\n<p>El Municipio de Temuco contin\u00faa la exitosa entrega de contenedores de basura, en el marco de un proyecto que contempla la distribuci\u00f3n de 25 mil unidades en toda la comuna. Esta vez fueron 300 los entregados en el macrosector Costanera del Caut\u00edn, como parte de una iniciativa financiada por el Gobierno Regional de La Araucan\u00eda y que contempla una inversi\u00f3n de m\u00e1s de $1.300 millones, y que va en directa b\u00fasqueda de la erradicaci\u00f3n los micro y macrobasurales, contribuyendo a una ciudad m\u00e1s limpia y ordenada.<\/p>\n\n\n\n<p>El alcalde Roberto Neira explic\u00f3 que esta entrega es parte de los m\u00e1s de 7 mil contenedores destinados a Costanera del Caut\u00edn, mientras que en el macrosector Pedro de Valdivia la distribuci\u00f3n est\u00e1 en su etapa final. \u201cUna vez que terminemos aqu\u00ed, nos trasladaremos a Amanecer. Agradezco al Gobierno Regional y a los consejeros regionales por apoyar este proyecto, que permitir\u00e1 tener una ciudad m\u00e1s ordenada y limpia, alineada con nuestra gesti\u00f3n municipal\u201d, indic\u00f3 la autoridad.<\/p>\n\n\n\n<p>Los contenedores corresponden a dos formatos: de&nbsp;<strong>120 litros<\/strong>, destinados a viviendas en extensi\u00f3n, y de&nbsp;<strong>1.100 litros<\/strong>, para condominios de edificios. Adem\u00e1s de mejorar la recolecci\u00f3n de residuos, la medida ayudar\u00e1 a detectar a quienes arrojan basura en lugares no autorizados.<\/p>\n\n\n\n<p>El alcalde Neira hizo un llamado a los vecinos a cuidar estos nuevos elementos. \u201cPedimos a la comunidad que cuide su contenedor y que lo ingrese a su domicilio una vez realizado el retiro de la basura. Esto permitir\u00e1 mantener el orden y la limpieza en la ciudad\u201d, se\u00f1al\u00f3.<\/p>\n\n\n\n<p><strong>Caracter\u00edsticas de los contenedores<\/strong><\/p>\n\n\n\n<p>Los contenedores, dise\u00f1ados para resistir el paso del tiempo y las adversidades clim\u00e1ticas, est\u00e1n pensados para adaptarse a las necesidades tanto de viviendas individuales como de condominios. En el caso de las casas, se est\u00e1n distribuyendo contenedores de 120 litros, mientras que los edificios reciben modelos de 1.100 litros, ambos fabricados con polietileno inyectado de alta densidad, resistente a temperaturas extremas, rayos UV y m\u00faltiples elementos qu\u00edmicos. Adem\u00e1s, sus dise\u00f1os innovadores aseguran maniobrabilidad, f\u00e1cil lavado y compatibilidad con sistemas de elevaci\u00f3n mecanizada.<\/p>\n\n\n\n<p>Sin embargo, el proyecto no se limita a la entrega de contenedores. Un equipo especializado del municipio llevar\u00e1 a cabo un monitoreo peri\u00f3dico para evaluar el impacto de esta iniciativa en la reducci\u00f3n de microbasurales y la mejora en la recolecci\u00f3n de residuos. Estos datos ser\u00e1n clave para ajustar estrategias y garantizar el \u00e9xito del programa, cuyos resultados se informar\u00e1n al Gobierno Regional como parte de la evaluaci\u00f3n del proyecto.<\/p>\n\n\n\n<p>Los vecinos del macrosector Costanera del Caut\u00edn celebraron esta medida, que no solo responde a una urgente necesidad de sanidad urbana, sino que tambi\u00e9n refuerza el compromiso de las autoridades con el medio ambiente y la calidad de vida de los habitantes. En este sentido, Mar\u00eda Ang\u00e9lica Godoy, residente de Villa Langdon, valor\u00f3 la entrega.&nbsp;\u201cAhora se va a ordenar el sector, ya no veremos esos perros en la esquina\u201d, coment\u00f3.<\/p>\n\n\n\n<p>Finalmente, se espera que la distribuci\u00f3n de contenedores contin\u00fae en los pr\u00f3ximos d\u00edas, cubriendo gradualmente los principales macrosectores de la comuna, de esta forma, Temuco no s\u00f3lo apuesta por un entorno m\u00e1s limpio y ordenado, sino que env\u00eda un mensaje claro: la ciudad est\u00e1 preparada para avanzar hacia un futuro m\u00e1s sostenible y comprometido con el bienestar colectivo.<\/p>\n\n\n\n<p><\/p>\n","protected":false},"excerpt":{"rendered":"<div class=\"pvc_clear\"><\/div>\n<p id=\"pvc_stats_54990\" class=\"pvc_stats total_only  \" data-element-id=\"54990\" style=\"\"><i class=\"pvc-stats-icon large\" aria-hidden=\"true\"><svg aria-hidden=\"true\" focusable=\"false\" data-prefix=\"far\" data-icon=\"chart-bar\" role=\"img\" xmlns=\"http:\/\/www.w3.org\/2000\/svg\" viewBox=\"0 0 512 512\" class=\"svg-inline--fa fa-chart-bar fa-w-16 fa-2x\"><path fill=\"currentColor\" d=\"M396.8 352h22.4c6.4 0 12.8-6.4 12.8-12.8V108.8c0-6.4-6.4-12.8-12.8-12.8h-22.4c-6.4 0-12.8 6.4-12.8 12.8v230.4c0 6.4 6.4 12.8 12.8 12.8zm-192 0h22.4c6.4 0 12.8-6.4 12.8-12.8V140.8c0-6.4-6.4-12.8-12.8-12.8h-22.4c-6.4 0-12.8 6.4-12.8 12.8v198.4c0 6.4 6.4 12.8 12.8 12.8zm96 0h22.4c6.4 0 12.8-6.4 12.8-12.8V204.8c0-6.4-6.4-12.8-12.8-12.8h-22.4c-6.4 0-12.8 6.4-12.8 12.8v134.4c0 6.4 6.4 12.8 12.8 12.8zM496 400H48V80c0-8.84-7.16-16-16-16H16C7.16 64 0 71.16 0 80v336c0 17.67 14.33 32 32 32h464c8.84 0 16-7.16 16-16v-16c0-8.84-7.16-16-16-16zm-387.2-48h22.4c6.4 0 12.8-6.4 12.8-12.8v-70.4c0-6.4-6.4-12.8-12.8-12.8h-22.4c-6.4 0-12.8 6.4-12.8 12.8v70.4c0 6.4 6.4 12.8 12.8 12.8z\" class=\"\"><\/path><\/svg><\/i> <img loading=\"lazy\" decoding=\"async\" width=\"16\" height=\"16\" alt=\"Loading\" src=\"https:\/\/temucotelevision.cl\/web\/wp-content\/plugins\/page-views-count\/ajax-loader-2x.gif\" border=0 \/><\/p>\n<div class=\"pvc_clear\"><\/div>\n<p>Con la entrega de 300 unidades en Costanera del Caut\u00edn, se avanza en un ambicioso que contempla 25 mil unidades<\/p>\n","protected":false},"author":1,"featured_media":54991,"comment_status":"open","ping_status":"open","sticky":false,"template":"","format":"standard","meta":{"colormag_page_container_layout":"default_layout","colormag_page_sidebar_layout":"default_layout","footnotes":""},"categories":[14],"tags":[78],"class_list":["post-54990","post","type-post","status-publish","format-standard","has-post-thumbnail","hentry","category-temuco","tag-temuco"],"a3_pvc":{"activated":true,"total_views":1449,"today_views":0},"_links":{"self":[{"href":"https:\/\/temucotelevision.cl\/web\/wp-json\/wp\/v2\/posts\/54990","targetHints":{"allow":["GET"]}}],"collection":[{"href":"https:\/\/temucotelevision.cl\/web\/wp-json\/wp\/v2\/posts"}],"about":[{"href":"https:\/\/temucotelevision.cl\/web\/wp-json\/wp\/v2\/types\/post"}],"author":[{"embeddable":true,"href":"https:\/\/temucotelevision.cl\/web\/wp-json\/wp\/v2\/users\/1"}],"replies":[{"embeddable":true,"href":"https:\/\/temucotelevision.cl\/web\/wp-json\/wp\/v2\/comments?post=54990"}],"version-history":[{"count":3,"href":"https:\/\/temucotelevision.cl\/web\/wp-json\/wp\/v2\/posts\/54990\/revisions"}],"predecessor-version":[{"id":54995,"href":"https:\/\/temucotelevision.cl\/web\/wp-json\/wp\/v2\/posts\/54990\/revisions\/54995"}],"wp:featuredmedia":[{"embeddable":true,"href":"https:\/\/temucotelevision.cl\/web\/wp-json\/wp\/v2\/media\/54991"}],"wp:attachment":[{"href":"https:\/\/temucotelevision.cl\/web\/wp-json\/wp\/v2\/media?parent=54990"}],"wp:term":[{"taxonomy":"category","embeddable":true,"href":"https:\/\/temucotelevision.cl\/web\/wp-json\/wp\/v2\/categories?post=54990"},{"taxonomy":"post_tag","embeddable":true,"href":"https:\/\/temucotelevision.cl\/web\/wp-json\/wp\/v2\/tags?post=54990"}],"curies":[{"name":"wp","href":"https:\/\/api.w.org\/{rel}","templated":true}]}}