{"id":54987,"date":"2025-01-29T15:14:43","date_gmt":"2025-01-29T18:14:43","guid":{"rendered":"https:\/\/temucotelevision.cl\/web\/?p=54987"},"modified":"2025-01-29T15:14:45","modified_gmt":"2025-01-29T18:14:45","slug":"diputado-jorge-rathgeb-exige-acelerar-limpieza-de-faja-fiscal-en-rutas-de-la-araucania-por-riesgo-de-propagacion-de-incendios","status":"publish","type":"post","link":"https:\/\/temucotelevision.cl\/web\/2025\/01\/29\/diputado-jorge-rathgeb-exige-acelerar-limpieza-de-faja-fiscal-en-rutas-de-la-araucania-por-riesgo-de-propagacion-de-incendios\/","title":{"rendered":"Diputado Jorge Rathgeb exige acelerar limpieza de faja fiscal en rutas de La Araucan\u00eda por riesgo de propagaci\u00f3n de incendios"},"content":{"rendered":"<div class=\"pvc_clear\"><\/div><p id=\"pvc_stats_54987\" class=\"pvc_stats total_only  \" data-element-id=\"54987\" style=\"\"><i class=\"pvc-stats-icon large\" aria-hidden=\"true\"><svg aria-hidden=\"true\" focusable=\"false\" data-prefix=\"far\" data-icon=\"chart-bar\" role=\"img\" xmlns=\"http:\/\/www.w3.org\/2000\/svg\" viewBox=\"0 0 512 512\" class=\"svg-inline--fa fa-chart-bar fa-w-16 fa-2x\"><path fill=\"currentColor\" d=\"M396.8 352h22.4c6.4 0 12.8-6.4 12.8-12.8V108.8c0-6.4-6.4-12.8-12.8-12.8h-22.4c-6.4 0-12.8 6.4-12.8 12.8v230.4c0 6.4 6.4 12.8 12.8 12.8zm-192 0h22.4c6.4 0 12.8-6.4 12.8-12.8V140.8c0-6.4-6.4-12.8-12.8-12.8h-22.4c-6.4 0-12.8 6.4-12.8 12.8v198.4c0 6.4 6.4 12.8 12.8 12.8zm96 0h22.4c6.4 0 12.8-6.4 12.8-12.8V204.8c0-6.4-6.4-12.8-12.8-12.8h-22.4c-6.4 0-12.8 6.4-12.8 12.8v134.4c0 6.4 6.4 12.8 12.8 12.8zM496 400H48V80c0-8.84-7.16-16-16-16H16C7.16 64 0 71.16 0 80v336c0 17.67 14.33 32 32 32h464c8.84 0 16-7.16 16-16v-16c0-8.84-7.16-16-16-16zm-387.2-48h22.4c6.4 0 12.8-6.4 12.8-12.8v-70.4c0-6.4-6.4-12.8-12.8-12.8h-22.4c-6.4 0-12.8 6.4-12.8 12.8v70.4c0 6.4 6.4 12.8 12.8 12.8z\" class=\"\"><\/path><\/svg><\/i> <img loading=\"lazy\" decoding=\"async\" width=\"16\" height=\"16\" alt=\"Loading\" src=\"https:\/\/temucotelevision.cl\/web\/wp-content\/plugins\/page-views-count\/ajax-loader-2x.gif\" border=0 \/><\/p><div class=\"pvc_clear\"><\/div>\n<p><strong>El diputado solicit\u00f3 hace meses que se hicieran los trabajos de despejar la faja vial de caminos de distintas comunas de La Araucan\u00eda, ante el riesgo que pudiera traer un siniestro, algo que no se realiz\u00f3 lo que se aprecia en lo largo de los pastizales que est\u00e1n en la berma y el riesgo de combusti\u00f3n que presentan.<\/strong><\/p>\n\n\n\n<p>Mantener la faja vial de los caminos p\u00fablicos, siguiendo el sentido longitudinal (paralelismo) y\/o transversal (atraviesos), dentro de sus l\u00edneas de cierres o entre las l\u00edneas oficiales establecidas por los planes reguladores, es una medida importante para evitar la propagaci\u00f3n de los incendios de temporada.<\/p>\n\n\n\n<p>El diputado de Renovaci\u00f3n Nacional por La Araucan\u00eda y presidente regional de la colectividad, en su calidad de presidente de la comisi\u00f3n de Agricultura y de Emergencias, Cat\u00e1strofes y Bomberos, solicit\u00f3 hace meses que se pudieran realizar las obras de despeje, cortando los pastizales y limpieza de estos sectores algo que de momento no se ha realizado en varias rutas.<\/p>\n\n\n\n<p>El tramo Los Sauces-Traigu\u00e9n, el que conecta Pur\u00e9n con Los Sauces o Curacaut\u00edn hacia el t\u00fanel Las Ra\u00edces, son ejemplos concretos de que no se han realizado estas labores y que en caso de un siniestro la vegetaci\u00f3n seca podr\u00eda provocar un aumento de un siniestro y tambi\u00e9n mayor propagaci\u00f3n.<\/p>\n\n\n\n<p>Rathgeb, puntualiz\u00f3 que esto se dijo hace tiempo, que no es algo antojadizo, pero que se hizo caso omiso a esta advertencia solicitada de manera formal a trav\u00e9s de los oficios respectivos.<\/p>\n\n\n\n<p>\u201cDesde el a\u00f1o pasado que vengo solicitando de manera especial que se hagan las obras de despeje y limpieza de la faja fiscal en caminos, lo hice de manera formal a trav\u00e9s de los distintos canales, algo que no se hizo y hoy tenemos pastizales largos y secos que en caso de un incendio aumentar\u00e1n la propagaci\u00f3n de este, por eso mi llamado es que se realice a la brevedad, considerando que estamos en la \u00e9poca de mayor riesgo de siniestros\u201d, manifest\u00f3 el diputado Rathgeb.<\/p>\n\n\n\n<p>El legislador espera que esto se haga pronto y que se pueda realizar el respectivo catastro de las rutas en las que se requiere adem\u00e1s estos trabajos tanto en Caut\u00edn como tambi\u00e9n en Malleco.<\/p>\n","protected":false},"excerpt":{"rendered":"<div class=\"pvc_clear\"><\/div>\n<p id=\"pvc_stats_54987\" class=\"pvc_stats total_only  \" data-element-id=\"54987\" style=\"\"><i class=\"pvc-stats-icon large\" aria-hidden=\"true\"><svg aria-hidden=\"true\" focusable=\"false\" data-prefix=\"far\" data-icon=\"chart-bar\" role=\"img\" xmlns=\"http:\/\/www.w3.org\/2000\/svg\" viewBox=\"0 0 512 512\" class=\"svg-inline--fa fa-chart-bar fa-w-16 fa-2x\"><path fill=\"currentColor\" d=\"M396.8 352h22.4c6.4 0 12.8-6.4 12.8-12.8V108.8c0-6.4-6.4-12.8-12.8-12.8h-22.4c-6.4 0-12.8 6.4-12.8 12.8v230.4c0 6.4 6.4 12.8 12.8 12.8zm-192 0h22.4c6.4 0 12.8-6.4 12.8-12.8V140.8c0-6.4-6.4-12.8-12.8-12.8h-22.4c-6.4 0-12.8 6.4-12.8 12.8v198.4c0 6.4 6.4 12.8 12.8 12.8zm96 0h22.4c6.4 0 12.8-6.4 12.8-12.8V204.8c0-6.4-6.4-12.8-12.8-12.8h-22.4c-6.4 0-12.8 6.4-12.8 12.8v134.4c0 6.4 6.4 12.8 12.8 12.8zM496 400H48V80c0-8.84-7.16-16-16-16H16C7.16 64 0 71.16 0 80v336c0 17.67 14.33 32 32 32h464c8.84 0 16-7.16 16-16v-16c0-8.84-7.16-16-16-16zm-387.2-48h22.4c6.4 0 12.8-6.4 12.8-12.8v-70.4c0-6.4-6.4-12.8-12.8-12.8h-22.4c-6.4 0-12.8 6.4-12.8 12.8v70.4c0 6.4 6.4 12.8 12.8 12.8z\" class=\"\"><\/path><\/svg><\/i> <img loading=\"lazy\" decoding=\"async\" width=\"16\" height=\"16\" alt=\"Loading\" src=\"https:\/\/temucotelevision.cl\/web\/wp-content\/plugins\/page-views-count\/ajax-loader-2x.gif\" border=0 \/><\/p>\n<div class=\"pvc_clear\"><\/div>\n<p>El diputado solicit\u00f3 hace meses que se hicieran los trabajos de despejar la faja vial de caminos de distintas comunas<\/p>\n","protected":false},"author":1,"featured_media":54988,"comment_status":"open","ping_status":"open","sticky":false,"template":"","format":"standard","meta":{"colormag_page_container_layout":"default_layout","colormag_page_sidebar_layout":"default_layout","footnotes":""},"categories":[84],"tags":[3036],"class_list":["post-54987","post","type-post","status-publish","format-standard","has-post-thumbnail","hentry","category-politica","tag-rutas"],"a3_pvc":{"activated":true,"total_views":944,"today_views":0},"_links":{"self":[{"href":"https:\/\/temucotelevision.cl\/web\/wp-json\/wp\/v2\/posts\/54987","targetHints":{"allow":["GET"]}}],"collection":[{"href":"https:\/\/temucotelevision.cl\/web\/wp-json\/wp\/v2\/posts"}],"about":[{"href":"https:\/\/temucotelevision.cl\/web\/wp-json\/wp\/v2\/types\/post"}],"author":[{"embeddable":true,"href":"https:\/\/temucotelevision.cl\/web\/wp-json\/wp\/v2\/users\/1"}],"replies":[{"embeddable":true,"href":"https:\/\/temucotelevision.cl\/web\/wp-json\/wp\/v2\/comments?post=54987"}],"version-history":[{"count":1,"href":"https:\/\/temucotelevision.cl\/web\/wp-json\/wp\/v2\/posts\/54987\/revisions"}],"predecessor-version":[{"id":54989,"href":"https:\/\/temucotelevision.cl\/web\/wp-json\/wp\/v2\/posts\/54987\/revisions\/54989"}],"wp:featuredmedia":[{"embeddable":true,"href":"https:\/\/temucotelevision.cl\/web\/wp-json\/wp\/v2\/media\/54988"}],"wp:attachment":[{"href":"https:\/\/temucotelevision.cl\/web\/wp-json\/wp\/v2\/media?parent=54987"}],"wp:term":[{"taxonomy":"category","embeddable":true,"href":"https:\/\/temucotelevision.cl\/web\/wp-json\/wp\/v2\/categories?post=54987"},{"taxonomy":"post_tag","embeddable":true,"href":"https:\/\/temucotelevision.cl\/web\/wp-json\/wp\/v2\/tags?post=54987"}],"curies":[{"name":"wp","href":"https:\/\/api.w.org\/{rel}","templated":true}]}}