{"id":54979,"date":"2025-01-29T09:15:29","date_gmt":"2025-01-29T12:15:29","guid":{"rendered":"https:\/\/temucotelevision.cl\/web\/?p=54979"},"modified":"2025-01-29T09:15:45","modified_gmt":"2025-01-29T12:15:45","slug":"carabineros-del-os-9-detienen-a-prestamistas-colombianos-por-homicidio-en-collipulli","status":"publish","type":"post","link":"https:\/\/temucotelevision.cl\/web\/2025\/01\/29\/carabineros-del-os-9-detienen-a-prestamistas-colombianos-por-homicidio-en-collipulli\/","title":{"rendered":"Carabineros del OS-9 detienen a prestamistas colombianos por homicidio en Collipulli"},"content":{"rendered":"<div class=\"pvc_clear\"><\/div><p id=\"pvc_stats_54979\" class=\"pvc_stats total_only  \" data-element-id=\"54979\" style=\"\"><i class=\"pvc-stats-icon large\" aria-hidden=\"true\"><svg aria-hidden=\"true\" focusable=\"false\" data-prefix=\"far\" data-icon=\"chart-bar\" role=\"img\" xmlns=\"http:\/\/www.w3.org\/2000\/svg\" viewBox=\"0 0 512 512\" class=\"svg-inline--fa fa-chart-bar fa-w-16 fa-2x\"><path fill=\"currentColor\" d=\"M396.8 352h22.4c6.4 0 12.8-6.4 12.8-12.8V108.8c0-6.4-6.4-12.8-12.8-12.8h-22.4c-6.4 0-12.8 6.4-12.8 12.8v230.4c0 6.4 6.4 12.8 12.8 12.8zm-192 0h22.4c6.4 0 12.8-6.4 12.8-12.8V140.8c0-6.4-6.4-12.8-12.8-12.8h-22.4c-6.4 0-12.8 6.4-12.8 12.8v198.4c0 6.4 6.4 12.8 12.8 12.8zm96 0h22.4c6.4 0 12.8-6.4 12.8-12.8V204.8c0-6.4-6.4-12.8-12.8-12.8h-22.4c-6.4 0-12.8 6.4-12.8 12.8v134.4c0 6.4 6.4 12.8 12.8 12.8zM496 400H48V80c0-8.84-7.16-16-16-16H16C7.16 64 0 71.16 0 80v336c0 17.67 14.33 32 32 32h464c8.84 0 16-7.16 16-16v-16c0-8.84-7.16-16-16-16zm-387.2-48h22.4c6.4 0 12.8-6.4 12.8-12.8v-70.4c0-6.4-6.4-12.8-12.8-12.8h-22.4c-6.4 0-12.8 6.4-12.8 12.8v70.4c0 6.4 6.4 12.8 12.8 12.8z\" class=\"\"><\/path><\/svg><\/i> <img loading=\"lazy\" decoding=\"async\" width=\"16\" height=\"16\" alt=\"Loading\" src=\"https:\/\/temucotelevision.cl\/web\/wp-content\/plugins\/page-views-count\/ajax-loader-2x.gif\" border=0 \/><\/p><div class=\"pvc_clear\"><\/div>\n<p>A sangre fr\u00eda, de un disparo, asesinaron a un hombre en su casa, en la comuna de Collipulli, al no cumplir con las obligaciones pactadas.<\/p>\n\n\n\n<p>En una investigaci\u00f3n conjunta entre la Fiscal\u00eda local de Collipulli y Carabineros del OS-9, en las \u00faltimas horas fueron detenidos tres ciudadanos colombianos por el homicidio, de un disparo, de un hombre de 33 a\u00f1os, ocurrido el pasado 3 de enero en la comuna de Collipulli.<\/p>\n\n\n\n<p>El asesinato, a sangre fr\u00eda, tendr\u00eda como motivaci\u00f3n el no pago de dinero a prestamistas ilegales.<\/p>\n\n\n\n<p>En las \u00faltimas, Carabineros del OS-9 con apoyo del Gope, allanaron de manera simult\u00e1nea dos inmuebles en la ciudad de Temuco, deteniendo a dos hombres y una mujer de nacionalidad colombiana por el hecho de sangre.<\/p>\n\n\n\n<p>&#8220;En virtud de un proceso investigativo que lleva adelante nuestro personal de OS-9 y Labocar, en horas de la madrugada, se logr\u00f3 la detenci\u00f3n de tres sujetos de nacionalidad colombiana que estar\u00edan eventualmente vinculados a un homicidio que ocurri\u00f3 en los primeros d\u00edas de enero de este a\u00f1o en el sector de Collipulli. Adem\u00e1s de la detenci\u00f3n, se logr\u00f3 recuperar varias especies asociadas y que tienen inter\u00e9s en este hecho delictual. Carabineros de Chile, a trav\u00e9s de estas acciones, entrega un mensaje claro de seguridad y tranquilidad a la ciudadan\u00eda, especialmente en la regi\u00f3n de la Araucan\u00eda&#8221;, indic\u00f3 el General Cristian Mansilla, Jefe (s) Zona de Carabineros &#8220;Araucan\u00eda&#8221;.<\/p>\n\n\n\n<p>Por su parte, el Fiscal Regional de La Araucan\u00eda, Roberto Garrido, precis\u00f3 que &#8220;la investigaci\u00f3n tambi\u00e9n ha podido precisar las motivaciones que est\u00e1n detr\u00e1s de este homicidio, con los antecedentes que hemos logrado reunir hasta ahora, podemos dar cuenta que se trata de una asociaci\u00f3n de ciudadanos colombianos que estaban dedicados al pr\u00e9stamos de dinero con intereses usureros. En este contexto y ante la imposibilidad o la negativa de la v\u00edctima de cumplir con las obligaciones que hab\u00eda contra\u00eddo con ellos, se termina produciendo el delito de homicidio en un ataque que se produce en el domicilio de la v\u00edctima&#8221;.<\/p>\n\n\n\n<p>El Gobierno, en voz del Delegado Presidencial de La Araucan\u00eda, Eduardo Abdala, valor\u00f3 el trabajo de la Fiscal\u00eda y Carabineros, &#8220;con estas acciones, estamos dando cuenta que el trabajo colaborativo de las polic\u00edas, del Ministerio P\u00fablico y tambi\u00e9n de los servicios dependientes del Ejecutivo, generan una pol\u00edtica p\u00fablica que permite decir con toda certeza que la Regi\u00f3n de La Araucan\u00eda avanza cada d\u00eda m\u00e1s en constituirse en una Regi\u00f3n m\u00e1s segura y con mejor calidad de vida para las personas que la habitan&#8221;.<\/p>\n\n\n\n<p>Los detenidos fueron presentados ante el Juzgado de Garant\u00eda, decret\u00e1ndose legal su detenci\u00f3n y logrando la Fiscal\u00eda la medida cautelar de prisi\u00f3n preventiva en su contra y un plazo de investigaci\u00f3n de 90 d\u00edas.<\/p>\n\n\n\n<figure class=\"wp-block-image size-large\"><img loading=\"lazy\" decoding=\"async\" width=\"1000\" height=\"750\" src=\"https:\/\/temucotelevision.cl\/web\/wp-content\/uploads\/2025\/01\/WhatsApp-Image-2025-01-29-at-09.06.37-1000x750.jpeg\" alt=\"\" class=\"wp-image-54981\" srcset=\"https:\/\/temucotelevision.cl\/web\/wp-content\/uploads\/2025\/01\/WhatsApp-Image-2025-01-29-at-09.06.37-1000x750.jpeg 1000w, https:\/\/temucotelevision.cl\/web\/wp-content\/uploads\/2025\/01\/WhatsApp-Image-2025-01-29-at-09.06.37-768x576.jpeg 768w, https:\/\/temucotelevision.cl\/web\/wp-content\/uploads\/2025\/01\/WhatsApp-Image-2025-01-29-at-09.06.37.jpeg 1280w\" sizes=\"auto, (max-width: 1000px) 100vw, 1000px\" \/><\/figure>\n","protected":false},"excerpt":{"rendered":"<div class=\"pvc_clear\"><\/div>\n<p id=\"pvc_stats_54979\" class=\"pvc_stats total_only  \" data-element-id=\"54979\" style=\"\"><i class=\"pvc-stats-icon large\" aria-hidden=\"true\"><svg aria-hidden=\"true\" focusable=\"false\" data-prefix=\"far\" data-icon=\"chart-bar\" role=\"img\" xmlns=\"http:\/\/www.w3.org\/2000\/svg\" viewBox=\"0 0 512 512\" class=\"svg-inline--fa fa-chart-bar fa-w-16 fa-2x\"><path fill=\"currentColor\" d=\"M396.8 352h22.4c6.4 0 12.8-6.4 12.8-12.8V108.8c0-6.4-6.4-12.8-12.8-12.8h-22.4c-6.4 0-12.8 6.4-12.8 12.8v230.4c0 6.4 6.4 12.8 12.8 12.8zm-192 0h22.4c6.4 0 12.8-6.4 12.8-12.8V140.8c0-6.4-6.4-12.8-12.8-12.8h-22.4c-6.4 0-12.8 6.4-12.8 12.8v198.4c0 6.4 6.4 12.8 12.8 12.8zm96 0h22.4c6.4 0 12.8-6.4 12.8-12.8V204.8c0-6.4-6.4-12.8-12.8-12.8h-22.4c-6.4 0-12.8 6.4-12.8 12.8v134.4c0 6.4 6.4 12.8 12.8 12.8zM496 400H48V80c0-8.84-7.16-16-16-16H16C7.16 64 0 71.16 0 80v336c0 17.67 14.33 32 32 32h464c8.84 0 16-7.16 16-16v-16c0-8.84-7.16-16-16-16zm-387.2-48h22.4c6.4 0 12.8-6.4 12.8-12.8v-70.4c0-6.4-6.4-12.8-12.8-12.8h-22.4c-6.4 0-12.8 6.4-12.8 12.8v70.4c0 6.4 6.4 12.8 12.8 12.8z\" class=\"\"><\/path><\/svg><\/i> <img loading=\"lazy\" decoding=\"async\" width=\"16\" height=\"16\" alt=\"Loading\" src=\"https:\/\/temucotelevision.cl\/web\/wp-content\/plugins\/page-views-count\/ajax-loader-2x.gif\" border=0 \/><\/p>\n<div class=\"pvc_clear\"><\/div>\n<p>A sangre fr\u00eda, de un disparo, asesinaron a un hombre en su casa, en la comuna de Collipulli, al no<\/p>\n","protected":false},"author":1,"featured_media":54980,"comment_status":"open","ping_status":"open","sticky":false,"template":"","format":"standard","meta":{"colormag_page_container_layout":"default_layout","colormag_page_sidebar_layout":"default_layout","footnotes":""},"categories":[15,16],"tags":[137],"class_list":["post-54979","post","type-post","status-publish","format-standard","has-post-thumbnail","hentry","category-la-araucania","category-policial","tag-os9"],"a3_pvc":{"activated":true,"total_views":3218,"today_views":0},"_links":{"self":[{"href":"https:\/\/temucotelevision.cl\/web\/wp-json\/wp\/v2\/posts\/54979","targetHints":{"allow":["GET"]}}],"collection":[{"href":"https:\/\/temucotelevision.cl\/web\/wp-json\/wp\/v2\/posts"}],"about":[{"href":"https:\/\/temucotelevision.cl\/web\/wp-json\/wp\/v2\/types\/post"}],"author":[{"embeddable":true,"href":"https:\/\/temucotelevision.cl\/web\/wp-json\/wp\/v2\/users\/1"}],"replies":[{"embeddable":true,"href":"https:\/\/temucotelevision.cl\/web\/wp-json\/wp\/v2\/comments?post=54979"}],"version-history":[{"count":1,"href":"https:\/\/temucotelevision.cl\/web\/wp-json\/wp\/v2\/posts\/54979\/revisions"}],"predecessor-version":[{"id":54982,"href":"https:\/\/temucotelevision.cl\/web\/wp-json\/wp\/v2\/posts\/54979\/revisions\/54982"}],"wp:featuredmedia":[{"embeddable":true,"href":"https:\/\/temucotelevision.cl\/web\/wp-json\/wp\/v2\/media\/54980"}],"wp:attachment":[{"href":"https:\/\/temucotelevision.cl\/web\/wp-json\/wp\/v2\/media?parent=54979"}],"wp:term":[{"taxonomy":"category","embeddable":true,"href":"https:\/\/temucotelevision.cl\/web\/wp-json\/wp\/v2\/categories?post=54979"},{"taxonomy":"post_tag","embeddable":true,"href":"https:\/\/temucotelevision.cl\/web\/wp-json\/wp\/v2\/tags?post=54979"}],"curies":[{"name":"wp","href":"https:\/\/api.w.org\/{rel}","templated":true}]}}