{"id":54976,"date":"2025-01-28T15:55:02","date_gmt":"2025-01-28T18:55:02","guid":{"rendered":"https:\/\/temucotelevision.cl\/web\/?p=54976"},"modified":"2025-01-28T15:55:03","modified_gmt":"2025-01-28T18:55:03","slug":"feria-costumbrista-de-queule-se-desarrolla-este-fin-de-semana","status":"publish","type":"post","link":"https:\/\/temucotelevision.cl\/web\/2025\/01\/28\/feria-costumbrista-de-queule-se-desarrolla-este-fin-de-semana\/","title":{"rendered":"Feria Costumbrista de Queule se desarrolla este fin de semana\u00a0"},"content":{"rendered":"<div class=\"pvc_clear\"><\/div><p id=\"pvc_stats_54976\" class=\"pvc_stats total_only  \" data-element-id=\"54976\" style=\"\"><i class=\"pvc-stats-icon large\" aria-hidden=\"true\"><svg aria-hidden=\"true\" focusable=\"false\" data-prefix=\"far\" data-icon=\"chart-bar\" role=\"img\" xmlns=\"http:\/\/www.w3.org\/2000\/svg\" viewBox=\"0 0 512 512\" class=\"svg-inline--fa fa-chart-bar fa-w-16 fa-2x\"><path fill=\"currentColor\" d=\"M396.8 352h22.4c6.4 0 12.8-6.4 12.8-12.8V108.8c0-6.4-6.4-12.8-12.8-12.8h-22.4c-6.4 0-12.8 6.4-12.8 12.8v230.4c0 6.4 6.4 12.8 12.8 12.8zm-192 0h22.4c6.4 0 12.8-6.4 12.8-12.8V140.8c0-6.4-6.4-12.8-12.8-12.8h-22.4c-6.4 0-12.8 6.4-12.8 12.8v198.4c0 6.4 6.4 12.8 12.8 12.8zm96 0h22.4c6.4 0 12.8-6.4 12.8-12.8V204.8c0-6.4-6.4-12.8-12.8-12.8h-22.4c-6.4 0-12.8 6.4-12.8 12.8v134.4c0 6.4 6.4 12.8 12.8 12.8zM496 400H48V80c0-8.84-7.16-16-16-16H16C7.16 64 0 71.16 0 80v336c0 17.67 14.33 32 32 32h464c8.84 0 16-7.16 16-16v-16c0-8.84-7.16-16-16-16zm-387.2-48h22.4c6.4 0 12.8-6.4 12.8-12.8v-70.4c0-6.4-6.4-12.8-12.8-12.8h-22.4c-6.4 0-12.8 6.4-12.8 12.8v70.4c0 6.4 6.4 12.8 12.8 12.8z\" class=\"\"><\/path><\/svg><\/i> <img loading=\"lazy\" decoding=\"async\" width=\"16\" height=\"16\" alt=\"Loading\" src=\"https:\/\/temucotelevision.cl\/web\/wp-content\/plugins\/page-views-count\/ajax-loader-2x.gif\" border=0 \/><\/p><div class=\"pvc_clear\"><\/div>\n<p>Un centenar de stand dar\u00e1n vida a una nueva versi\u00f3n de \u201cFeria Costumbrista de Queule 2025\u201d, en la comuna de Tolt\u00e9n. Desde este vienes 31 de enero al domingo 2 de febrero, se realiza una nueva versi\u00f3n, de este evento gastron\u00f3mico y de tradiciones de la Costa de La Araucan\u00eda, actividad organizada por el Municipio de Tolt\u00e9n.<\/p>\n\n\n\n<p>&nbsp;Este encuentro de tradiciones destaca por sus stands de gastronom\u00edas t\u00edpicas, basada en productos frescos extra\u00eddos del mar, diversidad de degustaciones, muestra de licores artesanales, productos agros elaborados y presentaci\u00f3n de diversos artistas durante las tres jornadas.<\/p>\n\n\n\n<p>Guillermo Mart\u00ednez Soto, alcalde de Tolt\u00e9n, agreg\u00f3 que \u201cinvitamos a la comunidad a descubrir Queule y venir en familia a conocer los saberes y pasajes de nuestra caleta Queule en esta gran feria que organizamos a\u00f1o a a\u00f1o\u201d.<\/p>\n\n\n\n<p>Nuevamente el visitante a esta feria puede disfrutar de un nutrido programa art\u00edstico preparado, quienes pueden deleitarse con presentaciones de m\u00fasica en vivo, danza folcl\u00f3rica, paseos en lancha y diversos juegos t\u00edpicos. Para este a\u00f1o se presentan las agrupaciones Los Reales del Valle, el humor campesino de Pancho del sur, La temonera, Ulkantumapu, ballet internacional de M\u00e9xico y Argentina entre otros,&nbsp;<\/p>\n\n\n\n<p>Durante las tres jornadas como es tradici\u00f3n, se ofrecer\u00e1n almuerzos al aire libre en el diverso patio de comida compuesto por 25 cociner\u00edas, en la cual se puede disfrutar de los productos frescos del mar junto a un hermoso paisaje y de los paseos por el r\u00edo Queule y la lober\u00eda.<\/p>\n\n\n\n<p>Actualmente, Queule es la principal caleta de pescadores artesanales de la regi\u00f3n, donde se extrae el 95% de la producci\u00f3n regional. Los pescadores extraen en abundancia sierras, reinetas, corvinas, salmones y los cultivos de choros y ostras japonesas.<\/p>\n","protected":false},"excerpt":{"rendered":"<div class=\"pvc_clear\"><\/div>\n<p id=\"pvc_stats_54976\" class=\"pvc_stats total_only  \" data-element-id=\"54976\" style=\"\"><i class=\"pvc-stats-icon large\" aria-hidden=\"true\"><svg aria-hidden=\"true\" focusable=\"false\" data-prefix=\"far\" data-icon=\"chart-bar\" role=\"img\" xmlns=\"http:\/\/www.w3.org\/2000\/svg\" viewBox=\"0 0 512 512\" class=\"svg-inline--fa fa-chart-bar fa-w-16 fa-2x\"><path fill=\"currentColor\" d=\"M396.8 352h22.4c6.4 0 12.8-6.4 12.8-12.8V108.8c0-6.4-6.4-12.8-12.8-12.8h-22.4c-6.4 0-12.8 6.4-12.8 12.8v230.4c0 6.4 6.4 12.8 12.8 12.8zm-192 0h22.4c6.4 0 12.8-6.4 12.8-12.8V140.8c0-6.4-6.4-12.8-12.8-12.8h-22.4c-6.4 0-12.8 6.4-12.8 12.8v198.4c0 6.4 6.4 12.8 12.8 12.8zm96 0h22.4c6.4 0 12.8-6.4 12.8-12.8V204.8c0-6.4-6.4-12.8-12.8-12.8h-22.4c-6.4 0-12.8 6.4-12.8 12.8v134.4c0 6.4 6.4 12.8 12.8 12.8zM496 400H48V80c0-8.84-7.16-16-16-16H16C7.16 64 0 71.16 0 80v336c0 17.67 14.33 32 32 32h464c8.84 0 16-7.16 16-16v-16c0-8.84-7.16-16-16-16zm-387.2-48h22.4c6.4 0 12.8-6.4 12.8-12.8v-70.4c0-6.4-6.4-12.8-12.8-12.8h-22.4c-6.4 0-12.8 6.4-12.8 12.8v70.4c0 6.4 6.4 12.8 12.8 12.8z\" class=\"\"><\/path><\/svg><\/i> <img loading=\"lazy\" decoding=\"async\" width=\"16\" height=\"16\" alt=\"Loading\" src=\"https:\/\/temucotelevision.cl\/web\/wp-content\/plugins\/page-views-count\/ajax-loader-2x.gif\" border=0 \/><\/p>\n<div class=\"pvc_clear\"><\/div>\n<p>Un centenar de stand dar\u00e1n vida a una nueva versi\u00f3n de \u201cFeria Costumbrista de Queule 2025\u201d, en la comuna de<\/p>\n","protected":false},"author":1,"featured_media":54977,"comment_status":"open","ping_status":"open","sticky":false,"template":"","format":"standard","meta":{"colormag_page_container_layout":"default_layout","colormag_page_sidebar_layout":"default_layout","footnotes":""},"categories":[86],"tags":[257],"class_list":["post-54976","post","type-post","status-publish","format-standard","has-post-thumbnail","hentry","category-panoramas","tag-feria"],"a3_pvc":{"activated":true,"total_views":980,"today_views":0},"_links":{"self":[{"href":"https:\/\/temucotelevision.cl\/web\/wp-json\/wp\/v2\/posts\/54976","targetHints":{"allow":["GET"]}}],"collection":[{"href":"https:\/\/temucotelevision.cl\/web\/wp-json\/wp\/v2\/posts"}],"about":[{"href":"https:\/\/temucotelevision.cl\/web\/wp-json\/wp\/v2\/types\/post"}],"author":[{"embeddable":true,"href":"https:\/\/temucotelevision.cl\/web\/wp-json\/wp\/v2\/users\/1"}],"replies":[{"embeddable":true,"href":"https:\/\/temucotelevision.cl\/web\/wp-json\/wp\/v2\/comments?post=54976"}],"version-history":[{"count":1,"href":"https:\/\/temucotelevision.cl\/web\/wp-json\/wp\/v2\/posts\/54976\/revisions"}],"predecessor-version":[{"id":54978,"href":"https:\/\/temucotelevision.cl\/web\/wp-json\/wp\/v2\/posts\/54976\/revisions\/54978"}],"wp:featuredmedia":[{"embeddable":true,"href":"https:\/\/temucotelevision.cl\/web\/wp-json\/wp\/v2\/media\/54977"}],"wp:attachment":[{"href":"https:\/\/temucotelevision.cl\/web\/wp-json\/wp\/v2\/media?parent=54976"}],"wp:term":[{"taxonomy":"category","embeddable":true,"href":"https:\/\/temucotelevision.cl\/web\/wp-json\/wp\/v2\/categories?post=54976"},{"taxonomy":"post_tag","embeddable":true,"href":"https:\/\/temucotelevision.cl\/web\/wp-json\/wp\/v2\/tags?post=54976"}],"curies":[{"name":"wp","href":"https:\/\/api.w.org\/{rel}","templated":true}]}}