{"id":54969,"date":"2025-01-27T18:13:36","date_gmt":"2025-01-27T21:13:36","guid":{"rendered":"https:\/\/temucotelevision.cl\/web\/?p=54969"},"modified":"2025-01-27T18:13:37","modified_gmt":"2025-01-27T21:13:37","slug":"savory-truck-lleva-sabor-y-diversion-a-las-playas-de-chile-este-verano","status":"publish","type":"post","link":"https:\/\/temucotelevision.cl\/web\/2025\/01\/27\/savory-truck-lleva-sabor-y-diversion-a-las-playas-de-chile-este-verano\/","title":{"rendered":"Savory Truck lleva sabor y diversi\u00f3n a las playas de Chile este verano"},"content":{"rendered":"<div class=\"pvc_clear\"><\/div><p id=\"pvc_stats_54969\" class=\"pvc_stats total_only  \" data-element-id=\"54969\" style=\"\"><i class=\"pvc-stats-icon large\" aria-hidden=\"true\"><svg aria-hidden=\"true\" focusable=\"false\" data-prefix=\"far\" data-icon=\"chart-bar\" role=\"img\" xmlns=\"http:\/\/www.w3.org\/2000\/svg\" viewBox=\"0 0 512 512\" class=\"svg-inline--fa fa-chart-bar fa-w-16 fa-2x\"><path fill=\"currentColor\" d=\"M396.8 352h22.4c6.4 0 12.8-6.4 12.8-12.8V108.8c0-6.4-6.4-12.8-12.8-12.8h-22.4c-6.4 0-12.8 6.4-12.8 12.8v230.4c0 6.4 6.4 12.8 12.8 12.8zm-192 0h22.4c6.4 0 12.8-6.4 12.8-12.8V140.8c0-6.4-6.4-12.8-12.8-12.8h-22.4c-6.4 0-12.8 6.4-12.8 12.8v198.4c0 6.4 6.4 12.8 12.8 12.8zm96 0h22.4c6.4 0 12.8-6.4 12.8-12.8V204.8c0-6.4-6.4-12.8-12.8-12.8h-22.4c-6.4 0-12.8 6.4-12.8 12.8v134.4c0 6.4 6.4 12.8 12.8 12.8zM496 400H48V80c0-8.84-7.16-16-16-16H16C7.16 64 0 71.16 0 80v336c0 17.67 14.33 32 32 32h464c8.84 0 16-7.16 16-16v-16c0-8.84-7.16-16-16-16zm-387.2-48h22.4c6.4 0 12.8-6.4 12.8-12.8v-70.4c0-6.4-6.4-12.8-12.8-12.8h-22.4c-6.4 0-12.8 6.4-12.8 12.8v70.4c0 6.4 6.4 12.8 12.8 12.8z\" class=\"\"><\/path><\/svg><\/i> <img loading=\"lazy\" decoding=\"async\" width=\"16\" height=\"16\" alt=\"Loading\" src=\"https:\/\/temucotelevision.cl\/web\/wp-content\/plugins\/page-views-count\/ajax-loader-2x.gif\" border=0 \/><\/p><div class=\"pvc_clear\"><\/div>\n<p>\u00b7&nbsp;&nbsp;&nbsp;&nbsp;&nbsp;&nbsp;&nbsp;<strong><em>El caracter\u00edstico cami\u00f3n recorrer\u00e1 algunas de las zonas tur\u00edsticas m\u00e1s importantes del pa\u00eds como Maitencillo, Pelluhue, Frutillar, Puc\u00f3n, Pichilemu y La Serena, regalando helados y realizando diversas actividades.<\/em><\/strong><\/p>\n\n\n\n<p>La marca de helados n\u00famero 1 de Chile est\u00e1 recorriendo los principales balnearios del pa\u00eds en su ya tradicional Savory Truck, cami\u00f3n con el que est\u00e1n entregando sus productos ideales para capear las altas temperaturas de este verano. Esta gira comenz\u00f3 el 16 de enero en Maitencillo y seguir\u00e1 en Pelluhue, Frutillar, Puc\u00f3n, Pichilemu y La Serena hasta el 2 de marzo.<\/p>\n\n\n\n<p>As\u00ed es como los veraneantes podr\u00e1n disfrutar y deleitarse con los lanzamientos de helados Savory 2025: la incre\u00edble dupla Danky Volcano en dos versiones Choco Frambuesa y Choco Pl\u00e1tano, adem\u00e1s de Trencito, Xplori K-Lov y Kit Kat Gold.<\/p>\n\n\n\n<p>Savory Truck adem\u00e1s incluye diferentes actividades como \u201ctiro al agujero\u201d y una ruleta para participar por un vale otro. Para ello s\u00f3lo hay que presentar el palito o envoltorio de un helado comprado en alg\u00fan almac\u00e9n de la zona.&nbsp; &nbsp;<\/p>\n\n\n\n<p>\u201cUna vez m\u00e1s demostramos nuestra cercan\u00eda y liderazgo en la categor\u00eda de helados en nuestro pa\u00eds, y es por esto que decidimos llevar entretenci\u00f3n y el sabor de nuestros productos a las diferentes regiones, para que nuestros consumidores se sigan sorprendiendo con los nuevos lanzamientos y disfrutando de este verano\u201d, se\u00f1ala Francisco Espinoza, Marketing Manager de Savory Chile.<\/p>\n\n\n\n<p>Todas las actividades de Savory Truck son gratuitas y se realizar\u00e1n entre las 14.00 y 19:00 horas en las siguientes fechas:<\/p>\n\n\n\n<figure class=\"wp-block-table\"><table class=\"has-fixed-layout\"><tbody><tr><td><strong>ENERO<\/strong><\/td><td><strong>FEBRERO<\/strong><\/td><\/tr><tr><td>16 al 19 \u2013 Playa El Abanico, Maitencillo<\/td><td>1 y 2 \u2013 Paseo Peatonal de Frutillar<\/td><\/tr><tr><td>23 al 26\u2013 Playa principal, Pelluhue<\/td><td>&nbsp;&nbsp;&nbsp;&nbsp;&nbsp;&nbsp;&nbsp;&nbsp; 6 al 9 \u2013 Playa grande, Puc\u00f3n<\/td><\/tr><tr><td>30 y 31\u2013 Paseo Peatonal de Frutillar<\/td><td>15 de febrero &#8211; Pichilemu<\/td><\/tr><tr><td>&nbsp;<\/td><td>27 y 28 de febrero y 1 y 2 de marzo \u2013 La Serena<\/td><\/tr><\/tbody><\/table><\/figure>\n","protected":false},"excerpt":{"rendered":"<div class=\"pvc_clear\"><\/div>\n<p id=\"pvc_stats_54969\" class=\"pvc_stats total_only  \" data-element-id=\"54969\" style=\"\"><i class=\"pvc-stats-icon large\" aria-hidden=\"true\"><svg aria-hidden=\"true\" focusable=\"false\" data-prefix=\"far\" data-icon=\"chart-bar\" role=\"img\" xmlns=\"http:\/\/www.w3.org\/2000\/svg\" viewBox=\"0 0 512 512\" class=\"svg-inline--fa fa-chart-bar fa-w-16 fa-2x\"><path fill=\"currentColor\" d=\"M396.8 352h22.4c6.4 0 12.8-6.4 12.8-12.8V108.8c0-6.4-6.4-12.8-12.8-12.8h-22.4c-6.4 0-12.8 6.4-12.8 12.8v230.4c0 6.4 6.4 12.8 12.8 12.8zm-192 0h22.4c6.4 0 12.8-6.4 12.8-12.8V140.8c0-6.4-6.4-12.8-12.8-12.8h-22.4c-6.4 0-12.8 6.4-12.8 12.8v198.4c0 6.4 6.4 12.8 12.8 12.8zm96 0h22.4c6.4 0 12.8-6.4 12.8-12.8V204.8c0-6.4-6.4-12.8-12.8-12.8h-22.4c-6.4 0-12.8 6.4-12.8 12.8v134.4c0 6.4 6.4 12.8 12.8 12.8zM496 400H48V80c0-8.84-7.16-16-16-16H16C7.16 64 0 71.16 0 80v336c0 17.67 14.33 32 32 32h464c8.84 0 16-7.16 16-16v-16c0-8.84-7.16-16-16-16zm-387.2-48h22.4c6.4 0 12.8-6.4 12.8-12.8v-70.4c0-6.4-6.4-12.8-12.8-12.8h-22.4c-6.4 0-12.8 6.4-12.8 12.8v70.4c0 6.4 6.4 12.8 12.8 12.8z\" class=\"\"><\/path><\/svg><\/i> <img loading=\"lazy\" decoding=\"async\" width=\"16\" height=\"16\" alt=\"Loading\" src=\"https:\/\/temucotelevision.cl\/web\/wp-content\/plugins\/page-views-count\/ajax-loader-2x.gif\" border=0 \/><\/p>\n<div class=\"pvc_clear\"><\/div>\n<p>\u00b7&nbsp;&nbsp;&nbsp;&nbsp;&nbsp;&nbsp;&nbsp;El caracter\u00edstico cami\u00f3n recorrer\u00e1 algunas de las zonas tur\u00edsticas m\u00e1s importantes del pa\u00eds como Maitencillo, Pelluhue, Frutillar, Puc\u00f3n, Pichilemu y<\/p>\n","protected":false},"author":1,"featured_media":54970,"comment_status":"open","ping_status":"open","sticky":false,"template":"","format":"standard","meta":{"colormag_page_container_layout":"default_layout","colormag_page_sidebar_layout":"default_layout","footnotes":""},"categories":[14],"tags":[4002],"class_list":["post-54969","post","type-post","status-publish","format-standard","has-post-thumbnail","hentry","category-temuco","tag-savory"],"a3_pvc":{"activated":true,"total_views":2274,"today_views":0},"_links":{"self":[{"href":"https:\/\/temucotelevision.cl\/web\/wp-json\/wp\/v2\/posts\/54969","targetHints":{"allow":["GET"]}}],"collection":[{"href":"https:\/\/temucotelevision.cl\/web\/wp-json\/wp\/v2\/posts"}],"about":[{"href":"https:\/\/temucotelevision.cl\/web\/wp-json\/wp\/v2\/types\/post"}],"author":[{"embeddable":true,"href":"https:\/\/temucotelevision.cl\/web\/wp-json\/wp\/v2\/users\/1"}],"replies":[{"embeddable":true,"href":"https:\/\/temucotelevision.cl\/web\/wp-json\/wp\/v2\/comments?post=54969"}],"version-history":[{"count":1,"href":"https:\/\/temucotelevision.cl\/web\/wp-json\/wp\/v2\/posts\/54969\/revisions"}],"predecessor-version":[{"id":54971,"href":"https:\/\/temucotelevision.cl\/web\/wp-json\/wp\/v2\/posts\/54969\/revisions\/54971"}],"wp:featuredmedia":[{"embeddable":true,"href":"https:\/\/temucotelevision.cl\/web\/wp-json\/wp\/v2\/media\/54970"}],"wp:attachment":[{"href":"https:\/\/temucotelevision.cl\/web\/wp-json\/wp\/v2\/media?parent=54969"}],"wp:term":[{"taxonomy":"category","embeddable":true,"href":"https:\/\/temucotelevision.cl\/web\/wp-json\/wp\/v2\/categories?post=54969"},{"taxonomy":"post_tag","embeddable":true,"href":"https:\/\/temucotelevision.cl\/web\/wp-json\/wp\/v2\/tags?post=54969"}],"curies":[{"name":"wp","href":"https:\/\/api.w.org\/{rel}","templated":true}]}}