{"id":54965,"date":"2025-01-27T13:53:16","date_gmt":"2025-01-27T16:53:16","guid":{"rendered":"https:\/\/temucotelevision.cl\/web\/?p=54965"},"modified":"2025-01-27T16:29:59","modified_gmt":"2025-01-27T19:29:59","slug":"diputado-jorge-saffirio-busca-fiscalizar-y-regular-a-brigadas-de-emergencias-privadas-tras-fatal-incendio-en-los-sauces","status":"publish","type":"post","link":"https:\/\/temucotelevision.cl\/web\/2025\/01\/27\/diputado-jorge-saffirio-busca-fiscalizar-y-regular-a-brigadas-de-emergencias-privadas-tras-fatal-incendio-en-los-sauces\/","title":{"rendered":"Diputado Jorge Saffirio busca fiscalizar y regular a brigadas de emergencias privadas tras fatal incendio en Los Sauces"},"content":{"rendered":"<div class=\"pvc_clear\"><\/div><p id=\"pvc_stats_54965\" class=\"pvc_stats total_only  \" data-element-id=\"54965\" style=\"\"><i class=\"pvc-stats-icon large\" aria-hidden=\"true\"><svg aria-hidden=\"true\" focusable=\"false\" data-prefix=\"far\" data-icon=\"chart-bar\" role=\"img\" xmlns=\"http:\/\/www.w3.org\/2000\/svg\" viewBox=\"0 0 512 512\" class=\"svg-inline--fa fa-chart-bar fa-w-16 fa-2x\"><path fill=\"currentColor\" d=\"M396.8 352h22.4c6.4 0 12.8-6.4 12.8-12.8V108.8c0-6.4-6.4-12.8-12.8-12.8h-22.4c-6.4 0-12.8 6.4-12.8 12.8v230.4c0 6.4 6.4 12.8 12.8 12.8zm-192 0h22.4c6.4 0 12.8-6.4 12.8-12.8V140.8c0-6.4-6.4-12.8-12.8-12.8h-22.4c-6.4 0-12.8 6.4-12.8 12.8v198.4c0 6.4 6.4 12.8 12.8 12.8zm96 0h22.4c6.4 0 12.8-6.4 12.8-12.8V204.8c0-6.4-6.4-12.8-12.8-12.8h-22.4c-6.4 0-12.8 6.4-12.8 12.8v134.4c0 6.4 6.4 12.8 12.8 12.8zM496 400H48V80c0-8.84-7.16-16-16-16H16C7.16 64 0 71.16 0 80v336c0 17.67 14.33 32 32 32h464c8.84 0 16-7.16 16-16v-16c0-8.84-7.16-16-16-16zm-387.2-48h22.4c6.4 0 12.8-6.4 12.8-12.8v-70.4c0-6.4-6.4-12.8-12.8-12.8h-22.4c-6.4 0-12.8 6.4-12.8 12.8v70.4c0 6.4 6.4 12.8 12.8 12.8z\" class=\"\"><\/path><\/svg><\/i> <img loading=\"lazy\" decoding=\"async\" width=\"16\" height=\"16\" alt=\"Loading\" src=\"https:\/\/temucotelevision.cl\/web\/wp-content\/plugins\/page-views-count\/ajax-loader-2x.gif\" border=0 \/><\/p><div class=\"pvc_clear\"><\/div>\n<p><strong><em>Lo anterior producto de la muerte de tres funcionarios de una brigada de emergencias privada, Serfonac, que presta servicios para la CMPC, producto del incendio forestal en Los Sauces.<\/em><\/strong><\/p>\n\n\n\n<p>\u00a0El parlamentario por la regi\u00f3n de la Araucan\u00eda, Jorge Saffirio Espinoza, busca conocer cu\u00e1les son las medidas de seguridad y la capacitaci\u00f3n que realizan las brigadas de emergencias a sus trabajadores, producto del tr\u00e1gico incendio que termin\u00f3 con la vida de cuatro personas en Los Sauces. Adem\u00e1s el congresista valor\u00f3 el trabajo de la fiscal\u00eda y las polic\u00edas al detener a la presunta autora de este incendio.\u00a0<\/p>\n\n\n\n<p>\u201cEs realmente compleja la tragedia que ha ocurrido en la regi\u00f3n de la Araucan\u00eda, donde lamentablemente fallecieron cuatro personas. Es por ello que queremos conocer, si es que los brigadistas que enfrentaron este incendio contaban con las medidas de seguridad correspondientes, para ello revisaremos el marco regulatorio de este tipo de empresas\u201d, se\u00f1al\u00f3 el parlamentario, Jorge Saffirio.&nbsp;<\/p>\n\n\n\n<p>\u201cAdem\u00e1s solicitaremos toda la informaci\u00f3n necesaria al Ministerio del Interior, para que por su intermedio SENAPRED responda de las exigencias de estas entidades y lo mismo buscamos con la Corporaci\u00f3n Nacional Forestal\u201d.&nbsp;<\/p>\n\n\n\n<p>Asimismo agreg\u00f3 \u201cvaloro el trabajo de las polic\u00edas en conjunto con el ministerio p\u00fablico, quienes lograron la detenci\u00f3n de una presunta autora de este tr\u00e1gico siniestro, esperamos que si se logra comprobar la responsabilidad, se cumpla con todo el rigor de la ley, para que este tipo de hechos no sigan ocurriendo. Desde el Congreso seguimos trabajando, para que las penas de estos delitos puedan aumentar\u201d.&nbsp;<\/p>\n\n\n\n<p>Finalmente el diputado Jorge Saffiri\u00f3 enfatiz\u00f3 \u201cesperamos tener a la brevedad la respuesta a esta fiscalizaci\u00f3n, porque la temporada de incendios forestales continua y no queremos seguir lamentando m\u00e1s muertes. Esperamos que el Gobierno ponga todos sus recursos en enfrentar y prevenir todo tipo de incendio forestal\u201d.<\/p>\n","protected":false},"excerpt":{"rendered":"<div class=\"pvc_clear\"><\/div>\n<p id=\"pvc_stats_54965\" class=\"pvc_stats total_only  \" data-element-id=\"54965\" style=\"\"><i class=\"pvc-stats-icon large\" aria-hidden=\"true\"><svg aria-hidden=\"true\" focusable=\"false\" data-prefix=\"far\" data-icon=\"chart-bar\" role=\"img\" xmlns=\"http:\/\/www.w3.org\/2000\/svg\" viewBox=\"0 0 512 512\" class=\"svg-inline--fa fa-chart-bar fa-w-16 fa-2x\"><path fill=\"currentColor\" d=\"M396.8 352h22.4c6.4 0 12.8-6.4 12.8-12.8V108.8c0-6.4-6.4-12.8-12.8-12.8h-22.4c-6.4 0-12.8 6.4-12.8 12.8v230.4c0 6.4 6.4 12.8 12.8 12.8zm-192 0h22.4c6.4 0 12.8-6.4 12.8-12.8V140.8c0-6.4-6.4-12.8-12.8-12.8h-22.4c-6.4 0-12.8 6.4-12.8 12.8v198.4c0 6.4 6.4 12.8 12.8 12.8zm96 0h22.4c6.4 0 12.8-6.4 12.8-12.8V204.8c0-6.4-6.4-12.8-12.8-12.8h-22.4c-6.4 0-12.8 6.4-12.8 12.8v134.4c0 6.4 6.4 12.8 12.8 12.8zM496 400H48V80c0-8.84-7.16-16-16-16H16C7.16 64 0 71.16 0 80v336c0 17.67 14.33 32 32 32h464c8.84 0 16-7.16 16-16v-16c0-8.84-7.16-16-16-16zm-387.2-48h22.4c6.4 0 12.8-6.4 12.8-12.8v-70.4c0-6.4-6.4-12.8-12.8-12.8h-22.4c-6.4 0-12.8 6.4-12.8 12.8v70.4c0 6.4 6.4 12.8 12.8 12.8z\" class=\"\"><\/path><\/svg><\/i> <img loading=\"lazy\" decoding=\"async\" width=\"16\" height=\"16\" alt=\"Loading\" src=\"https:\/\/temucotelevision.cl\/web\/wp-content\/plugins\/page-views-count\/ajax-loader-2x.gif\" border=0 \/><\/p>\n<div class=\"pvc_clear\"><\/div>\n<p>Lo anterior producto de la muerte de tres funcionarios de una brigada de emergencias privada, Serfonac, que presta servicios para<\/p>\n","protected":false},"author":1,"featured_media":54967,"comment_status":"open","ping_status":"open","sticky":false,"template":"","format":"standard","meta":{"colormag_page_container_layout":"default_layout","colormag_page_sidebar_layout":"default_layout","footnotes":""},"categories":[84],"tags":[154],"class_list":["post-54965","post","type-post","status-publish","format-standard","has-post-thumbnail","hentry","category-politica","tag-diputado"],"a3_pvc":{"activated":true,"total_views":937,"today_views":0},"_links":{"self":[{"href":"https:\/\/temucotelevision.cl\/web\/wp-json\/wp\/v2\/posts\/54965","targetHints":{"allow":["GET"]}}],"collection":[{"href":"https:\/\/temucotelevision.cl\/web\/wp-json\/wp\/v2\/posts"}],"about":[{"href":"https:\/\/temucotelevision.cl\/web\/wp-json\/wp\/v2\/types\/post"}],"author":[{"embeddable":true,"href":"https:\/\/temucotelevision.cl\/web\/wp-json\/wp\/v2\/users\/1"}],"replies":[{"embeddable":true,"href":"https:\/\/temucotelevision.cl\/web\/wp-json\/wp\/v2\/comments?post=54965"}],"version-history":[{"count":1,"href":"https:\/\/temucotelevision.cl\/web\/wp-json\/wp\/v2\/posts\/54965\/revisions"}],"predecessor-version":[{"id":54968,"href":"https:\/\/temucotelevision.cl\/web\/wp-json\/wp\/v2\/posts\/54965\/revisions\/54968"}],"wp:featuredmedia":[{"embeddable":true,"href":"https:\/\/temucotelevision.cl\/web\/wp-json\/wp\/v2\/media\/54967"}],"wp:attachment":[{"href":"https:\/\/temucotelevision.cl\/web\/wp-json\/wp\/v2\/media?parent=54965"}],"wp:term":[{"taxonomy":"category","embeddable":true,"href":"https:\/\/temucotelevision.cl\/web\/wp-json\/wp\/v2\/categories?post=54965"},{"taxonomy":"post_tag","embeddable":true,"href":"https:\/\/temucotelevision.cl\/web\/wp-json\/wp\/v2\/tags?post=54965"}],"curies":[{"name":"wp","href":"https:\/\/api.w.org\/{rel}","templated":true}]}}