{"id":54954,"date":"2025-01-27T12:16:59","date_gmt":"2025-01-27T15:16:59","guid":{"rendered":"https:\/\/temucotelevision.cl\/web\/?p=54954"},"modified":"2025-01-27T12:16:59","modified_gmt":"2025-01-27T15:16:59","slug":"expo-hualpin-2025-tradicion-y-diversion-que-une-a-toda-la-comunidad","status":"publish","type":"post","link":"https:\/\/temucotelevision.cl\/web\/2025\/01\/27\/expo-hualpin-2025-tradicion-y-diversion-que-une-a-toda-la-comunidad\/","title":{"rendered":"Expo Hualpin 2025: Tradici\u00f3n y diversi\u00f3n que une a toda la comunidad"},"content":{"rendered":"<div class=\"pvc_clear\"><\/div><p id=\"pvc_stats_54954\" class=\"pvc_stats total_only  \" data-element-id=\"54954\" style=\"\"><i class=\"pvc-stats-icon large\" aria-hidden=\"true\"><svg aria-hidden=\"true\" focusable=\"false\" data-prefix=\"far\" data-icon=\"chart-bar\" role=\"img\" xmlns=\"http:\/\/www.w3.org\/2000\/svg\" viewBox=\"0 0 512 512\" class=\"svg-inline--fa fa-chart-bar fa-w-16 fa-2x\"><path fill=\"currentColor\" d=\"M396.8 352h22.4c6.4 0 12.8-6.4 12.8-12.8V108.8c0-6.4-6.4-12.8-12.8-12.8h-22.4c-6.4 0-12.8 6.4-12.8 12.8v230.4c0 6.4 6.4 12.8 12.8 12.8zm-192 0h22.4c6.4 0 12.8-6.4 12.8-12.8V140.8c0-6.4-6.4-12.8-12.8-12.8h-22.4c-6.4 0-12.8 6.4-12.8 12.8v198.4c0 6.4 6.4 12.8 12.8 12.8zm96 0h22.4c6.4 0 12.8-6.4 12.8-12.8V204.8c0-6.4-6.4-12.8-12.8-12.8h-22.4c-6.4 0-12.8 6.4-12.8 12.8v134.4c0 6.4 6.4 12.8 12.8 12.8zM496 400H48V80c0-8.84-7.16-16-16-16H16C7.16 64 0 71.16 0 80v336c0 17.67 14.33 32 32 32h464c8.84 0 16-7.16 16-16v-16c0-8.84-7.16-16-16-16zm-387.2-48h22.4c6.4 0 12.8-6.4 12.8-12.8v-70.4c0-6.4-6.4-12.8-12.8-12.8h-22.4c-6.4 0-12.8 6.4-12.8 12.8v70.4c0 6.4 6.4 12.8 12.8 12.8z\" class=\"\"><\/path><\/svg><\/i> <img loading=\"lazy\" decoding=\"async\" width=\"16\" height=\"16\" alt=\"Loading\" src=\"https:\/\/temucotelevision.cl\/web\/wp-content\/plugins\/page-views-count\/ajax-loader-2x.gif\" border=0 \/><\/p><div class=\"pvc_clear\"><\/div>\n<p><strong>Hualpin brill\u00f3<\/strong>&nbsp;con una nueva edici\u00f3n de su esperada expo, donde&nbsp;<strong>m\u00e1s de 100 puestos<\/strong>&nbsp;deleitaron a los asistentes con lo mejor de la gastronom\u00eda local. Desde los sabores aut\u00e9nticos de la comida t\u00edpica hasta las irresistibles cervezas artesanales, la feria fue un fest\u00edn para los gustos.&nbsp;<\/p>\n\n\n\n<p><strong>La m\u00fasica puso el broche de oro.<\/strong>&nbsp;Las presentaciones de&nbsp;<strong>Pandemia Musical<\/strong>,&nbsp;<strong>Los Machos de la Cumbia<\/strong>&nbsp;y, directamente desde Puerto Montt,&nbsp;<strong>Los Talismanes del Ritmo y del Amor<\/strong>, transformaron la jornada en un verdadero carnaval de alegr\u00eda, haciendo bailar a todos con su energ\u00eda y ritmos vibrantes hasta las dos de la madrugada.&nbsp;<\/p>\n\n\n\n<p><strong>El alcalde de Teodoro Schmidt, Baldomero Santos<\/strong>&nbsp;expres\u00f3 con alegr\u00eda:&nbsp;<em>&#8220;Cuando a nuestros emprendedores y emprendedoras les va bien, a todos nos va bien. Estoy feliz y agradecido de Dios por darnos esta oportunidad de ofrecer espacios de gastronom\u00eda y recreaci\u00f3n para los vecinos de Hualpin y nuestros visitantes. \u00a1Les esperamos este pr\u00f3ximo s\u00e1bado 1 y domingo 2 de febrero en la Expo Teodoro Schmidt, donde seguiremos celebrando nuestro 44 aniversario comunal!&#8221;<\/em><\/p>\n","protected":false},"excerpt":{"rendered":"<div class=\"pvc_clear\"><\/div>\n<p id=\"pvc_stats_54954\" class=\"pvc_stats total_only  \" data-element-id=\"54954\" style=\"\"><i class=\"pvc-stats-icon large\" aria-hidden=\"true\"><svg aria-hidden=\"true\" focusable=\"false\" data-prefix=\"far\" data-icon=\"chart-bar\" role=\"img\" xmlns=\"http:\/\/www.w3.org\/2000\/svg\" viewBox=\"0 0 512 512\" class=\"svg-inline--fa fa-chart-bar fa-w-16 fa-2x\"><path fill=\"currentColor\" d=\"M396.8 352h22.4c6.4 0 12.8-6.4 12.8-12.8V108.8c0-6.4-6.4-12.8-12.8-12.8h-22.4c-6.4 0-12.8 6.4-12.8 12.8v230.4c0 6.4 6.4 12.8 12.8 12.8zm-192 0h22.4c6.4 0 12.8-6.4 12.8-12.8V140.8c0-6.4-6.4-12.8-12.8-12.8h-22.4c-6.4 0-12.8 6.4-12.8 12.8v198.4c0 6.4 6.4 12.8 12.8 12.8zm96 0h22.4c6.4 0 12.8-6.4 12.8-12.8V204.8c0-6.4-6.4-12.8-12.8-12.8h-22.4c-6.4 0-12.8 6.4-12.8 12.8v134.4c0 6.4 6.4 12.8 12.8 12.8zM496 400H48V80c0-8.84-7.16-16-16-16H16C7.16 64 0 71.16 0 80v336c0 17.67 14.33 32 32 32h464c8.84 0 16-7.16 16-16v-16c0-8.84-7.16-16-16-16zm-387.2-48h22.4c6.4 0 12.8-6.4 12.8-12.8v-70.4c0-6.4-6.4-12.8-12.8-12.8h-22.4c-6.4 0-12.8 6.4-12.8 12.8v70.4c0 6.4 6.4 12.8 12.8 12.8z\" class=\"\"><\/path><\/svg><\/i> <img loading=\"lazy\" decoding=\"async\" width=\"16\" height=\"16\" alt=\"Loading\" src=\"https:\/\/temucotelevision.cl\/web\/wp-content\/plugins\/page-views-count\/ajax-loader-2x.gif\" border=0 \/><\/p>\n<div class=\"pvc_clear\"><\/div>\n<p>Hualpin brill\u00f3&nbsp;con una nueva edici\u00f3n de su esperada expo, donde&nbsp;m\u00e1s de 100 puestos&nbsp;deleitaron a los asistentes con lo mejor de<\/p>\n","protected":false},"author":1,"featured_media":54955,"comment_status":"open","ping_status":"open","sticky":false,"template":"","format":"standard","meta":{"colormag_page_container_layout":"default_layout","colormag_page_sidebar_layout":"default_layout","footnotes":""},"categories":[86],"tags":[314],"class_list":["post-54954","post","type-post","status-publish","format-standard","has-post-thumbnail","hentry","category-panoramas","tag-expo"],"a3_pvc":{"activated":true,"total_views":866,"today_views":0},"_links":{"self":[{"href":"https:\/\/temucotelevision.cl\/web\/wp-json\/wp\/v2\/posts\/54954","targetHints":{"allow":["GET"]}}],"collection":[{"href":"https:\/\/temucotelevision.cl\/web\/wp-json\/wp\/v2\/posts"}],"about":[{"href":"https:\/\/temucotelevision.cl\/web\/wp-json\/wp\/v2\/types\/post"}],"author":[{"embeddable":true,"href":"https:\/\/temucotelevision.cl\/web\/wp-json\/wp\/v2\/users\/1"}],"replies":[{"embeddable":true,"href":"https:\/\/temucotelevision.cl\/web\/wp-json\/wp\/v2\/comments?post=54954"}],"version-history":[{"count":1,"href":"https:\/\/temucotelevision.cl\/web\/wp-json\/wp\/v2\/posts\/54954\/revisions"}],"predecessor-version":[{"id":54956,"href":"https:\/\/temucotelevision.cl\/web\/wp-json\/wp\/v2\/posts\/54954\/revisions\/54956"}],"wp:featuredmedia":[{"embeddable":true,"href":"https:\/\/temucotelevision.cl\/web\/wp-json\/wp\/v2\/media\/54955"}],"wp:attachment":[{"href":"https:\/\/temucotelevision.cl\/web\/wp-json\/wp\/v2\/media?parent=54954"}],"wp:term":[{"taxonomy":"category","embeddable":true,"href":"https:\/\/temucotelevision.cl\/web\/wp-json\/wp\/v2\/categories?post=54954"},{"taxonomy":"post_tag","embeddable":true,"href":"https:\/\/temucotelevision.cl\/web\/wp-json\/wp\/v2\/tags?post=54954"}],"curies":[{"name":"wp","href":"https:\/\/api.w.org\/{rel}","templated":true}]}}