{"id":54946,"date":"2025-01-27T11:38:32","date_gmt":"2025-01-27T14:38:32","guid":{"rendered":"https:\/\/temucotelevision.cl\/web\/?p=54946"},"modified":"2025-01-27T11:38:33","modified_gmt":"2025-01-27T14:38:33","slug":"teleton-temuco-abre-inscripciones-para-ser-parte-de-su-voluntariado-en-2025-conoce-requisitos-y-como-postular","status":"publish","type":"post","link":"https:\/\/temucotelevision.cl\/web\/2025\/01\/27\/teleton-temuco-abre-inscripciones-para-ser-parte-de-su-voluntariado-en-2025-conoce-requisitos-y-como-postular\/","title":{"rendered":"Telet\u00f3n Temuco abre inscripciones para ser parte de su Voluntariado en 2025: conoce requisitos y c\u00f3mo postular"},"content":{"rendered":"<div class=\"pvc_clear\"><\/div><p id=\"pvc_stats_54946\" class=\"pvc_stats total_only  \" data-element-id=\"54946\" style=\"\"><i class=\"pvc-stats-icon large\" aria-hidden=\"true\"><svg aria-hidden=\"true\" focusable=\"false\" data-prefix=\"far\" data-icon=\"chart-bar\" role=\"img\" xmlns=\"http:\/\/www.w3.org\/2000\/svg\" viewBox=\"0 0 512 512\" class=\"svg-inline--fa fa-chart-bar fa-w-16 fa-2x\"><path fill=\"currentColor\" d=\"M396.8 352h22.4c6.4 0 12.8-6.4 12.8-12.8V108.8c0-6.4-6.4-12.8-12.8-12.8h-22.4c-6.4 0-12.8 6.4-12.8 12.8v230.4c0 6.4 6.4 12.8 12.8 12.8zm-192 0h22.4c6.4 0 12.8-6.4 12.8-12.8V140.8c0-6.4-6.4-12.8-12.8-12.8h-22.4c-6.4 0-12.8 6.4-12.8 12.8v198.4c0 6.4 6.4 12.8 12.8 12.8zm96 0h22.4c6.4 0 12.8-6.4 12.8-12.8V204.8c0-6.4-6.4-12.8-12.8-12.8h-22.4c-6.4 0-12.8 6.4-12.8 12.8v134.4c0 6.4 6.4 12.8 12.8 12.8zM496 400H48V80c0-8.84-7.16-16-16-16H16C7.16 64 0 71.16 0 80v336c0 17.67 14.33 32 32 32h464c8.84 0 16-7.16 16-16v-16c0-8.84-7.16-16-16-16zm-387.2-48h22.4c6.4 0 12.8-6.4 12.8-12.8v-70.4c0-6.4-6.4-12.8-12.8-12.8h-22.4c-6.4 0-12.8 6.4-12.8 12.8v70.4c0 6.4 6.4 12.8 12.8 12.8z\" class=\"\"><\/path><\/svg><\/i> <img loading=\"lazy\" decoding=\"async\" width=\"16\" height=\"16\" alt=\"Loading\" src=\"https:\/\/temucotelevision.cl\/web\/wp-content\/plugins\/page-views-count\/ajax-loader-2x.gif\" border=0 \/><\/p><div class=\"pvc_clear\"><\/div>\n<ul class=\"wp-block-list\">\n<li>Desde el 27 de enero y hasta el 16 de marzo estar\u00e1n abiertas las postulaciones para integrarse al equipo de voluntariado social del instituto, el cual apoya los procesos de rehabilitaci\u00f3n e inclusi\u00f3n de los pacientes que all\u00ed se atienden.<\/li>\n<\/ul>\n\n\n\n<p>Este lunes 27 de enero comienza el proceso de postulaci\u00f3n para ser parte del Voluntariado Permanente 2025 del instituto<strong>&nbsp;Telet\u00f3n Temuco<\/strong>. Telet\u00f3n busca reclutar a 1.800 voluntarios y voluntarias a nivel nacional que quieran ser parte del equipo permanente de cada uno de sus institutos.&nbsp;<\/p>\n\n\n\n<p>El Voluntariado Telet\u00f3n se compone por un grupo de personas que, de forma libre y altruista, dedican su tiempo y habilidades para promover un pa\u00eds m\u00e1s inclusivo, apoyando a personas con discapacidad y difundiendo la obra Telet\u00f3n en la sociedad<strong>. En el caso del instituto de la regi\u00f3n de La Araucan\u00eda, son 180 las personas que ser\u00e1n seleccionadas para ser parte de esta enriquecedora experiencia.<\/strong><\/p>\n\n\n\n<p>Seg\u00fan sus habilidades y aptitudes, los nuevos voluntarios y voluntarias ser\u00e1n destinados a los distintos programas comunitarios o servicios que realiza el Voluntariado. Estos contemplan distintos \u00e1mbitos de acci\u00f3n, y todos contribuyen, de manera cotidiana, a la rehabilitaci\u00f3n e inclusi\u00f3n social de los ni\u00f1os, ni\u00f1as y j\u00f3venes que se atienden en Telet\u00f3n.<br><\/p>\n\n\n\n<p>\u201c<strong>Queremos invitarles a participar de esta nueva postulaci\u00f3n al voluntariado a nivel nacional y en espec\u00edfico a Temuco, donde queremos cautivar a nuevas personas, ya sean hombres, mujeres, mayores de 18 a\u00f1os, sin l\u00edmite a esta edad, pero que puedan cumplir un rol social para participar en todos los programas que tenemos como servicio en la actualidad\u201d<\/strong>, explic\u00f3&nbsp;<strong>Cristian Subiabre<\/strong>, jefe de Gesti\u00f3n Social y Voluntariado de Telet\u00f3n Temuco.&nbsp;<\/p>\n\n\n\n<p>En el caso de Telet\u00f3n Temuco, existen m\u00e1s de 11 programas en los cuales las personas pueden participar. Y, muy importante, no es necesario ser profesional del \u00e1rea de la salud ni contar con conocimientos en alguna \u00e1rea espec\u00edfica para ser parte de los programas, ya que el voluntariado entrega las debidas capacitaciones para ejecutar esta importante labor.&nbsp;<\/p>\n\n\n\n<p><br><strong>\u00bfQuieres ser parte del equipo de la regi\u00f3n de Temuco?&nbsp;<\/strong>Para esto debes cumplir ciertos requisitos, tales como:<\/p>\n\n\n\n<ul class=\"wp-block-list\">\n<li>Tener 18 a\u00f1os cumplidos al momento de la postulaci\u00f3n, y no hay l\u00edmite de edad m\u00e1xima para ser voluntario en Telet\u00f3n.<\/li>\n\n\n\n<li>Inscribirse en el formulario disponible en\u00a0<a href=\"https:\/\/voluntariado-teleton.cl\/Public\/Login\"><u>https:\/\/voluntariado-teleton.cl\/Public\/Login<\/u><\/a>. Esta es la \u00fanica v\u00eda de postulaci\u00f3n.<\/li>\n\n\n\n<li>Disponer de un tiempo m\u00ednimo para realizar el servicio de, a lo menos, tres horas continuas a la semana. Esto en horario de lunes a viernes, de 09:00 a 18:00 horas, y\/o s\u00e1bado de 09:00 a 14:00 horas.<\/li>\n\n\n\n<li>Adicional al programa comunitario y\/o servicio al que sea asignada la persona voluntaria, esta tambi\u00e9n debe disponer de tiempo para capacitaciones y reuniones de equipo.<\/li>\n<\/ul>\n\n\n\n<p>La inscripci\u00f3n estar\u00e1 disponible en el sitio web de la instituci\u00f3n (<a href=\"https:\/\/www.teleton.cl\/\"><u>https:\/\/www.teleton.cl\/<\/u><\/a>) y se realiza completando un formulario online. Las personas que se inscriban luego ser\u00e1n convocadas, durante marzo, a una entrevista para continuar el proceso de postulaci\u00f3n grupal. Esta es la primera etapa del proceso de selecci\u00f3n.<\/p>\n\n\n\n<p><strong>\u00bfQu\u00e9 sigue si quedo seleccionado?<\/strong><\/p>\n\n\n\n<p>Las personas seleccionadas en esa etapa ser\u00e1n entrevistadas de manera individual. Aprobada esta etapa, el postulante deber\u00e1 asistir a una inducci\u00f3n general obligatoria y a una capacitaci\u00f3n espec\u00edfica para el programa comunitario o servicio al que ser\u00e1 asignada, convirti\u00e9ndose \u2014a partir de ese momento\u2014 en voluntario permanente de Telet\u00f3n.<\/p>\n\n\n\n<p>Los\u202fvoluntarios\u202fson agentes de cambio social, personas responsables, participativas y l\u00edderes. Asimismo, deben ser facilitadores y promotores de los procesos de inclusi\u00f3n social de las personas en situaci\u00f3n de discapacidad. Deben tener una impronta diferenciadora, cimentada en procesos s\u00f3lidos de formaci\u00f3n.<\/p>\n\n\n\n<p>Para obtener m\u00e1s informaci\u00f3n y realizar la inscripci\u00f3n, los interesados pueden visitar el sitio web del voluntariado de Telet\u00f3n en este&nbsp;<a href=\"https:\/\/www.teleton.cl\/formas-de-ayudar\/ser-voluntario\/\"><u>link<\/u><\/a>.<\/p>\n","protected":false},"excerpt":{"rendered":"<div class=\"pvc_clear\"><\/div>\n<p id=\"pvc_stats_54946\" class=\"pvc_stats total_only  \" data-element-id=\"54946\" style=\"\"><i class=\"pvc-stats-icon large\" aria-hidden=\"true\"><svg aria-hidden=\"true\" focusable=\"false\" data-prefix=\"far\" data-icon=\"chart-bar\" role=\"img\" xmlns=\"http:\/\/www.w3.org\/2000\/svg\" viewBox=\"0 0 512 512\" class=\"svg-inline--fa fa-chart-bar fa-w-16 fa-2x\"><path fill=\"currentColor\" d=\"M396.8 352h22.4c6.4 0 12.8-6.4 12.8-12.8V108.8c0-6.4-6.4-12.8-12.8-12.8h-22.4c-6.4 0-12.8 6.4-12.8 12.8v230.4c0 6.4 6.4 12.8 12.8 12.8zm-192 0h22.4c6.4 0 12.8-6.4 12.8-12.8V140.8c0-6.4-6.4-12.8-12.8-12.8h-22.4c-6.4 0-12.8 6.4-12.8 12.8v198.4c0 6.4 6.4 12.8 12.8 12.8zm96 0h22.4c6.4 0 12.8-6.4 12.8-12.8V204.8c0-6.4-6.4-12.8-12.8-12.8h-22.4c-6.4 0-12.8 6.4-12.8 12.8v134.4c0 6.4 6.4 12.8 12.8 12.8zM496 400H48V80c0-8.84-7.16-16-16-16H16C7.16 64 0 71.16 0 80v336c0 17.67 14.33 32 32 32h464c8.84 0 16-7.16 16-16v-16c0-8.84-7.16-16-16-16zm-387.2-48h22.4c6.4 0 12.8-6.4 12.8-12.8v-70.4c0-6.4-6.4-12.8-12.8-12.8h-22.4c-6.4 0-12.8 6.4-12.8 12.8v70.4c0 6.4 6.4 12.8 12.8 12.8z\" class=\"\"><\/path><\/svg><\/i> <img loading=\"lazy\" decoding=\"async\" width=\"16\" height=\"16\" alt=\"Loading\" src=\"https:\/\/temucotelevision.cl\/web\/wp-content\/plugins\/page-views-count\/ajax-loader-2x.gif\" border=0 \/><\/p>\n<div class=\"pvc_clear\"><\/div>\n<p>Este lunes 27 de enero comienza el proceso de postulaci\u00f3n para ser parte del Voluntariado Permanente 2025 del instituto&nbsp;Telet\u00f3n Temuco.<\/p>\n","protected":false},"author":1,"featured_media":54947,"comment_status":"open","ping_status":"open","sticky":false,"template":"","format":"standard","meta":{"colormag_page_container_layout":"default_layout","colormag_page_sidebar_layout":"default_layout","footnotes":""},"categories":[15],"tags":[1989],"class_list":["post-54946","post","type-post","status-publish","format-standard","has-post-thumbnail","hentry","category-la-araucania","tag-teleton"],"a3_pvc":{"activated":true,"total_views":1507,"today_views":1},"_links":{"self":[{"href":"https:\/\/temucotelevision.cl\/web\/wp-json\/wp\/v2\/posts\/54946","targetHints":{"allow":["GET"]}}],"collection":[{"href":"https:\/\/temucotelevision.cl\/web\/wp-json\/wp\/v2\/posts"}],"about":[{"href":"https:\/\/temucotelevision.cl\/web\/wp-json\/wp\/v2\/types\/post"}],"author":[{"embeddable":true,"href":"https:\/\/temucotelevision.cl\/web\/wp-json\/wp\/v2\/users\/1"}],"replies":[{"embeddable":true,"href":"https:\/\/temucotelevision.cl\/web\/wp-json\/wp\/v2\/comments?post=54946"}],"version-history":[{"count":1,"href":"https:\/\/temucotelevision.cl\/web\/wp-json\/wp\/v2\/posts\/54946\/revisions"}],"predecessor-version":[{"id":54948,"href":"https:\/\/temucotelevision.cl\/web\/wp-json\/wp\/v2\/posts\/54946\/revisions\/54948"}],"wp:featuredmedia":[{"embeddable":true,"href":"https:\/\/temucotelevision.cl\/web\/wp-json\/wp\/v2\/media\/54947"}],"wp:attachment":[{"href":"https:\/\/temucotelevision.cl\/web\/wp-json\/wp\/v2\/media?parent=54946"}],"wp:term":[{"taxonomy":"category","embeddable":true,"href":"https:\/\/temucotelevision.cl\/web\/wp-json\/wp\/v2\/categories?post=54946"},{"taxonomy":"post_tag","embeddable":true,"href":"https:\/\/temucotelevision.cl\/web\/wp-json\/wp\/v2\/tags?post=54946"}],"curies":[{"name":"wp","href":"https:\/\/api.w.org\/{rel}","templated":true}]}}