{"id":54864,"date":"2025-01-20T22:59:13","date_gmt":"2025-01-21T01:59:13","guid":{"rendered":"https:\/\/temucotelevision.cl\/web\/?p=54864"},"modified":"2025-01-20T23:14:10","modified_gmt":"2025-01-21T02:14:10","slug":"equipos-de-cmpc-siguen-combatiendo-incendio-en-los-sauces","status":"publish","type":"post","link":"https:\/\/temucotelevision.cl\/web\/2025\/01\/20\/equipos-de-cmpc-siguen-combatiendo-incendio-en-los-sauces\/","title":{"rendered":"Equipos de CMPC siguen combatiendo incendio en Los Sauces"},"content":{"rendered":"<div class=\"pvc_clear\"><\/div><p id=\"pvc_stats_54864\" class=\"pvc_stats total_only  \" data-element-id=\"54864\" style=\"\"><i class=\"pvc-stats-icon large\" aria-hidden=\"true\"><svg aria-hidden=\"true\" focusable=\"false\" data-prefix=\"far\" data-icon=\"chart-bar\" role=\"img\" xmlns=\"http:\/\/www.w3.org\/2000\/svg\" viewBox=\"0 0 512 512\" class=\"svg-inline--fa fa-chart-bar fa-w-16 fa-2x\"><path fill=\"currentColor\" d=\"M396.8 352h22.4c6.4 0 12.8-6.4 12.8-12.8V108.8c0-6.4-6.4-12.8-12.8-12.8h-22.4c-6.4 0-12.8 6.4-12.8 12.8v230.4c0 6.4 6.4 12.8 12.8 12.8zm-192 0h22.4c6.4 0 12.8-6.4 12.8-12.8V140.8c0-6.4-6.4-12.8-12.8-12.8h-22.4c-6.4 0-12.8 6.4-12.8 12.8v198.4c0 6.4 6.4 12.8 12.8 12.8zm96 0h22.4c6.4 0 12.8-6.4 12.8-12.8V204.8c0-6.4-6.4-12.8-12.8-12.8h-22.4c-6.4 0-12.8 6.4-12.8 12.8v134.4c0 6.4 6.4 12.8 12.8 12.8zM496 400H48V80c0-8.84-7.16-16-16-16H16C7.16 64 0 71.16 0 80v336c0 17.67 14.33 32 32 32h464c8.84 0 16-7.16 16-16v-16c0-8.84-7.16-16-16-16zm-387.2-48h22.4c6.4 0 12.8-6.4 12.8-12.8v-70.4c0-6.4-6.4-12.8-12.8-12.8h-22.4c-6.4 0-12.8 6.4-12.8 12.8v70.4c0 6.4 6.4 12.8 12.8 12.8z\" class=\"\"><\/path><\/svg><\/i> <img loading=\"lazy\" decoding=\"async\" width=\"16\" height=\"16\" alt=\"Loading\" src=\"https:\/\/temucotelevision.cl\/web\/wp-content\/plugins\/page-views-count\/ajax-loader-2x.gif\" border=0 \/><\/p><div class=\"pvc_clear\"><\/div>\n<ul class=\"wp-block-list\">\n<li>Hoy se han desplegado 122 brigadistas en la comuna de la Regi\u00f3n de La Araucan\u00eda, mientras que ayer trabajaron 167. Adem\u00e1s, durante la jornada se produjeron dos siniestros en Mulch\u00e9n.<\/li>\n<\/ul>\n\n\n\n<p>Los equipos de CMPC retomaron esta madrugada el combate al incendio surgido ayer en la comuna de Los Sauces (Regi\u00f3n de La Araucan\u00eda), y que por desgracia caus\u00f3 anoche la muerte de tres brigadistas. Solo hoy se han desplegado 1 avi\u00f3n de coordinaci\u00f3n, 1 helic\u00f3ptero de coordinaci\u00f3n, 9 aviones cisterna, 1 helic\u00f3ptero S\u00faper Puma y 5 helic\u00f3pteros medianos, m\u00e1s 5 brigadas terrestres, 1 brigada helitransportada y 2 brigadas mecanizadas, con 122 brigadistas en terreno.<\/p>\n\n\n\n<p>En tanto, ayer trabajaron 6 aviones cisterna, 1 avi\u00f3n de coordinaci\u00f3n, 2 helic\u00f3pteros Super Puma, 1 helic\u00f3ptero de coordinaci\u00f3n, 3 helic\u00f3pteros medianos, 17 brigadas terrestres, 2 brigadas helitransportadas y 4 brigadas mecanizadas, sumando 167 brigadistas en terreno.<\/p>\n\n\n\n<p>Adicionalmente, CMPC gestion\u00f3 la presencia de otras 12 brigadas silv\u00edcolas m\u00e1s 4 brigadas multiprop\u00f3sito, alcanzando, entre distintos equipos, 183 brigadistas de apoyo. Adem\u00e1s, CONAF inform\u00f3 que participa en el combate con 11 brigadas, 3 camiones cisterna, 2 maquinarias skidder, 1 avi\u00f3n H\u00e9rcules C-130 y 2 aviones cisterna junto a 2 cuerpos de Bomberos.<\/p>\n\n\n\n<p>Seg\u00fan se explic\u00f3 desde CMPC, el incendio ocurri\u00f3 en una condici\u00f3n de alerta por altas temperaturas, y esto signific\u00f3 que el incendio fuera muy r\u00e1pido en su comportamiento inicial. Tambi\u00e9n incidieron otros factores topogr\u00e1ficos de pendiente y viento a favor, que lo transform\u00f3 en un incendio de mayores proporciones. A estas horas de la tarde se reporta que el incendio no est\u00e1 con un avance importante, pero tampoco contenido, por lo que sigue trabajando arduamente en la zona.<\/p>\n\n\n\n<p><strong>Combate en Mulch\u00e9n<\/strong><\/p>\n\n\n\n<p>Durante la tarde de este lunes, tambi\u00e9n se registraron dos incendios en la comuna de Mulch\u00e9n (Regi\u00f3n del Biob\u00edo). Uno de ellos fue en el fundo Morand\u00e9, hasta donde lleg\u00f3 1 brigada multiprop\u00f3sito, con 4 brigadistas en total. Este siniestro qued\u00f3 controlado.&nbsp;<\/p>\n\n\n\n<div class=\"wp-block-media-text is-stacked-on-mobile\" style=\"grid-template-columns:36% auto\"><figure class=\"wp-block-media-text__media\"><video controls src=\"https:\/\/temucotelevision.cl\/web\/wp-content\/uploads\/2025\/01\/WhatsApp-Video-2025-01-20-at-21.50.39-1.mp4\"><\/video><\/figure><div class=\"wp-block-media-text__content\">\n<p>Un poco m\u00e1s tarde, la emergencia se traslad\u00f3 al fundo La Sombra. All\u00ed arribaron 9 aviones cisterna, 1 avi\u00f3n de coordinaci\u00f3n, 2 helic\u00f3pteros medianos, junto a 3 brigadas terrestres, 3 brigadas mecanizadas y 1 brigada helitransportada, con 38 brigadistas en total, quienes siguen en combate en el lugar.<\/p>\n<\/div><\/div>\n","protected":false},"excerpt":{"rendered":"<div class=\"pvc_clear\"><\/div>\n<p id=\"pvc_stats_54864\" class=\"pvc_stats total_only  \" data-element-id=\"54864\" style=\"\"><i class=\"pvc-stats-icon large\" aria-hidden=\"true\"><svg aria-hidden=\"true\" focusable=\"false\" data-prefix=\"far\" data-icon=\"chart-bar\" role=\"img\" xmlns=\"http:\/\/www.w3.org\/2000\/svg\" viewBox=\"0 0 512 512\" class=\"svg-inline--fa fa-chart-bar fa-w-16 fa-2x\"><path fill=\"currentColor\" d=\"M396.8 352h22.4c6.4 0 12.8-6.4 12.8-12.8V108.8c0-6.4-6.4-12.8-12.8-12.8h-22.4c-6.4 0-12.8 6.4-12.8 12.8v230.4c0 6.4 6.4 12.8 12.8 12.8zm-192 0h22.4c6.4 0 12.8-6.4 12.8-12.8V140.8c0-6.4-6.4-12.8-12.8-12.8h-22.4c-6.4 0-12.8 6.4-12.8 12.8v198.4c0 6.4 6.4 12.8 12.8 12.8zm96 0h22.4c6.4 0 12.8-6.4 12.8-12.8V204.8c0-6.4-6.4-12.8-12.8-12.8h-22.4c-6.4 0-12.8 6.4-12.8 12.8v134.4c0 6.4 6.4 12.8 12.8 12.8zM496 400H48V80c0-8.84-7.16-16-16-16H16C7.16 64 0 71.16 0 80v336c0 17.67 14.33 32 32 32h464c8.84 0 16-7.16 16-16v-16c0-8.84-7.16-16-16-16zm-387.2-48h22.4c6.4 0 12.8-6.4 12.8-12.8v-70.4c0-6.4-6.4-12.8-12.8-12.8h-22.4c-6.4 0-12.8 6.4-12.8 12.8v70.4c0 6.4 6.4 12.8 12.8 12.8z\" class=\"\"><\/path><\/svg><\/i> <img loading=\"lazy\" decoding=\"async\" width=\"16\" height=\"16\" alt=\"Loading\" src=\"https:\/\/temucotelevision.cl\/web\/wp-content\/plugins\/page-views-count\/ajax-loader-2x.gif\" border=0 \/><\/p>\n<div class=\"pvc_clear\"><\/div>\n<p>Los equipos de CMPC retomaron esta madrugada el combate al incendio surgido ayer en la comuna de Los Sauces (Regi\u00f3n<\/p>\n","protected":false},"author":1,"featured_media":54865,"comment_status":"open","ping_status":"open","sticky":false,"template":"","format":"standard","meta":{"colormag_page_container_layout":"default_layout","colormag_page_sidebar_layout":"default_layout","footnotes":""},"categories":[15],"tags":[6149],"class_list":["post-54864","post","type-post","status-publish","format-standard","has-post-thumbnail","hentry","category-la-araucania","tag-if"],"a3_pvc":{"activated":true,"total_views":2879,"today_views":0},"_links":{"self":[{"href":"https:\/\/temucotelevision.cl\/web\/wp-json\/wp\/v2\/posts\/54864","targetHints":{"allow":["GET"]}}],"collection":[{"href":"https:\/\/temucotelevision.cl\/web\/wp-json\/wp\/v2\/posts"}],"about":[{"href":"https:\/\/temucotelevision.cl\/web\/wp-json\/wp\/v2\/types\/post"}],"author":[{"embeddable":true,"href":"https:\/\/temucotelevision.cl\/web\/wp-json\/wp\/v2\/users\/1"}],"replies":[{"embeddable":true,"href":"https:\/\/temucotelevision.cl\/web\/wp-json\/wp\/v2\/comments?post=54864"}],"version-history":[{"count":2,"href":"https:\/\/temucotelevision.cl\/web\/wp-json\/wp\/v2\/posts\/54864\/revisions"}],"predecessor-version":[{"id":54871,"href":"https:\/\/temucotelevision.cl\/web\/wp-json\/wp\/v2\/posts\/54864\/revisions\/54871"}],"wp:featuredmedia":[{"embeddable":true,"href":"https:\/\/temucotelevision.cl\/web\/wp-json\/wp\/v2\/media\/54865"}],"wp:attachment":[{"href":"https:\/\/temucotelevision.cl\/web\/wp-json\/wp\/v2\/media?parent=54864"}],"wp:term":[{"taxonomy":"category","embeddable":true,"href":"https:\/\/temucotelevision.cl\/web\/wp-json\/wp\/v2\/categories?post=54864"},{"taxonomy":"post_tag","embeddable":true,"href":"https:\/\/temucotelevision.cl\/web\/wp-json\/wp\/v2\/tags?post=54864"}],"curies":[{"name":"wp","href":"https:\/\/api.w.org\/{rel}","templated":true}]}}