{"id":54861,"date":"2025-01-20T22:57:14","date_gmt":"2025-01-21T01:57:14","guid":{"rendered":"https:\/\/temucotelevision.cl\/web\/?p=54861"},"modified":"2025-01-20T22:57:14","modified_gmt":"2025-01-21T01:57:14","slug":"democratas-valora-incorporacion-de-cooperativas-de-ahorro-en-reforma-de-pensiones-y-se-declaran-en-reflexion-ante-reforma-de-pensiones","status":"publish","type":"post","link":"https:\/\/temucotelevision.cl\/web\/2025\/01\/20\/democratas-valora-incorporacion-de-cooperativas-de-ahorro-en-reforma-de-pensiones-y-se-declaran-en-reflexion-ante-reforma-de-pensiones\/","title":{"rendered":"Dem\u00f3cratas valora incorporaci\u00f3n de cooperativas de ahorro en reforma de pensiones y se declaran en reflexi\u00f3n ante reforma de pensiones"},"content":{"rendered":"<div class=\"pvc_clear\"><\/div><p id=\"pvc_stats_54861\" class=\"pvc_stats total_only  \" data-element-id=\"54861\" style=\"\"><i class=\"pvc-stats-icon large\" aria-hidden=\"true\"><svg aria-hidden=\"true\" focusable=\"false\" data-prefix=\"far\" data-icon=\"chart-bar\" role=\"img\" xmlns=\"http:\/\/www.w3.org\/2000\/svg\" viewBox=\"0 0 512 512\" class=\"svg-inline--fa fa-chart-bar fa-w-16 fa-2x\"><path fill=\"currentColor\" d=\"M396.8 352h22.4c6.4 0 12.8-6.4 12.8-12.8V108.8c0-6.4-6.4-12.8-12.8-12.8h-22.4c-6.4 0-12.8 6.4-12.8 12.8v230.4c0 6.4 6.4 12.8 12.8 12.8zm-192 0h22.4c6.4 0 12.8-6.4 12.8-12.8V140.8c0-6.4-6.4-12.8-12.8-12.8h-22.4c-6.4 0-12.8 6.4-12.8 12.8v198.4c0 6.4 6.4 12.8 12.8 12.8zm96 0h22.4c6.4 0 12.8-6.4 12.8-12.8V204.8c0-6.4-6.4-12.8-12.8-12.8h-22.4c-6.4 0-12.8 6.4-12.8 12.8v134.4c0 6.4 6.4 12.8 12.8 12.8zM496 400H48V80c0-8.84-7.16-16-16-16H16C7.16 64 0 71.16 0 80v336c0 17.67 14.33 32 32 32h464c8.84 0 16-7.16 16-16v-16c0-8.84-7.16-16-16-16zm-387.2-48h22.4c6.4 0 12.8-6.4 12.8-12.8v-70.4c0-6.4-6.4-12.8-12.8-12.8h-22.4c-6.4 0-12.8 6.4-12.8 12.8v70.4c0 6.4 6.4 12.8 12.8 12.8z\" class=\"\"><\/path><\/svg><\/i> <img loading=\"lazy\" decoding=\"async\" width=\"16\" height=\"16\" alt=\"Loading\" src=\"https:\/\/temucotelevision.cl\/web\/wp-content\/plugins\/page-views-count\/ajax-loader-2x.gif\" border=0 \/><\/p><div class=\"pvc_clear\"><\/div>\n<p><em>Adem\u00e1s los parlamentarios han sido cr\u00edticos con el partido republicano por no otorgar el acuerdo para sesionar en la semana distrital y lograr un acuerdo en materia de pensiones.<\/em><\/p>\n\n\n\n<p>Durante el a\u00f1o 2024 las diputadas y diputados acordaron con el gobierno incorporar a nuevos actores en el sistema de distribuci\u00f3n de pensiones con un enfoque solidario, como las cooperativas de pensiones, con el objetivo de que las utilidades queden en poder de los cooperandos. Lo que se incluy\u00f3 en la reforma por intermedio de la comisi\u00f3n de trabajo del Senado.&nbsp;<\/p>\n\n\n\n<p>\u201cValoro los acuerdos que se han logrado en materia de pensiones en la Comisi\u00f3n del Senado y el Gobierno, especialmente como autora de las <strong>Cooperativas de Pensiones<\/strong>, porque esto viene a generar competencias e incorpora nuevos actores, es nuestra propuesta solidaria porque todo lo que son las utilidades y por cierto tambi\u00e9n los remanentes quedan en los cotizantes que ser\u00edan los futuros pensionados\u201d, se\u00f1al\u00f3 la diputada y jefa de bancada, Joanna P\u00e9rez.&nbsp;<\/p>\n\n\n\n<p>Asimismo a\u00f1adi\u00f3 \u201ccreemos que el Gobierno est\u00e1 cumpliendo el compromiso que asumi\u00f3 con nosotros en la C\u00e1mara de Diputados. Como tambi\u00e9n el aumento de la PGU que solicitamos, no solo en el monto de 250 mil pesos, sino que tambi\u00e9n en la cobertura. Por eso estamos disponibles para seguir avanzando en este acuerdo y esperamos que pronto sea una reforma\u201d.<\/p>\n\n\n\n<p>Por su parte el diputado Jorge Saffirio puntualiz\u00f3 \u201cvaloramos la incorporaci\u00f3n de un nuevo actor que pueda dar competencia a las AFP, como lo planteamos en la propuesta de Dem\u00f3cratas y esperamos que esta reforma sea discutida en la c\u00e1mara de diputados durante esta semana\u201d.<\/p>\n\n\n\n<p>Finalmente los parlamentarios han cuestionado a la bancada republicana por no querer dar el acuerdo para sesionar en la semana distrital y lograr sacar adelante un acuerdo en&nbsp; la reforma de pensiones antes del receso legislativo.<\/p>\n","protected":false},"excerpt":{"rendered":"<div class=\"pvc_clear\"><\/div>\n<p id=\"pvc_stats_54861\" class=\"pvc_stats total_only  \" data-element-id=\"54861\" style=\"\"><i class=\"pvc-stats-icon large\" aria-hidden=\"true\"><svg aria-hidden=\"true\" focusable=\"false\" data-prefix=\"far\" data-icon=\"chart-bar\" role=\"img\" xmlns=\"http:\/\/www.w3.org\/2000\/svg\" viewBox=\"0 0 512 512\" class=\"svg-inline--fa fa-chart-bar fa-w-16 fa-2x\"><path fill=\"currentColor\" d=\"M396.8 352h22.4c6.4 0 12.8-6.4 12.8-12.8V108.8c0-6.4-6.4-12.8-12.8-12.8h-22.4c-6.4 0-12.8 6.4-12.8 12.8v230.4c0 6.4 6.4 12.8 12.8 12.8zm-192 0h22.4c6.4 0 12.8-6.4 12.8-12.8V140.8c0-6.4-6.4-12.8-12.8-12.8h-22.4c-6.4 0-12.8 6.4-12.8 12.8v198.4c0 6.4 6.4 12.8 12.8 12.8zm96 0h22.4c6.4 0 12.8-6.4 12.8-12.8V204.8c0-6.4-6.4-12.8-12.8-12.8h-22.4c-6.4 0-12.8 6.4-12.8 12.8v134.4c0 6.4 6.4 12.8 12.8 12.8zM496 400H48V80c0-8.84-7.16-16-16-16H16C7.16 64 0 71.16 0 80v336c0 17.67 14.33 32 32 32h464c8.84 0 16-7.16 16-16v-16c0-8.84-7.16-16-16-16zm-387.2-48h22.4c6.4 0 12.8-6.4 12.8-12.8v-70.4c0-6.4-6.4-12.8-12.8-12.8h-22.4c-6.4 0-12.8 6.4-12.8 12.8v70.4c0 6.4 6.4 12.8 12.8 12.8z\" class=\"\"><\/path><\/svg><\/i> <img loading=\"lazy\" decoding=\"async\" width=\"16\" height=\"16\" alt=\"Loading\" src=\"https:\/\/temucotelevision.cl\/web\/wp-content\/plugins\/page-views-count\/ajax-loader-2x.gif\" border=0 \/><\/p>\n<div class=\"pvc_clear\"><\/div>\n<p>Adem\u00e1s los parlamentarios han sido cr\u00edticos con el partido republicano por no otorgar el acuerdo para sesionar en la semana<\/p>\n","protected":false},"author":1,"featured_media":54862,"comment_status":"open","ping_status":"open","sticky":false,"template":"","format":"standard","meta":{"colormag_page_container_layout":"default_layout","colormag_page_sidebar_layout":"default_layout","footnotes":""},"categories":[84],"tags":[1337],"class_list":["post-54861","post","type-post","status-publish","format-standard","has-post-thumbnail","hentry","category-politica","tag-pensiones"],"a3_pvc":{"activated":true,"total_views":845,"today_views":0},"_links":{"self":[{"href":"https:\/\/temucotelevision.cl\/web\/wp-json\/wp\/v2\/posts\/54861","targetHints":{"allow":["GET"]}}],"collection":[{"href":"https:\/\/temucotelevision.cl\/web\/wp-json\/wp\/v2\/posts"}],"about":[{"href":"https:\/\/temucotelevision.cl\/web\/wp-json\/wp\/v2\/types\/post"}],"author":[{"embeddable":true,"href":"https:\/\/temucotelevision.cl\/web\/wp-json\/wp\/v2\/users\/1"}],"replies":[{"embeddable":true,"href":"https:\/\/temucotelevision.cl\/web\/wp-json\/wp\/v2\/comments?post=54861"}],"version-history":[{"count":1,"href":"https:\/\/temucotelevision.cl\/web\/wp-json\/wp\/v2\/posts\/54861\/revisions"}],"predecessor-version":[{"id":54863,"href":"https:\/\/temucotelevision.cl\/web\/wp-json\/wp\/v2\/posts\/54861\/revisions\/54863"}],"wp:featuredmedia":[{"embeddable":true,"href":"https:\/\/temucotelevision.cl\/web\/wp-json\/wp\/v2\/media\/54862"}],"wp:attachment":[{"href":"https:\/\/temucotelevision.cl\/web\/wp-json\/wp\/v2\/media?parent=54861"}],"wp:term":[{"taxonomy":"category","embeddable":true,"href":"https:\/\/temucotelevision.cl\/web\/wp-json\/wp\/v2\/categories?post=54861"},{"taxonomy":"post_tag","embeddable":true,"href":"https:\/\/temucotelevision.cl\/web\/wp-json\/wp\/v2\/tags?post=54861"}],"curies":[{"name":"wp","href":"https:\/\/api.w.org\/{rel}","templated":true}]}}