{"id":5486,"date":"2019-08-24T15:42:03","date_gmt":"2019-08-24T18:42:03","guid":{"rendered":"https:\/\/temucotelevision.cl\/web\/?p=5486"},"modified":"2019-08-24T15:42:03","modified_gmt":"2019-08-24T18:42:03","slug":"federacion-regionalista-verde-discrepa-ante-declaraciones-de-eugenio-tuma","status":"publish","type":"post","link":"https:\/\/temucotelevision.cl\/web\/2019\/08\/24\/federacion-regionalista-verde-discrepa-ante-declaraciones-de-eugenio-tuma\/","title":{"rendered":"Federaci\u00f3n Regionalista Verde discrepa ante declaraciones de Eugenio Tuma"},"content":{"rendered":"<div class=\"pvc_clear\"><\/div>\n<p id=\"pvc_stats_5486\" class=\"pvc_stats total_only  \" data-element-id=\"5486\" style=\"\"><i class=\"pvc-stats-icon large\" aria-hidden=\"true\"><svg aria-hidden=\"true\" focusable=\"false\" data-prefix=\"far\" data-icon=\"chart-bar\" role=\"img\" xmlns=\"http:\/\/www.w3.org\/2000\/svg\" viewBox=\"0 0 512 512\" class=\"svg-inline--fa fa-chart-bar fa-w-16 fa-2x\"><path fill=\"currentColor\" d=\"M396.8 352h22.4c6.4 0 12.8-6.4 12.8-12.8V108.8c0-6.4-6.4-12.8-12.8-12.8h-22.4c-6.4 0-12.8 6.4-12.8 12.8v230.4c0 6.4 6.4 12.8 12.8 12.8zm-192 0h22.4c6.4 0 12.8-6.4 12.8-12.8V140.8c0-6.4-6.4-12.8-12.8-12.8h-22.4c-6.4 0-12.8 6.4-12.8 12.8v198.4c0 6.4 6.4 12.8 12.8 12.8zm96 0h22.4c6.4 0 12.8-6.4 12.8-12.8V204.8c0-6.4-6.4-12.8-12.8-12.8h-22.4c-6.4 0-12.8 6.4-12.8 12.8v134.4c0 6.4 6.4 12.8 12.8 12.8zM496 400H48V80c0-8.84-7.16-16-16-16H16C7.16 64 0 71.16 0 80v336c0 17.67 14.33 32 32 32h464c8.84 0 16-7.16 16-16v-16c0-8.84-7.16-16-16-16zm-387.2-48h22.4c6.4 0 12.8-6.4 12.8-12.8v-70.4c0-6.4-6.4-12.8-12.8-12.8h-22.4c-6.4 0-12.8 6.4-12.8 12.8v70.4c0 6.4 6.4 12.8 12.8 12.8z\" class=\"\"><\/path><\/svg><\/i> <img loading=\"lazy\" decoding=\"async\" width=\"16\" height=\"16\" alt=\"Loading\" src=\"https:\/\/temucotelevision.cl\/web\/wp-content\/plugins\/page-views-count\/ajax-loader-2x.gif\" border=0 \/><\/p>\n<div class=\"pvc_clear\"><\/div>\n<p style=\"text-align: justify;\"><span style=\"color: #ff6600;\">Precandidato a Gobernador Regional dijo que hay Terrorismo en La Araucan\u00eda.<\/span><\/p>\n<p style=\"text-align: justify;\">La regi\u00f3n est\u00e1 cansada de la \u201ccalculadora electoral\u201d a cualquier costo y donde todo vale, sostuvieron desde el partido en formaci\u00f3n.<\/p>\n<p style=\"text-align: justify;\">La Federaci\u00f3n Regionalista Verde de La Araucan\u00eda repudi\u00f3 las declaraciones que hiciera el pre-candidato a Gobernador Regional Eugenio Tuma, quien sostuvo en el semanario Tiempo 21 \u201cque no le tiembla la mano a establecer que hay Terrorismo en La Araucan\u00eda\u201d.<\/p>\n<p style=\"text-align: justify;\">\u201cEl Ex Senador seguramente se refiere al rol del Estado, que lleg\u00f3 a este territorio hace casi un siglo y medio arrasando con todo lo que encontr\u00e9 en su camino, con robos usurpaci\u00f3n, violaciones y genocidio del pueblo naci\u00f3n mapuche\u201d, sostuvieron los dirigentes de este partido en formaci\u00f3n, quienes adem\u00e1s agregaron que ning\u00fan tribunal ha condenado a alguien por Terrorismo en la regi\u00f3n, por ello, discrepamos con su declaraci\u00f3n, ya que el Terrorismo que hemos visto ha sido desde el propio Estado con el Comando Jungla, la Operaci\u00f3n Hurac\u00e1n, testigos encubiertos, etc\u201d.<\/p>\n<p style=\"text-align: justify;\">La Federaci\u00f3n Regionalista de La Araucan\u00eda sostuvo \u201cquisi\u00e9ramos entender que Eugenio Tuma se refiere a eliminar el terrorismo de Estado, que ha matado a j\u00f3venes indefensos y que ha creado los m\u00e1s burdos montajes para \u201ccriminalizar\u201d la leg\u00edtima demanda de la causa de la naci\u00f3n mapuche, esperamos que as\u00ed sea\u201d.<\/p>\n<p style=\"text-align: justify;\">Cabe recordar que el actual Fiscal Nacional expres\u00f3 que no hay terrorismo en La Araucan\u00eda y que la Corte Interamericana de Derechos humanos conden\u00f3 al Estado de Chile por aplicar una ley antiterrorista que no se condice con los hechos que acontecen en la regi\u00f3n, por ende, \u201ces irresponsable cuando lo dice alguien que desea ser gobernador regional, ya que se sale de lo t\u00e9cnico para sacar por sobre los principios, la calculadora electoral y de eso nuestra regi\u00f3n durante los \u00faltimos 30 a\u00f1os ha tenido bastante\u201d.<\/p>\n<p style=\"text-align: justify;\">En tanto, los dirigentes de la Federaci\u00f3n Regionalista formularon un llamado a abrir los procesos de di\u00e1logo pol\u00edtico del m\u00e1s alto nivel, donde nadie quede excluido, para construir un programa y proyecto pol\u00edtico regional que termine con la violencia rural en la regi\u00f3n. \u201cLos Regionalistas Verdes no queremos m\u00e1s v\u00edctimas de este conflicto, ya sean colonos, parceleros, peque\u00f1os agricultores, carabineros y mapuche, queremos dialogo y m\u00e1s dialogo por una regi\u00f3n y pa\u00eds plurinacional que respeta la autodeterminaci\u00f3n de las primeras naciones\u201d, concluyeron.<\/p>\n","protected":false},"excerpt":{"rendered":"<div class=\"pvc_clear\"><\/div>\n<p id=\"pvc_stats_5486\" class=\"pvc_stats total_only  \" data-element-id=\"5486\" style=\"\"><i class=\"pvc-stats-icon large\" aria-hidden=\"true\"><svg aria-hidden=\"true\" focusable=\"false\" data-prefix=\"far\" data-icon=\"chart-bar\" role=\"img\" xmlns=\"http:\/\/www.w3.org\/2000\/svg\" viewBox=\"0 0 512 512\" class=\"svg-inline--fa fa-chart-bar fa-w-16 fa-2x\"><path fill=\"currentColor\" d=\"M396.8 352h22.4c6.4 0 12.8-6.4 12.8-12.8V108.8c0-6.4-6.4-12.8-12.8-12.8h-22.4c-6.4 0-12.8 6.4-12.8 12.8v230.4c0 6.4 6.4 12.8 12.8 12.8zm-192 0h22.4c6.4 0 12.8-6.4 12.8-12.8V140.8c0-6.4-6.4-12.8-12.8-12.8h-22.4c-6.4 0-12.8 6.4-12.8 12.8v198.4c0 6.4 6.4 12.8 12.8 12.8zm96 0h22.4c6.4 0 12.8-6.4 12.8-12.8V204.8c0-6.4-6.4-12.8-12.8-12.8h-22.4c-6.4 0-12.8 6.4-12.8 12.8v134.4c0 6.4 6.4 12.8 12.8 12.8zM496 400H48V80c0-8.84-7.16-16-16-16H16C7.16 64 0 71.16 0 80v336c0 17.67 14.33 32 32 32h464c8.84 0 16-7.16 16-16v-16c0-8.84-7.16-16-16-16zm-387.2-48h22.4c6.4 0 12.8-6.4 12.8-12.8v-70.4c0-6.4-6.4-12.8-12.8-12.8h-22.4c-6.4 0-12.8 6.4-12.8 12.8v70.4c0 6.4 6.4 12.8 12.8 12.8z\" class=\"\"><\/path><\/svg><\/i> <img loading=\"lazy\" decoding=\"async\" width=\"16\" height=\"16\" alt=\"Loading\" src=\"https:\/\/temucotelevision.cl\/web\/wp-content\/plugins\/page-views-count\/ajax-loader-2x.gif\" border=0 \/><\/p>\n<div class=\"pvc_clear\"><\/div>\n<p>Precandidato a Gobernador Regional dijo que hay Terrorismo en La Araucan\u00eda. La regi\u00f3n est\u00e1 cansada de la \u201ccalculadora electoral\u201d a<\/p>\n","protected":false},"author":1,"featured_media":5488,"comment_status":"open","ping_status":"open","sticky":false,"template":"","format":"standard","meta":{"colormag_page_container_layout":"default_layout","colormag_page_sidebar_layout":"default_layout","footnotes":""},"categories":[84],"tags":[1796,1797,1798,1795],"class_list":["post-5486","post","type-post","status-publish","format-standard","has-post-thumbnail","hentry","category-politica","tag-declaraciones","tag-eugenio","tag-terrorismo","tag-tuma"],"a3_pvc":{"activated":true,"total_views":56,"today_views":0},"_links":{"self":[{"href":"https:\/\/temucotelevision.cl\/web\/wp-json\/wp\/v2\/posts\/5486","targetHints":{"allow":["GET"]}}],"collection":[{"href":"https:\/\/temucotelevision.cl\/web\/wp-json\/wp\/v2\/posts"}],"about":[{"href":"https:\/\/temucotelevision.cl\/web\/wp-json\/wp\/v2\/types\/post"}],"author":[{"embeddable":true,"href":"https:\/\/temucotelevision.cl\/web\/wp-json\/wp\/v2\/users\/1"}],"replies":[{"embeddable":true,"href":"https:\/\/temucotelevision.cl\/web\/wp-json\/wp\/v2\/comments?post=5486"}],"version-history":[{"count":1,"href":"https:\/\/temucotelevision.cl\/web\/wp-json\/wp\/v2\/posts\/5486\/revisions"}],"predecessor-version":[{"id":5489,"href":"https:\/\/temucotelevision.cl\/web\/wp-json\/wp\/v2\/posts\/5486\/revisions\/5489"}],"wp:featuredmedia":[{"embeddable":true,"href":"https:\/\/temucotelevision.cl\/web\/wp-json\/wp\/v2\/media\/5488"}],"wp:attachment":[{"href":"https:\/\/temucotelevision.cl\/web\/wp-json\/wp\/v2\/media?parent=5486"}],"wp:term":[{"taxonomy":"category","embeddable":true,"href":"https:\/\/temucotelevision.cl\/web\/wp-json\/wp\/v2\/categories?post=5486"},{"taxonomy":"post_tag","embeddable":true,"href":"https:\/\/temucotelevision.cl\/web\/wp-json\/wp\/v2\/tags?post=5486"}],"curies":[{"name":"wp","href":"https:\/\/api.w.org\/{rel}","templated":true}]}}