{"id":5483,"date":"2019-08-24T15:35:03","date_gmt":"2019-08-24T18:35:03","guid":{"rendered":"https:\/\/temucotelevision.cl\/web\/?p=5483"},"modified":"2019-08-24T15:35:03","modified_gmt":"2019-08-24T18:35:03","slug":"carabineros-integrantes-de-las-patrullas-de-atencion-a-comunidades-indigenas-fueron-certificados-en-ddhh-e-interculturalidad","status":"publish","type":"post","link":"https:\/\/temucotelevision.cl\/web\/2019\/08\/24\/carabineros-integrantes-de-las-patrullas-de-atencion-a-comunidades-indigenas-fueron-certificados-en-ddhh-e-interculturalidad\/","title":{"rendered":"Carabineros integrantes de las patrullas de atenci\u00f3n a comunidades ind\u00edgenas fueron certificados en DDHH e interculturalidad"},"content":{"rendered":"<div class=\"pvc_clear\"><\/div>\n<p id=\"pvc_stats_5483\" class=\"pvc_stats total_only  \" data-element-id=\"5483\" style=\"\"><i class=\"pvc-stats-icon large\" aria-hidden=\"true\"><svg aria-hidden=\"true\" focusable=\"false\" data-prefix=\"far\" data-icon=\"chart-bar\" role=\"img\" xmlns=\"http:\/\/www.w3.org\/2000\/svg\" viewBox=\"0 0 512 512\" class=\"svg-inline--fa fa-chart-bar fa-w-16 fa-2x\"><path fill=\"currentColor\" d=\"M396.8 352h22.4c6.4 0 12.8-6.4 12.8-12.8V108.8c0-6.4-6.4-12.8-12.8-12.8h-22.4c-6.4 0-12.8 6.4-12.8 12.8v230.4c0 6.4 6.4 12.8 12.8 12.8zm-192 0h22.4c6.4 0 12.8-6.4 12.8-12.8V140.8c0-6.4-6.4-12.8-12.8-12.8h-22.4c-6.4 0-12.8 6.4-12.8 12.8v198.4c0 6.4 6.4 12.8 12.8 12.8zm96 0h22.4c6.4 0 12.8-6.4 12.8-12.8V204.8c0-6.4-6.4-12.8-12.8-12.8h-22.4c-6.4 0-12.8 6.4-12.8 12.8v134.4c0 6.4 6.4 12.8 12.8 12.8zM496 400H48V80c0-8.84-7.16-16-16-16H16C7.16 64 0 71.16 0 80v336c0 17.67 14.33 32 32 32h464c8.84 0 16-7.16 16-16v-16c0-8.84-7.16-16-16-16zm-387.2-48h22.4c6.4 0 12.8-6.4 12.8-12.8v-70.4c0-6.4-6.4-12.8-12.8-12.8h-22.4c-6.4 0-12.8 6.4-12.8 12.8v70.4c0 6.4 6.4 12.8 12.8 12.8z\" class=\"\"><\/path><\/svg><\/i> <img loading=\"lazy\" decoding=\"async\" width=\"16\" height=\"16\" alt=\"Loading\" src=\"https:\/\/temucotelevision.cl\/web\/wp-content\/plugins\/page-views-count\/ajax-loader-2x.gif\" border=0 \/><\/p>\n<div class=\"pvc_clear\"><\/div>\n<p style=\"text-align: justify;\">La capacitaci\u00f3n reuni\u00f3 a Carabineros de Arica hasta Valdivia quienes recibieron la certificaci\u00f3n de manos del General Subdirector de Carabineros, Diego Olate y el Jefe de la Divisi\u00f3n de Carabineros del Ministerio del Interior, Crist\u00f3bal Caorsi.<\/p>\n<p>Los 44 Carabineros integrantes de las Patrullas de Atenci\u00f3n a Comunidades Ind\u00edgenas (PACI) a nivel nacional que se capacitaron durante el transcurso de la semana del 19 al 23 de agosto en Temuco, recibieron en una solemne ceremonia el diploma que los certific\u00f3 en \u201cDerechos Humanos e Interculturalidad\u201d.<\/p>\n<p style=\"text-align: justify;\">El Subdirector de Carabineros de Chile, General Inspector Diego Olate Pinares, lleg\u00f3 hasta La Araucan\u00eda y fue presidi\u00f3 la ceremonia y quien junto al Jefe de la Divisi\u00f3n de Carabineros del Ministerio del Interior, Crist\u00f3bal Caorsi hicieron entrega a cada uno de los Carabineros integrantes de las 11 PACI sus diplomas correspondientes.<\/p>\n<p style=\"text-align: justify;\">\u201cEstamos en una actividad que es muy importante para nuestra Instituci\u00f3n, que es la capacitaci\u00f3n a nuestra patrullas que est\u00e1n en directo contacto con las comunidades ind\u00edgenas a lo largo de todo el pa\u00eds, le hemos entregado las herramientas que les permiten tener una mejor gesti\u00f3n en todas las comunidades con el fin \u00fanico de fortalecer la labor preventiva de Carabineros\u201d., se\u00f1al\u00f3 el Subdirector de Carabineros, General Inspector Diego Olate.<\/p>\n<p style=\"text-align: justify;\">Esta capacitaci\u00f3n reuni\u00f3 a los Carabineros integrantes de las PACI de Arica hasta Valdivia contando con el apoyo de diversos organismos \u201chemos contado con el apoyo del Gobierno a trav\u00e9s de todos sus estamentos del Ministerio del Interior y hemos contado con un apoyo muy fundamental, de aquellas instituciones ligadas al trabajo con las comunidades ind\u00edgenas como el INDH , la Defensor\u00eda de la Ni\u00f1ez, en el caso de La Araucan\u00eda tenemos a la Conadi y la Universidad de la Frontera nos prest\u00f3 un apoyo invaluable\u201d expres\u00f3 el General Inspector Diego Olate.<\/p>\n<p style=\"text-align: justify;\">El Jefe de La Divisi\u00f3n de Carabineros del Ministerio del Interior, Crist\u00f3bal Caorsi se\u00f1al\u00f3 \u201cestas patrullas comienzan el a\u00f1o 2013 en el primer Gobierno del Presidente Sebasti\u00e1n Pi\u00f1era, la instauraci\u00f3n de esta Patrullas de Acercamiento de Carabineros y la comunidad, y hoy logramos darle un fortalecimiento fuerte. El a\u00f1o pasado establecimos 150 medidas del Ministerio del Interior para trabajar la seguridad p\u00fablica en distintas dimensiones, modernizar las polic\u00edas, modernizar nuestro trabajo y justamente esta es una de ellas reuniendo a estas Patrullas de Acercamiento a Comunidades Ind\u00edgenas desde el norte de Chile las zonas aleda\u00f1as a Temuco para poder generar fortalecimiento y capacitar en cuanto a Derechos Humanos, las formas de relacionarse, la forma de poder interactuar y conectar al Carabinero con la comunidad\u201d, expres\u00f3 el representante del Gobierno.<\/p>\n<p style=\"text-align: justify;\">Entre los temas tratados en la capacitaci\u00f3n se encuentran el Rol de Carabineros y Pueblos Ind\u00edgenas, Identidad Social y Cultural Ind\u00edgena, Protecci\u00f3n y Promoci\u00f3n de los DDHH de los Pueblos Ind\u00edgenas, Infancia y Pueblos Ind\u00edgena,; Desarrollo de las Comunidades Ind\u00edgenas entre otros.<\/p>\n<p style=\"text-align: justify;\">Cabe se\u00f1alar que en el desarrollo del curso, estuvieron presentes lonkos y machi de comunidades mapuche del sector de Padre Las Casas quienes conversaron con los Carabineros de la importancia de mantener el contacto entre ellos y la Instituci\u00f3n y estrechar los lazos de confianza.<\/p>\n<p style=\"text-align: justify;\">As\u00ed mismo el INDH expres\u00f3 que \u201cCarabineros es una de las Instituciones del Estado que m\u00e1s acciones hace sobre interculturalidad en Chile y una de estas formas es a trav\u00e9s de las PACI \u201c.puntualizaron<\/p>\n","protected":false},"excerpt":{"rendered":"<div class=\"pvc_clear\"><\/div>\n<p id=\"pvc_stats_5483\" class=\"pvc_stats total_only  \" data-element-id=\"5483\" style=\"\"><i class=\"pvc-stats-icon large\" aria-hidden=\"true\"><svg aria-hidden=\"true\" focusable=\"false\" data-prefix=\"far\" data-icon=\"chart-bar\" role=\"img\" xmlns=\"http:\/\/www.w3.org\/2000\/svg\" viewBox=\"0 0 512 512\" class=\"svg-inline--fa fa-chart-bar fa-w-16 fa-2x\"><path fill=\"currentColor\" d=\"M396.8 352h22.4c6.4 0 12.8-6.4 12.8-12.8V108.8c0-6.4-6.4-12.8-12.8-12.8h-22.4c-6.4 0-12.8 6.4-12.8 12.8v230.4c0 6.4 6.4 12.8 12.8 12.8zm-192 0h22.4c6.4 0 12.8-6.4 12.8-12.8V140.8c0-6.4-6.4-12.8-12.8-12.8h-22.4c-6.4 0-12.8 6.4-12.8 12.8v198.4c0 6.4 6.4 12.8 12.8 12.8zm96 0h22.4c6.4 0 12.8-6.4 12.8-12.8V204.8c0-6.4-6.4-12.8-12.8-12.8h-22.4c-6.4 0-12.8 6.4-12.8 12.8v134.4c0 6.4 6.4 12.8 12.8 12.8zM496 400H48V80c0-8.84-7.16-16-16-16H16C7.16 64 0 71.16 0 80v336c0 17.67 14.33 32 32 32h464c8.84 0 16-7.16 16-16v-16c0-8.84-7.16-16-16-16zm-387.2-48h22.4c6.4 0 12.8-6.4 12.8-12.8v-70.4c0-6.4-6.4-12.8-12.8-12.8h-22.4c-6.4 0-12.8 6.4-12.8 12.8v70.4c0 6.4 6.4 12.8 12.8 12.8z\" class=\"\"><\/path><\/svg><\/i> <img loading=\"lazy\" decoding=\"async\" width=\"16\" height=\"16\" alt=\"Loading\" src=\"https:\/\/temucotelevision.cl\/web\/wp-content\/plugins\/page-views-count\/ajax-loader-2x.gif\" border=0 \/><\/p>\n<div class=\"pvc_clear\"><\/div>\n<p>La capacitaci\u00f3n reuni\u00f3 a Carabineros de Arica hasta Valdivia quienes recibieron la certificaci\u00f3n de manos del General Subdirector de Carabineros,<\/p>\n","protected":false},"author":1,"featured_media":5484,"comment_status":"open","ping_status":"open","sticky":false,"template":"","format":"standard","meta":{"colormag_page_container_layout":"default_layout","colormag_page_sidebar_layout":"default_layout","footnotes":""},"categories":[101],"tags":[125,915,1794],"class_list":["post-5483","post","type-post","status-publish","format-standard","has-post-thumbnail","hentry","category-actualidad","tag-carabineros","tag-ddhh","tag-patrullas"],"a3_pvc":{"activated":true,"total_views":175,"today_views":1},"_links":{"self":[{"href":"https:\/\/temucotelevision.cl\/web\/wp-json\/wp\/v2\/posts\/5483","targetHints":{"allow":["GET"]}}],"collection":[{"href":"https:\/\/temucotelevision.cl\/web\/wp-json\/wp\/v2\/posts"}],"about":[{"href":"https:\/\/temucotelevision.cl\/web\/wp-json\/wp\/v2\/types\/post"}],"author":[{"embeddable":true,"href":"https:\/\/temucotelevision.cl\/web\/wp-json\/wp\/v2\/users\/1"}],"replies":[{"embeddable":true,"href":"https:\/\/temucotelevision.cl\/web\/wp-json\/wp\/v2\/comments?post=5483"}],"version-history":[{"count":1,"href":"https:\/\/temucotelevision.cl\/web\/wp-json\/wp\/v2\/posts\/5483\/revisions"}],"predecessor-version":[{"id":5485,"href":"https:\/\/temucotelevision.cl\/web\/wp-json\/wp\/v2\/posts\/5483\/revisions\/5485"}],"wp:featuredmedia":[{"embeddable":true,"href":"https:\/\/temucotelevision.cl\/web\/wp-json\/wp\/v2\/media\/5484"}],"wp:attachment":[{"href":"https:\/\/temucotelevision.cl\/web\/wp-json\/wp\/v2\/media?parent=5483"}],"wp:term":[{"taxonomy":"category","embeddable":true,"href":"https:\/\/temucotelevision.cl\/web\/wp-json\/wp\/v2\/categories?post=5483"},{"taxonomy":"post_tag","embeddable":true,"href":"https:\/\/temucotelevision.cl\/web\/wp-json\/wp\/v2\/tags?post=5483"}],"curies":[{"name":"wp","href":"https:\/\/api.w.org\/{rel}","templated":true}]}}