{"id":54797,"date":"2025-01-18T19:54:48","date_gmt":"2025-01-18T22:54:48","guid":{"rendered":"https:\/\/temucotelevision.cl\/web\/?p=54797"},"modified":"2025-01-18T19:55:36","modified_gmt":"2025-01-18T22:55:36","slug":"lonquimay-se-viste-de-tradicion-y-adrenalina-este-19-y-20-de-enero","status":"publish","type":"post","link":"https:\/\/temucotelevision.cl\/web\/2025\/01\/18\/lonquimay-se-viste-de-tradicion-y-adrenalina-este-19-y-20-de-enero\/","title":{"rendered":"Lonquimay se viste de tradici\u00f3n y adrenalina este 19 y 20 de enero"},"content":{"rendered":"<div class=\"pvc_clear\"><\/div><p id=\"pvc_stats_54797\" class=\"pvc_stats total_only  \" data-element-id=\"54797\" style=\"\"><i class=\"pvc-stats-icon large\" aria-hidden=\"true\"><svg aria-hidden=\"true\" focusable=\"false\" data-prefix=\"far\" data-icon=\"chart-bar\" role=\"img\" xmlns=\"http:\/\/www.w3.org\/2000\/svg\" viewBox=\"0 0 512 512\" class=\"svg-inline--fa fa-chart-bar fa-w-16 fa-2x\"><path fill=\"currentColor\" d=\"M396.8 352h22.4c6.4 0 12.8-6.4 12.8-12.8V108.8c0-6.4-6.4-12.8-12.8-12.8h-22.4c-6.4 0-12.8 6.4-12.8 12.8v230.4c0 6.4 6.4 12.8 12.8 12.8zm-192 0h22.4c6.4 0 12.8-6.4 12.8-12.8V140.8c0-6.4-6.4-12.8-12.8-12.8h-22.4c-6.4 0-12.8 6.4-12.8 12.8v198.4c0 6.4 6.4 12.8 12.8 12.8zm96 0h22.4c6.4 0 12.8-6.4 12.8-12.8V204.8c0-6.4-6.4-12.8-12.8-12.8h-22.4c-6.4 0-12.8 6.4-12.8 12.8v134.4c0 6.4 6.4 12.8 12.8 12.8zM496 400H48V80c0-8.84-7.16-16-16-16H16C7.16 64 0 71.16 0 80v336c0 17.67 14.33 32 32 32h464c8.84 0 16-7.16 16-16v-16c0-8.84-7.16-16-16-16zm-387.2-48h22.4c6.4 0 12.8-6.4 12.8-12.8v-70.4c0-6.4-6.4-12.8-12.8-12.8h-22.4c-6.4 0-12.8 6.4-12.8 12.8v70.4c0 6.4 6.4 12.8 12.8 12.8z\" class=\"\"><\/path><\/svg><\/i> <img loading=\"lazy\" decoding=\"async\" width=\"16\" height=\"16\" alt=\"Loading\" src=\"https:\/\/temucotelevision.cl\/web\/wp-content\/plugins\/page-views-count\/ajax-loader-2x.gif\" border=0 \/><\/p><div class=\"pvc_clear\"><\/div>\n<p>El pr\u00f3ximo fin de semana, la comuna de Lonquimay ser\u00e1 el epicentro de dos emocionantes eventos que prometen atraer a cientos de visitantes y residentes para disfrutar de la tradici\u00f3n y la pasi\u00f3n del deporte local.<\/p>\n\n\n\n<p><strong>Carreras de San Sebasti\u00e1n: velocidad y emoci\u00f3n sobre la pista<\/strong><\/p>\n\n\n\n<p>El&nbsp;<strong>19 de enero<\/strong>, desde las&nbsp;<strong>15:30 horas<\/strong>, la cancha h\u00edpica de Lonquimay ser\u00e1 testigo de las esperadas&nbsp;<strong>Carreras de San Sebasti\u00e1n<\/strong>. Este evento, cargado de adrenalina, reunir\u00e1 a los mejores ejemplares y jinetes en una competencia que promete mantener al p\u00fablico al borde de sus asientos. Adem\u00e1s de la emoci\u00f3n en la pista, el evento ofrecer\u00e1 un ambiente ideal para toda la familia, con gastronom\u00eda local y una atm\u00f3sfera festiva que refleja el esp\u00edritu de la comunidad.<\/p>\n\n\n\n<p><strong>Champion de Lonquimay: una fiesta del rodeo chileno<\/strong><\/p>\n\n\n\n<p>El&nbsp;<strong>20 de enero de 2025<\/strong>, la&nbsp;<strong>Media Luna de Lonquimay<\/strong>&nbsp;ser\u00e1 el escenario del&nbsp;<strong>Champion de la comuna<\/strong>, organizado por el&nbsp;<strong>Club de Rodeo Chileno Lonquimay<\/strong>. A partir de las&nbsp;<strong>15:00 horas<\/strong>, los asistentes podr\u00e1n disfrutar de una jornada que celebra lo mejor de nuestras tradiciones ecuestres.<\/p>\n\n\n\n<p>El evento no solo destacar\u00e1 por la participaci\u00f3n de los mejores jinetes y ejemplares, sino tambi\u00e9n por la diversidad de actividades pensadas para toda la familia. Con atracciones renovadas, sorpresas para grandes y chicos, y una log\u00edstica mejorada, el Champion promete ser una experiencia inolvidable.<\/p>\n\n\n\n<p><strong>Tradici\u00f3n y sabor local<\/strong><\/p>\n\n\n\n<p>Ambos eventos ser\u00e1n una oportunidad para deleitarse con la gastronom\u00eda local, disfrutar de un ambiente lleno de tradici\u00f3n y compartir en comunidad.<\/p>\n\n\n\n<p>El alcalde y los organizadores hacen un llamado a vecinos y visitantes a ser parte de estas jornadas \u00fanicas que reflejan la identidad de Lonquimay. \u201cEs una gran fiesta que celebra nuestra cultura y tradiciones. Los esperamos con los brazos abiertos\u201d, destacaron.<\/p>\n\n\n\n<p><strong>No te lo pierdas<\/strong><\/p>\n\n\n\n<p>Ya sea que prefieras la emoci\u00f3n de las carreras o la pasi\u00f3n del rodeo, Lonquimay te ofrece un fin de semana inolvidable. Prep\u00e1rate para vivir dos d\u00edas llenos de tradici\u00f3n, velocidad y diversi\u00f3n en un entorno inigualable. \u00a1No faltes!<\/p>\n\n\n\n<figure class=\"wp-block-image size-large\"><img loading=\"lazy\" decoding=\"async\" width=\"1000\" height=\"1000\" src=\"https:\/\/temucotelevision.cl\/web\/wp-content\/uploads\/2025\/01\/WhatsApp-Image-2025-01-18-at-19.20.58-2-1000x1000.jpeg\" alt=\"\" class=\"wp-image-54802\" srcset=\"https:\/\/temucotelevision.cl\/web\/wp-content\/uploads\/2025\/01\/WhatsApp-Image-2025-01-18-at-19.20.58-2-1000x1000.jpeg 1000w, https:\/\/temucotelevision.cl\/web\/wp-content\/uploads\/2025\/01\/WhatsApp-Image-2025-01-18-at-19.20.58-2-768x768.jpeg 768w, https:\/\/temucotelevision.cl\/web\/wp-content\/uploads\/2025\/01\/WhatsApp-Image-2025-01-18-at-19.20.58-2-1536x1536.jpeg 1536w, https:\/\/temucotelevision.cl\/web\/wp-content\/uploads\/2025\/01\/WhatsApp-Image-2025-01-18-at-19.20.58-2-150x150.jpeg 150w, https:\/\/temucotelevision.cl\/web\/wp-content\/uploads\/2025\/01\/WhatsApp-Image-2025-01-18-at-19.20.58-2.jpeg 1599w\" sizes=\"auto, (max-width: 1000px) 100vw, 1000px\" \/><\/figure>\n\n\n\n<figure class=\"wp-block-image size-large\"><img loading=\"lazy\" decoding=\"async\" width=\"666\" height=\"1000\" src=\"https:\/\/temucotelevision.cl\/web\/wp-content\/uploads\/2025\/01\/WhatsApp-Image-2025-01-18-at-19.20.57-666x1000.jpeg\" alt=\"\" class=\"wp-image-54800\" srcset=\"https:\/\/temucotelevision.cl\/web\/wp-content\/uploads\/2025\/01\/WhatsApp-Image-2025-01-18-at-19.20.57-666x1000.jpeg 666w, https:\/\/temucotelevision.cl\/web\/wp-content\/uploads\/2025\/01\/WhatsApp-Image-2025-01-18-at-19.20.57-768x1152.jpeg 768w, https:\/\/temucotelevision.cl\/web\/wp-content\/uploads\/2025\/01\/WhatsApp-Image-2025-01-18-at-19.20.57.jpeg 853w\" sizes=\"auto, (max-width: 666px) 100vw, 666px\" \/><\/figure>\n\n\n\n<figure class=\"wp-block-image size-large\"><img loading=\"lazy\" decoding=\"async\" width=\"1000\" height=\"1000\" src=\"https:\/\/temucotelevision.cl\/web\/wp-content\/uploads\/2025\/01\/WhatsApp-Image-2025-01-18-at-17.54.41-1000x1000.jpeg\" alt=\"\" class=\"wp-image-54799\" srcset=\"https:\/\/temucotelevision.cl\/web\/wp-content\/uploads\/2025\/01\/WhatsApp-Image-2025-01-18-at-17.54.41-1000x1000.jpeg 1000w, https:\/\/temucotelevision.cl\/web\/wp-content\/uploads\/2025\/01\/WhatsApp-Image-2025-01-18-at-17.54.41-768x768.jpeg 768w, https:\/\/temucotelevision.cl\/web\/wp-content\/uploads\/2025\/01\/WhatsApp-Image-2025-01-18-at-17.54.41-150x150.jpeg 150w, https:\/\/temucotelevision.cl\/web\/wp-content\/uploads\/2025\/01\/WhatsApp-Image-2025-01-18-at-17.54.41.jpeg 1200w\" sizes=\"auto, (max-width: 1000px) 100vw, 1000px\" \/><\/figure>\n","protected":false},"excerpt":{"rendered":"<div class=\"pvc_clear\"><\/div>\n<p id=\"pvc_stats_54797\" class=\"pvc_stats total_only  \" data-element-id=\"54797\" style=\"\"><i class=\"pvc-stats-icon large\" aria-hidden=\"true\"><svg aria-hidden=\"true\" focusable=\"false\" data-prefix=\"far\" data-icon=\"chart-bar\" role=\"img\" xmlns=\"http:\/\/www.w3.org\/2000\/svg\" viewBox=\"0 0 512 512\" class=\"svg-inline--fa fa-chart-bar fa-w-16 fa-2x\"><path fill=\"currentColor\" d=\"M396.8 352h22.4c6.4 0 12.8-6.4 12.8-12.8V108.8c0-6.4-6.4-12.8-12.8-12.8h-22.4c-6.4 0-12.8 6.4-12.8 12.8v230.4c0 6.4 6.4 12.8 12.8 12.8zm-192 0h22.4c6.4 0 12.8-6.4 12.8-12.8V140.8c0-6.4-6.4-12.8-12.8-12.8h-22.4c-6.4 0-12.8 6.4-12.8 12.8v198.4c0 6.4 6.4 12.8 12.8 12.8zm96 0h22.4c6.4 0 12.8-6.4 12.8-12.8V204.8c0-6.4-6.4-12.8-12.8-12.8h-22.4c-6.4 0-12.8 6.4-12.8 12.8v134.4c0 6.4 6.4 12.8 12.8 12.8zM496 400H48V80c0-8.84-7.16-16-16-16H16C7.16 64 0 71.16 0 80v336c0 17.67 14.33 32 32 32h464c8.84 0 16-7.16 16-16v-16c0-8.84-7.16-16-16-16zm-387.2-48h22.4c6.4 0 12.8-6.4 12.8-12.8v-70.4c0-6.4-6.4-12.8-12.8-12.8h-22.4c-6.4 0-12.8 6.4-12.8 12.8v70.4c0 6.4 6.4 12.8 12.8 12.8z\" class=\"\"><\/path><\/svg><\/i> <img loading=\"lazy\" decoding=\"async\" width=\"16\" height=\"16\" alt=\"Loading\" src=\"https:\/\/temucotelevision.cl\/web\/wp-content\/plugins\/page-views-count\/ajax-loader-2x.gif\" border=0 \/><\/p>\n<div class=\"pvc_clear\"><\/div>\n<p>El pr\u00f3ximo fin de semana, la comuna de Lonquimay ser\u00e1 el epicentro de dos emocionantes eventos que prometen atraer a<\/p>\n","protected":false},"author":1,"featured_media":54798,"comment_status":"open","ping_status":"open","sticky":false,"template":"","format":"standard","meta":{"colormag_page_container_layout":"default_layout","colormag_page_sidebar_layout":"default_layout","footnotes":""},"categories":[86],"tags":[5306],"class_list":["post-54797","post","type-post","status-publish","format-standard","has-post-thumbnail","hentry","category-panoramas","tag-panoramas"],"a3_pvc":{"activated":true,"total_views":3335,"today_views":0},"_links":{"self":[{"href":"https:\/\/temucotelevision.cl\/web\/wp-json\/wp\/v2\/posts\/54797","targetHints":{"allow":["GET"]}}],"collection":[{"href":"https:\/\/temucotelevision.cl\/web\/wp-json\/wp\/v2\/posts"}],"about":[{"href":"https:\/\/temucotelevision.cl\/web\/wp-json\/wp\/v2\/types\/post"}],"author":[{"embeddable":true,"href":"https:\/\/temucotelevision.cl\/web\/wp-json\/wp\/v2\/users\/1"}],"replies":[{"embeddable":true,"href":"https:\/\/temucotelevision.cl\/web\/wp-json\/wp\/v2\/comments?post=54797"}],"version-history":[{"count":2,"href":"https:\/\/temucotelevision.cl\/web\/wp-json\/wp\/v2\/posts\/54797\/revisions"}],"predecessor-version":[{"id":54803,"href":"https:\/\/temucotelevision.cl\/web\/wp-json\/wp\/v2\/posts\/54797\/revisions\/54803"}],"wp:featuredmedia":[{"embeddable":true,"href":"https:\/\/temucotelevision.cl\/web\/wp-json\/wp\/v2\/media\/54798"}],"wp:attachment":[{"href":"https:\/\/temucotelevision.cl\/web\/wp-json\/wp\/v2\/media?parent=54797"}],"wp:term":[{"taxonomy":"category","embeddable":true,"href":"https:\/\/temucotelevision.cl\/web\/wp-json\/wp\/v2\/categories?post=54797"},{"taxonomy":"post_tag","embeddable":true,"href":"https:\/\/temucotelevision.cl\/web\/wp-json\/wp\/v2\/tags?post=54797"}],"curies":[{"name":"wp","href":"https:\/\/api.w.org\/{rel}","templated":true}]}}