{"id":54793,"date":"2025-01-18T17:41:00","date_gmt":"2025-01-18T20:41:00","guid":{"rendered":"https:\/\/temucotelevision.cl\/web\/?p=54793"},"modified":"2025-01-18T17:41:00","modified_gmt":"2025-01-18T20:41:00","slug":"expo-barros-arana-tradicion-sabor-y-musica-para-toda-la-familia","status":"publish","type":"post","link":"https:\/\/temucotelevision.cl\/web\/2025\/01\/18\/expo-barros-arana-tradicion-sabor-y-musica-para-toda-la-familia\/","title":{"rendered":"Expo Barros Arana: Tradici\u00f3n, sabor y m\u00fasica para toda la familia"},"content":{"rendered":"<div class=\"pvc_clear\"><\/div><p id=\"pvc_stats_54793\" class=\"pvc_stats total_only  \" data-element-id=\"54793\" style=\"\"><i class=\"pvc-stats-icon large\" aria-hidden=\"true\"><svg aria-hidden=\"true\" focusable=\"false\" data-prefix=\"far\" data-icon=\"chart-bar\" role=\"img\" xmlns=\"http:\/\/www.w3.org\/2000\/svg\" viewBox=\"0 0 512 512\" class=\"svg-inline--fa fa-chart-bar fa-w-16 fa-2x\"><path fill=\"currentColor\" d=\"M396.8 352h22.4c6.4 0 12.8-6.4 12.8-12.8V108.8c0-6.4-6.4-12.8-12.8-12.8h-22.4c-6.4 0-12.8 6.4-12.8 12.8v230.4c0 6.4 6.4 12.8 12.8 12.8zm-192 0h22.4c6.4 0 12.8-6.4 12.8-12.8V140.8c0-6.4-6.4-12.8-12.8-12.8h-22.4c-6.4 0-12.8 6.4-12.8 12.8v198.4c0 6.4 6.4 12.8 12.8 12.8zm96 0h22.4c6.4 0 12.8-6.4 12.8-12.8V204.8c0-6.4-6.4-12.8-12.8-12.8h-22.4c-6.4 0-12.8 6.4-12.8 12.8v134.4c0 6.4 6.4 12.8 12.8 12.8zM496 400H48V80c0-8.84-7.16-16-16-16H16C7.16 64 0 71.16 0 80v336c0 17.67 14.33 32 32 32h464c8.84 0 16-7.16 16-16v-16c0-8.84-7.16-16-16-16zm-387.2-48h22.4c6.4 0 12.8-6.4 12.8-12.8v-70.4c0-6.4-6.4-12.8-12.8-12.8h-22.4c-6.4 0-12.8 6.4-12.8 12.8v70.4c0 6.4 6.4 12.8 12.8 12.8z\" class=\"\"><\/path><\/svg><\/i> <img loading=\"lazy\" decoding=\"async\" width=\"16\" height=\"16\" alt=\"Loading\" src=\"https:\/\/temucotelevision.cl\/web\/wp-content\/plugins\/page-views-count\/ajax-loader-2x.gif\" border=0 \/><\/p><div class=\"pvc_clear\"><\/div>\n<p>Una jornada llena de diversi\u00f3n y amplia gastronom\u00eda se vivir\u00e1 este s\u00e1bado en el estadio municipal de la localidad de barros arana, en la comuna de Teodoro Schmidt.<\/p>\n\n\n\n<p>Cerveza artesanal y comidas tipicas son parte de la oferta que la&nbsp;<strong>Expo Barros Arana<\/strong>&nbsp;tiene preparada para toda la familia, y que contempla, adem\u00e1s, decenas de actividades y juegos para ni\u00f1os y adultos.&nbsp;<\/p>\n\n\n\n<p>La creatividad y el talento local tambi\u00e9n tendr\u00e1n su espacio, con puestos de artesan\u00edas que reflejan la identidad de la comuna.<\/p>\n\n\n\n<p>La&nbsp;<strong>Expo Barros Arana<\/strong>&nbsp;tendr\u00e1 un cierre de jornada con un espect\u00e1culo musical imperdible, a cargo de Los Rancheros de Chanko, Los Pe\u00f1is del Sur y la vibrante cumbia del reconocido grupo Amerikan Sound, quienes ser\u00e1n los encargados de hacer bailar a todos los asistentes.<\/p>\n\n\n\n<p>El alcalde de Teodoro Schmidt, Baldomero Santos, invit\u00f3 a \u201cque vecinos y visitantes se sumen a esta gran fiesta que re\u00fane una variada oferta gastron\u00f3mica y cultural de toda nuestra comuna\u201d, y asegur\u00f3 que \u201cser\u00e1 un fin de semana para recordar!&#8221;.<\/p>\n\n\n\n<p>Por su parte, el emprendedor local Jos\u00e9 Pe\u00f1a S\u00e1ez, quien participar\u00e1 presentando parte de los vinos que elabora en la zona, detall\u00f3 que \u201cestaremos presentes con nuestro vino de producci\u00f3n propia, un producto de excelente calidad con 14,5 grados, hecho de manera completamente artesanal\u201d.<\/p>\n\n\n\n<p>Una invitaci\u00f3n a vivir la tradici\u00f3n y el sabor de la zona costera de La Araucan\u00eda<\/p>\n\n\n\n<figure class=\"wp-block-image size-large\"><img loading=\"lazy\" decoding=\"async\" width=\"799\" height=\"1000\" src=\"https:\/\/temucotelevision.cl\/web\/wp-content\/uploads\/2025\/01\/Barros-Arana-799x1000.jpeg\" alt=\"\" class=\"wp-image-54795\" srcset=\"https:\/\/temucotelevision.cl\/web\/wp-content\/uploads\/2025\/01\/Barros-Arana-799x1000.jpeg 799w, https:\/\/temucotelevision.cl\/web\/wp-content\/uploads\/2025\/01\/Barros-Arana-768x961.jpeg 768w, https:\/\/temucotelevision.cl\/web\/wp-content\/uploads\/2025\/01\/Barros-Arana.jpeg 1023w\" sizes=\"auto, (max-width: 799px) 100vw, 799px\" \/><\/figure>\n","protected":false},"excerpt":{"rendered":"<div class=\"pvc_clear\"><\/div>\n<p id=\"pvc_stats_54793\" class=\"pvc_stats total_only  \" data-element-id=\"54793\" style=\"\"><i class=\"pvc-stats-icon large\" aria-hidden=\"true\"><svg aria-hidden=\"true\" focusable=\"false\" data-prefix=\"far\" data-icon=\"chart-bar\" role=\"img\" xmlns=\"http:\/\/www.w3.org\/2000\/svg\" viewBox=\"0 0 512 512\" class=\"svg-inline--fa fa-chart-bar fa-w-16 fa-2x\"><path fill=\"currentColor\" d=\"M396.8 352h22.4c6.4 0 12.8-6.4 12.8-12.8V108.8c0-6.4-6.4-12.8-12.8-12.8h-22.4c-6.4 0-12.8 6.4-12.8 12.8v230.4c0 6.4 6.4 12.8 12.8 12.8zm-192 0h22.4c6.4 0 12.8-6.4 12.8-12.8V140.8c0-6.4-6.4-12.8-12.8-12.8h-22.4c-6.4 0-12.8 6.4-12.8 12.8v198.4c0 6.4 6.4 12.8 12.8 12.8zm96 0h22.4c6.4 0 12.8-6.4 12.8-12.8V204.8c0-6.4-6.4-12.8-12.8-12.8h-22.4c-6.4 0-12.8 6.4-12.8 12.8v134.4c0 6.4 6.4 12.8 12.8 12.8zM496 400H48V80c0-8.84-7.16-16-16-16H16C7.16 64 0 71.16 0 80v336c0 17.67 14.33 32 32 32h464c8.84 0 16-7.16 16-16v-16c0-8.84-7.16-16-16-16zm-387.2-48h22.4c6.4 0 12.8-6.4 12.8-12.8v-70.4c0-6.4-6.4-12.8-12.8-12.8h-22.4c-6.4 0-12.8 6.4-12.8 12.8v70.4c0 6.4 6.4 12.8 12.8 12.8z\" class=\"\"><\/path><\/svg><\/i> <img loading=\"lazy\" decoding=\"async\" width=\"16\" height=\"16\" alt=\"Loading\" src=\"https:\/\/temucotelevision.cl\/web\/wp-content\/plugins\/page-views-count\/ajax-loader-2x.gif\" border=0 \/><\/p>\n<div class=\"pvc_clear\"><\/div>\n<p>Una jornada llena de diversi\u00f3n y amplia gastronom\u00eda se vivir\u00e1 este s\u00e1bado en el estadio municipal de la localidad de<\/p>\n","protected":false},"author":1,"featured_media":54794,"comment_status":"open","ping_status":"open","sticky":false,"template":"","format":"standard","meta":{"colormag_page_container_layout":"default_layout","colormag_page_sidebar_layout":"default_layout","footnotes":""},"categories":[86],"tags":[5306],"class_list":["post-54793","post","type-post","status-publish","format-standard","has-post-thumbnail","hentry","category-panoramas","tag-panoramas"],"a3_pvc":{"activated":true,"total_views":608,"today_views":0},"_links":{"self":[{"href":"https:\/\/temucotelevision.cl\/web\/wp-json\/wp\/v2\/posts\/54793","targetHints":{"allow":["GET"]}}],"collection":[{"href":"https:\/\/temucotelevision.cl\/web\/wp-json\/wp\/v2\/posts"}],"about":[{"href":"https:\/\/temucotelevision.cl\/web\/wp-json\/wp\/v2\/types\/post"}],"author":[{"embeddable":true,"href":"https:\/\/temucotelevision.cl\/web\/wp-json\/wp\/v2\/users\/1"}],"replies":[{"embeddable":true,"href":"https:\/\/temucotelevision.cl\/web\/wp-json\/wp\/v2\/comments?post=54793"}],"version-history":[{"count":1,"href":"https:\/\/temucotelevision.cl\/web\/wp-json\/wp\/v2\/posts\/54793\/revisions"}],"predecessor-version":[{"id":54796,"href":"https:\/\/temucotelevision.cl\/web\/wp-json\/wp\/v2\/posts\/54793\/revisions\/54796"}],"wp:featuredmedia":[{"embeddable":true,"href":"https:\/\/temucotelevision.cl\/web\/wp-json\/wp\/v2\/media\/54794"}],"wp:attachment":[{"href":"https:\/\/temucotelevision.cl\/web\/wp-json\/wp\/v2\/media?parent=54793"}],"wp:term":[{"taxonomy":"category","embeddable":true,"href":"https:\/\/temucotelevision.cl\/web\/wp-json\/wp\/v2\/categories?post=54793"},{"taxonomy":"post_tag","embeddable":true,"href":"https:\/\/temucotelevision.cl\/web\/wp-json\/wp\/v2\/tags?post=54793"}],"curies":[{"name":"wp","href":"https:\/\/api.w.org\/{rel}","templated":true}]}}