{"id":54787,"date":"2025-01-18T11:49:21","date_gmt":"2025-01-18T14:49:21","guid":{"rendered":"https:\/\/temucotelevision.cl\/web\/?p=54787"},"modified":"2025-01-18T11:49:21","modified_gmt":"2025-01-18T14:49:21","slug":"ko-panqui-inaugura-su-primera-exposicion-del-ano-una-bella-seleccion-de-acuarelas-del-artista-curarrehuino-job-kewpu","status":"publish","type":"post","link":"https:\/\/temucotelevision.cl\/web\/2025\/01\/18\/ko-panqui-inaugura-su-primera-exposicion-del-ano-una-bella-seleccion-de-acuarelas-del-artista-curarrehuino-job-kewpu\/","title":{"rendered":"Ko-Panqui inaugura su primera exposici\u00f3n del a\u00f1o: una bella selecci\u00f3n de acuarelas del artista curarrehuino Job Kewpu"},"content":{"rendered":"<div class=\"pvc_clear\"><\/div><p id=\"pvc_stats_54787\" class=\"pvc_stats total_only  \" data-element-id=\"54787\" style=\"\"><i class=\"pvc-stats-icon large\" aria-hidden=\"true\"><svg aria-hidden=\"true\" focusable=\"false\" data-prefix=\"far\" data-icon=\"chart-bar\" role=\"img\" xmlns=\"http:\/\/www.w3.org\/2000\/svg\" viewBox=\"0 0 512 512\" class=\"svg-inline--fa fa-chart-bar fa-w-16 fa-2x\"><path fill=\"currentColor\" d=\"M396.8 352h22.4c6.4 0 12.8-6.4 12.8-12.8V108.8c0-6.4-6.4-12.8-12.8-12.8h-22.4c-6.4 0-12.8 6.4-12.8 12.8v230.4c0 6.4 6.4 12.8 12.8 12.8zm-192 0h22.4c6.4 0 12.8-6.4 12.8-12.8V140.8c0-6.4-6.4-12.8-12.8-12.8h-22.4c-6.4 0-12.8 6.4-12.8 12.8v198.4c0 6.4 6.4 12.8 12.8 12.8zm96 0h22.4c6.4 0 12.8-6.4 12.8-12.8V204.8c0-6.4-6.4-12.8-12.8-12.8h-22.4c-6.4 0-12.8 6.4-12.8 12.8v134.4c0 6.4 6.4 12.8 12.8 12.8zM496 400H48V80c0-8.84-7.16-16-16-16H16C7.16 64 0 71.16 0 80v336c0 17.67 14.33 32 32 32h464c8.84 0 16-7.16 16-16v-16c0-8.84-7.16-16-16-16zm-387.2-48h22.4c6.4 0 12.8-6.4 12.8-12.8v-70.4c0-6.4-6.4-12.8-12.8-12.8h-22.4c-6.4 0-12.8 6.4-12.8 12.8v70.4c0 6.4 6.4 12.8 12.8 12.8z\" class=\"\"><\/path><\/svg><\/i> <img loading=\"lazy\" decoding=\"async\" width=\"16\" height=\"16\" alt=\"Loading\" src=\"https:\/\/temucotelevision.cl\/web\/wp-content\/plugins\/page-views-count\/ajax-loader-2x.gif\" border=0 \/><\/p><div class=\"pvc_clear\"><\/div>\n<p><a><\/a>La exposici\u00f3n estar\u00e1 abierta al p\u00fablico del 25 de enero al 28 de febrero con acceso gratuito, en Espacio Arte Ko-Panqui, gracias al financiamiento del Ministerio de las Culturas, las Artes y el Patrimonio y su Programa de Apoyo a Organizaciones Culturales Colaboradoras (PAOCC).<\/p>\n\n\n\n<p>Siguiendo tal vez la tradici\u00f3n iniciada por el naturalista franc\u00e9s Claudio Gay y los pintores viajeros en los albores de la rep\u00fablica chilena, Job Carrasco Contreras \u2018Kewpu\u2019 se acerca de manera creativa a las aves de su territorio. Aquel trabajo surge al querer plasmar la anatom\u00eda, las texturas y el entorno de las aves, apreciando cada detalle desde la proximidad y la observaci\u00f3n rigurosa. A la vez, el desarrollo de las obras pas\u00f3 a ser un impulso de vida en medio de la incertidumbre, desaz\u00f3n y del encierro que generaba la pandemia.&nbsp;<\/p>\n\n\n\n<p>\u201c<em>Son la expresi\u00f3n de cada sector que habitan.<\/em><em>&nbsp;Desde la cultura ancestral hasta nuestros d\u00edas nos acompa\u00f1an diferentes especies que se han hecho parte de mitos, ritos y leyendas. Su presencia nos recuerda que tenemos la dicha de disfrutar la hermosa fauna&nbsp;que nos rodea y es nuestro deber cuidarla conscientemente\u201d<\/em>, comenta el artista.&nbsp;<\/p>\n\n\n\n<p>Por su parte, Claudio Ansorena, director de Espacio Arte Ko-Panqui, recibe esta exposici\u00f3n como \u201c<em><strong>una oportunidad de redescubrir y mirar est\u00e9ticamente a las especies de la zona, tan bellamente retratadas por un joven pintor y vecino de la comuna<\/strong><\/em>\u201d. Para Job adem\u00e1s,&nbsp;<strong>\u201c<\/strong><em><strong>resulta alentador poder contar con un espacio en la zona de Curarrehue, inmerso en el bosque, en el h\u00e1bitat natural de estos seres que muchas veces pasan desapercibidos<\/strong><\/em><strong>\u201d.<\/strong><\/p>\n\n\n\n<p>Respecto de esta iniciativa, el seremi de las Culturas Eric Iturriaga Guti\u00e9rrez subraya que&nbsp;<em>&#8220;celebramos la labor que realiza Ko-Panqui, organizaci\u00f3n colaboradora de nuestro ministerio que durante el a\u00f1o presenta una nutrida y diversa programaci\u00f3n art\u00edstica. Y nos parece una gran forma de dar inicio al 2025 con esta exposici\u00f3n que muestra la riqueza de la fauna local y el talento de Job Carrasco&#8221;.<\/em><\/p>\n\n\n\n<p>La impecable t\u00e9cnica de Job&nbsp;Kewpu&nbsp;en sus acuarelas, a trav\u00e9s de la&nbsp;superposici\u00f3n de capas transparentes y la delicada impresi\u00f3n de pigmentos diluidos en agua sobre papel blanco, que sabemos tiene mucho de impredecible al momento del secado, es una invitaci\u00f3n a evocar sensaciones, recuerdos, s\u00edmbolos asociados a estos animales (como la buena o mala suerte, rumores de muerte y presagios del clima) e incluso sonidos.<\/p>\n\n\n\n<p>La actividad de inauguraci\u00f3n ser\u00e1 el s\u00e1bado 25 de enero a las 19:00 horas en la Sala de las Artes Ko-Panqui (Valle de Panqui, kil\u00f3metro 5.6, Curarrehue).<\/p>\n\n\n\n<p><strong>Para publicaci\u00f3n en RRSS<\/strong><\/p>\n\n\n\n<p>ANIDANDO EL VALLE<\/p>\n\n\n\n<p>Ko-Panqui inaugura su primera exposici\u00f3n del a\u00f1o, que estar\u00e1 abierta al p\u00fablico del 25 de enero al 28 de febrero con acceso gratuito, gracias al financiamiento del&nbsp;Ministerio de las Culturas, las Artes y el Patrimonio y su&nbsp;Programa de Apoyo a Organizaciones Culturales Colaboradoras (PAOCC).&nbsp;<\/p>\n\n\n\n<p>Siguiendo tal vez la tradici\u00f3n iniciada por el naturalista franc\u00e9s Claudio Gay y los pintores viajeros en los albores de la rep\u00fablica chilena, Job Carrasco Contreras \u2018Kewpu\u2019 se acerca de manera creativa a las aves de su territorio. Aquel trabajo surge al querer plasmar la anatom\u00eda, las texturas y el entorno de las aves, apreciando cada detalle desde la proximidad y la observaci\u00f3n rigurosa.&nbsp;<\/p>\n\n\n\n<p>La impecable t\u00e9cnica de Job&nbsp;Kewpu&nbsp;en sus acuarelas, es una invitaci\u00f3n a evocar sensaciones, recuerdos, s\u00edmbolos asociados a estos animales (como la buena o mala suerte, rumores de muerte y presagios del clima) e incluso sonidos.<\/p>\n\n\n\n<p>La actividad de inauguraci\u00f3n ser\u00e1 el s\u00e1bado 25 de enero a las 19:00 horas en la Sala de las Artes Ko-Panqui (Valle de Panqui, kil\u00f3metro 5.6, Curarrehue).<\/p>\n\n\n\n<figure class=\"wp-block-image size-large\"><img loading=\"lazy\" decoding=\"async\" width=\"854\" height=\"1000\" src=\"https:\/\/temucotelevision.cl\/web\/wp-content\/uploads\/2025\/01\/WhatsApp-Image-2025-01-10-at-15.29.31-854x1000.jpeg\" alt=\"\" class=\"wp-image-54790\" srcset=\"https:\/\/temucotelevision.cl\/web\/wp-content\/uploads\/2025\/01\/WhatsApp-Image-2025-01-10-at-15.29.31-854x1000.jpeg 854w, https:\/\/temucotelevision.cl\/web\/wp-content\/uploads\/2025\/01\/WhatsApp-Image-2025-01-10-at-15.29.31-768x900.jpeg 768w, https:\/\/temucotelevision.cl\/web\/wp-content\/uploads\/2025\/01\/WhatsApp-Image-2025-01-10-at-15.29.31-1311x1536.jpeg 1311w, https:\/\/temucotelevision.cl\/web\/wp-content\/uploads\/2025\/01\/WhatsApp-Image-2025-01-10-at-15.29.31.jpeg 1366w\" sizes=\"auto, (max-width: 854px) 100vw, 854px\" \/><\/figure>\n\n\n\n<figure class=\"wp-block-image size-large\"><img loading=\"lazy\" decoding=\"async\" width=\"1000\" height=\"1000\" src=\"https:\/\/temucotelevision.cl\/web\/wp-content\/uploads\/2025\/01\/WhatsApp-Image-2025-01-15-at-11.59.42-1-1000x1000.jpeg\" alt=\"\" class=\"wp-image-54789\" srcset=\"https:\/\/temucotelevision.cl\/web\/wp-content\/uploads\/2025\/01\/WhatsApp-Image-2025-01-15-at-11.59.42-1-1000x1000.jpeg 1000w, https:\/\/temucotelevision.cl\/web\/wp-content\/uploads\/2025\/01\/WhatsApp-Image-2025-01-15-at-11.59.42-1-768x768.jpeg 768w, https:\/\/temucotelevision.cl\/web\/wp-content\/uploads\/2025\/01\/WhatsApp-Image-2025-01-15-at-11.59.42-1-150x150.jpeg 150w, https:\/\/temucotelevision.cl\/web\/wp-content\/uploads\/2025\/01\/WhatsApp-Image-2025-01-15-at-11.59.42-1.jpeg 1080w\" sizes=\"auto, (max-width: 1000px) 100vw, 1000px\" \/><\/figure>\n","protected":false},"excerpt":{"rendered":"<div class=\"pvc_clear\"><\/div>\n<p id=\"pvc_stats_54787\" class=\"pvc_stats total_only  \" data-element-id=\"54787\" style=\"\"><i class=\"pvc-stats-icon large\" aria-hidden=\"true\"><svg aria-hidden=\"true\" focusable=\"false\" data-prefix=\"far\" data-icon=\"chart-bar\" role=\"img\" xmlns=\"http:\/\/www.w3.org\/2000\/svg\" viewBox=\"0 0 512 512\" class=\"svg-inline--fa fa-chart-bar fa-w-16 fa-2x\"><path fill=\"currentColor\" d=\"M396.8 352h22.4c6.4 0 12.8-6.4 12.8-12.8V108.8c0-6.4-6.4-12.8-12.8-12.8h-22.4c-6.4 0-12.8 6.4-12.8 12.8v230.4c0 6.4 6.4 12.8 12.8 12.8zm-192 0h22.4c6.4 0 12.8-6.4 12.8-12.8V140.8c0-6.4-6.4-12.8-12.8-12.8h-22.4c-6.4 0-12.8 6.4-12.8 12.8v198.4c0 6.4 6.4 12.8 12.8 12.8zm96 0h22.4c6.4 0 12.8-6.4 12.8-12.8V204.8c0-6.4-6.4-12.8-12.8-12.8h-22.4c-6.4 0-12.8 6.4-12.8 12.8v134.4c0 6.4 6.4 12.8 12.8 12.8zM496 400H48V80c0-8.84-7.16-16-16-16H16C7.16 64 0 71.16 0 80v336c0 17.67 14.33 32 32 32h464c8.84 0 16-7.16 16-16v-16c0-8.84-7.16-16-16-16zm-387.2-48h22.4c6.4 0 12.8-6.4 12.8-12.8v-70.4c0-6.4-6.4-12.8-12.8-12.8h-22.4c-6.4 0-12.8 6.4-12.8 12.8v70.4c0 6.4 6.4 12.8 12.8 12.8z\" class=\"\"><\/path><\/svg><\/i> <img loading=\"lazy\" decoding=\"async\" width=\"16\" height=\"16\" alt=\"Loading\" src=\"https:\/\/temucotelevision.cl\/web\/wp-content\/plugins\/page-views-count\/ajax-loader-2x.gif\" border=0 \/><\/p>\n<div class=\"pvc_clear\"><\/div>\n<p>La exposici\u00f3n estar\u00e1 abierta al p\u00fablico del 25 de enero al 28 de febrero con acceso gratuito, en Espacio Arte<\/p>\n","protected":false},"author":1,"featured_media":54788,"comment_status":"open","ping_status":"open","sticky":false,"template":"","format":"standard","meta":{"colormag_page_container_layout":"default_layout","colormag_page_sidebar_layout":"default_layout","footnotes":""},"categories":[86],"tags":[876],"class_list":["post-54787","post","type-post","status-publish","format-standard","has-post-thumbnail","hentry","category-panoramas","tag-exposicion"],"a3_pvc":{"activated":true,"total_views":1090,"today_views":0},"_links":{"self":[{"href":"https:\/\/temucotelevision.cl\/web\/wp-json\/wp\/v2\/posts\/54787","targetHints":{"allow":["GET"]}}],"collection":[{"href":"https:\/\/temucotelevision.cl\/web\/wp-json\/wp\/v2\/posts"}],"about":[{"href":"https:\/\/temucotelevision.cl\/web\/wp-json\/wp\/v2\/types\/post"}],"author":[{"embeddable":true,"href":"https:\/\/temucotelevision.cl\/web\/wp-json\/wp\/v2\/users\/1"}],"replies":[{"embeddable":true,"href":"https:\/\/temucotelevision.cl\/web\/wp-json\/wp\/v2\/comments?post=54787"}],"version-history":[{"count":1,"href":"https:\/\/temucotelevision.cl\/web\/wp-json\/wp\/v2\/posts\/54787\/revisions"}],"predecessor-version":[{"id":54791,"href":"https:\/\/temucotelevision.cl\/web\/wp-json\/wp\/v2\/posts\/54787\/revisions\/54791"}],"wp:featuredmedia":[{"embeddable":true,"href":"https:\/\/temucotelevision.cl\/web\/wp-json\/wp\/v2\/media\/54788"}],"wp:attachment":[{"href":"https:\/\/temucotelevision.cl\/web\/wp-json\/wp\/v2\/media?parent=54787"}],"wp:term":[{"taxonomy":"category","embeddable":true,"href":"https:\/\/temucotelevision.cl\/web\/wp-json\/wp\/v2\/categories?post=54787"},{"taxonomy":"post_tag","embeddable":true,"href":"https:\/\/temucotelevision.cl\/web\/wp-json\/wp\/v2\/tags?post=54787"}],"curies":[{"name":"wp","href":"https:\/\/api.w.org\/{rel}","templated":true}]}}