{"id":54784,"date":"2025-01-17T18:03:54","date_gmt":"2025-01-17T21:03:54","guid":{"rendered":"https:\/\/temucotelevision.cl\/web\/?p=54784"},"modified":"2025-01-17T18:03:55","modified_gmt":"2025-01-17T21:03:55","slug":"previo-a-fin-de-semana-de-altas-temperaturas-equipos-de-cmpc-combatieron-dos-incendios-en-la-araucania","status":"publish","type":"post","link":"https:\/\/temucotelevision.cl\/web\/2025\/01\/17\/previo-a-fin-de-semana-de-altas-temperaturas-equipos-de-cmpc-combatieron-dos-incendios-en-la-araucania\/","title":{"rendered":"Previo a fin de semana de altas temperaturas, equipos de CMPC combatieron dos incendios en La Araucan\u00eda"},"content":{"rendered":"<div class=\"pvc_clear\"><\/div><p id=\"pvc_stats_54784\" class=\"pvc_stats total_only  \" data-element-id=\"54784\" style=\"\"><i class=\"pvc-stats-icon large\" aria-hidden=\"true\"><svg aria-hidden=\"true\" focusable=\"false\" data-prefix=\"far\" data-icon=\"chart-bar\" role=\"img\" xmlns=\"http:\/\/www.w3.org\/2000\/svg\" viewBox=\"0 0 512 512\" class=\"svg-inline--fa fa-chart-bar fa-w-16 fa-2x\"><path fill=\"currentColor\" d=\"M396.8 352h22.4c6.4 0 12.8-6.4 12.8-12.8V108.8c0-6.4-6.4-12.8-12.8-12.8h-22.4c-6.4 0-12.8 6.4-12.8 12.8v230.4c0 6.4 6.4 12.8 12.8 12.8zm-192 0h22.4c6.4 0 12.8-6.4 12.8-12.8V140.8c0-6.4-6.4-12.8-12.8-12.8h-22.4c-6.4 0-12.8 6.4-12.8 12.8v198.4c0 6.4 6.4 12.8 12.8 12.8zm96 0h22.4c6.4 0 12.8-6.4 12.8-12.8V204.8c0-6.4-6.4-12.8-12.8-12.8h-22.4c-6.4 0-12.8 6.4-12.8 12.8v134.4c0 6.4 6.4 12.8 12.8 12.8zM496 400H48V80c0-8.84-7.16-16-16-16H16C7.16 64 0 71.16 0 80v336c0 17.67 14.33 32 32 32h464c8.84 0 16-7.16 16-16v-16c0-8.84-7.16-16-16-16zm-387.2-48h22.4c6.4 0 12.8-6.4 12.8-12.8v-70.4c0-6.4-6.4-12.8-12.8-12.8h-22.4c-6.4 0-12.8 6.4-12.8 12.8v70.4c0 6.4 6.4 12.8 12.8 12.8z\" class=\"\"><\/path><\/svg><\/i> <img loading=\"lazy\" decoding=\"async\" width=\"16\" height=\"16\" alt=\"Loading\" src=\"https:\/\/temucotelevision.cl\/web\/wp-content\/plugins\/page-views-count\/ajax-loader-2x.gif\" border=0 \/><\/p><div class=\"pvc_clear\"><\/div>\n<ul class=\"wp-block-list\">\n<li>Los siniestros ocurrieron en las comunas de Collipulli y Traigu\u00e9n, y fueron ambos contenidos.<\/li>\n<\/ul>\n\n\n\n<p>Dos incendios han combatido este viernes los equipos de CMPC, ambos en la Regi\u00f3n de La Araucan\u00eda e iniciados luego del mediod\u00eda. El primer siniestro ocurri\u00f3 en el fundo Parcela 19 El Progreso, en la comuna de Collipulli, hasta donde llegaron 1 avi\u00f3n de coordinaci\u00f3n, 6 aviones cisterna, 1 brigada mecanizada y 2 brigadas terrestres, con un total de 16 brigadistas en terreno. El siniestro qued\u00f3 controlado.<\/p>\n\n\n\n<p>La segunda emergencia en la regi\u00f3n surgi\u00f3 en el fundo Rinconada, en la comuna de Traigu\u00e9n, lugar en el que se presentaron 2 aviones de coordinaci\u00f3n, 2 aviones cisterna y 1 helic\u00f3ptero mediano, junto a 1 brigada helitransportada, sumando 12 brigadistas. El incendio qued\u00f3 como contenido.<\/p>\n\n\n\n<p>Los hechos ocurren ad portas de un fin de semana donde se anuncian altas temperaturas entre las regiones del Maule y del Biob\u00edo, donde los peaks de temperatura se vivir\u00e1n el domingo, como por ejemplos con m\u00e1ximos de 37\u00b0 en Talca, 36\u00b0 en Chill\u00e1n y 34\u00b0 en Los \u00c1ngeles. Los equipos de la empresa se han estado preparando para esto, tanto en recursos como en reforzar planes de prevenci\u00f3n.<\/p>\n\n\n\n<p><strong>Incendios de jueves en la tarde<\/strong><\/p>\n\n\n\n<p>En tanto, entrada la tarde de ayer se combati\u00f3 el fuego en la Regi\u00f3n del Biob\u00edo, con un incendio en el fundo San Jos\u00e9 Oriente de la comuna de Mulch\u00e9n, hasta donde llegaron 1 avi\u00f3n de coordinaci\u00f3n y 3 aviones cisterna, adem\u00e1s de una brigada mecanizada y 1 brigada terrestre, con un total de 10 brigadistas, quienes finalmente dejaron el siniestro controlado en horas de esta ma\u00f1ana.<\/p>\n\n\n\n<p>La segunda emergencia ocurri\u00f3 en el fundo Vega Larga y Las Colmenas, de la comuna de Laja, lugar al que arribaron 2 brigadas terrestres, con 20 brigadistas en total. Dicho incidente qued\u00f3 en fase de liquidaci\u00f3n.<\/p>\n","protected":false},"excerpt":{"rendered":"<div class=\"pvc_clear\"><\/div>\n<p id=\"pvc_stats_54784\" class=\"pvc_stats total_only  \" data-element-id=\"54784\" style=\"\"><i class=\"pvc-stats-icon large\" aria-hidden=\"true\"><svg aria-hidden=\"true\" focusable=\"false\" data-prefix=\"far\" data-icon=\"chart-bar\" role=\"img\" xmlns=\"http:\/\/www.w3.org\/2000\/svg\" viewBox=\"0 0 512 512\" class=\"svg-inline--fa fa-chart-bar fa-w-16 fa-2x\"><path fill=\"currentColor\" d=\"M396.8 352h22.4c6.4 0 12.8-6.4 12.8-12.8V108.8c0-6.4-6.4-12.8-12.8-12.8h-22.4c-6.4 0-12.8 6.4-12.8 12.8v230.4c0 6.4 6.4 12.8 12.8 12.8zm-192 0h22.4c6.4 0 12.8-6.4 12.8-12.8V140.8c0-6.4-6.4-12.8-12.8-12.8h-22.4c-6.4 0-12.8 6.4-12.8 12.8v198.4c0 6.4 6.4 12.8 12.8 12.8zm96 0h22.4c6.4 0 12.8-6.4 12.8-12.8V204.8c0-6.4-6.4-12.8-12.8-12.8h-22.4c-6.4 0-12.8 6.4-12.8 12.8v134.4c0 6.4 6.4 12.8 12.8 12.8zM496 400H48V80c0-8.84-7.16-16-16-16H16C7.16 64 0 71.16 0 80v336c0 17.67 14.33 32 32 32h464c8.84 0 16-7.16 16-16v-16c0-8.84-7.16-16-16-16zm-387.2-48h22.4c6.4 0 12.8-6.4 12.8-12.8v-70.4c0-6.4-6.4-12.8-12.8-12.8h-22.4c-6.4 0-12.8 6.4-12.8 12.8v70.4c0 6.4 6.4 12.8 12.8 12.8z\" class=\"\"><\/path><\/svg><\/i> <img loading=\"lazy\" decoding=\"async\" width=\"16\" height=\"16\" alt=\"Loading\" src=\"https:\/\/temucotelevision.cl\/web\/wp-content\/plugins\/page-views-count\/ajax-loader-2x.gif\" border=0 \/><\/p>\n<div class=\"pvc_clear\"><\/div>\n<p>Dos incendios han combatido este viernes los equipos de CMPC, ambos en la Regi\u00f3n de La Araucan\u00eda e iniciados luego<\/p>\n","protected":false},"author":1,"featured_media":54785,"comment_status":"open","ping_status":"open","sticky":false,"template":"","format":"standard","meta":{"colormag_page_container_layout":"default_layout","colormag_page_sidebar_layout":"default_layout","footnotes":""},"categories":[14],"tags":[2365],"class_list":["post-54784","post","type-post","status-publish","format-standard","has-post-thumbnail","hentry","category-temuco","tag-cmpc"],"a3_pvc":{"activated":true,"total_views":3214,"today_views":0},"_links":{"self":[{"href":"https:\/\/temucotelevision.cl\/web\/wp-json\/wp\/v2\/posts\/54784","targetHints":{"allow":["GET"]}}],"collection":[{"href":"https:\/\/temucotelevision.cl\/web\/wp-json\/wp\/v2\/posts"}],"about":[{"href":"https:\/\/temucotelevision.cl\/web\/wp-json\/wp\/v2\/types\/post"}],"author":[{"embeddable":true,"href":"https:\/\/temucotelevision.cl\/web\/wp-json\/wp\/v2\/users\/1"}],"replies":[{"embeddable":true,"href":"https:\/\/temucotelevision.cl\/web\/wp-json\/wp\/v2\/comments?post=54784"}],"version-history":[{"count":1,"href":"https:\/\/temucotelevision.cl\/web\/wp-json\/wp\/v2\/posts\/54784\/revisions"}],"predecessor-version":[{"id":54786,"href":"https:\/\/temucotelevision.cl\/web\/wp-json\/wp\/v2\/posts\/54784\/revisions\/54786"}],"wp:featuredmedia":[{"embeddable":true,"href":"https:\/\/temucotelevision.cl\/web\/wp-json\/wp\/v2\/media\/54785"}],"wp:attachment":[{"href":"https:\/\/temucotelevision.cl\/web\/wp-json\/wp\/v2\/media?parent=54784"}],"wp:term":[{"taxonomy":"category","embeddable":true,"href":"https:\/\/temucotelevision.cl\/web\/wp-json\/wp\/v2\/categories?post=54784"},{"taxonomy":"post_tag","embeddable":true,"href":"https:\/\/temucotelevision.cl\/web\/wp-json\/wp\/v2\/tags?post=54784"}],"curies":[{"name":"wp","href":"https:\/\/api.w.org\/{rel}","templated":true}]}}