{"id":5475,"date":"2019-08-23T11:47:53","date_gmt":"2019-08-23T14:47:53","guid":{"rendered":"https:\/\/temucotelevision.cl\/web\/?p=5475"},"modified":"2019-08-23T11:47:53","modified_gmt":"2019-08-23T14:47:53","slug":"diputada-parra-cuestiona-reunion-del-presidente-solo-con-alcaldes-de-chile-vamos","status":"publish","type":"post","link":"https:\/\/temucotelevision.cl\/web\/2019\/08\/23\/diputada-parra-cuestiona-reunion-del-presidente-solo-con-alcaldes-de-chile-vamos\/","title":{"rendered":"Diputada Parra cuestiona reuni\u00f3n del Presidente solo con alcaldes de Chile Vamos"},"content":{"rendered":"<div class=\"pvc_clear\"><\/div>\n<p id=\"pvc_stats_5475\" class=\"pvc_stats total_only  \" data-element-id=\"5475\" style=\"\"><i class=\"pvc-stats-icon large\" aria-hidden=\"true\"><svg aria-hidden=\"true\" focusable=\"false\" data-prefix=\"far\" data-icon=\"chart-bar\" role=\"img\" xmlns=\"http:\/\/www.w3.org\/2000\/svg\" viewBox=\"0 0 512 512\" class=\"svg-inline--fa fa-chart-bar fa-w-16 fa-2x\"><path fill=\"currentColor\" d=\"M396.8 352h22.4c6.4 0 12.8-6.4 12.8-12.8V108.8c0-6.4-6.4-12.8-12.8-12.8h-22.4c-6.4 0-12.8 6.4-12.8 12.8v230.4c0 6.4 6.4 12.8 12.8 12.8zm-192 0h22.4c6.4 0 12.8-6.4 12.8-12.8V140.8c0-6.4-6.4-12.8-12.8-12.8h-22.4c-6.4 0-12.8 6.4-12.8 12.8v198.4c0 6.4 6.4 12.8 12.8 12.8zm96 0h22.4c6.4 0 12.8-6.4 12.8-12.8V204.8c0-6.4-6.4-12.8-12.8-12.8h-22.4c-6.4 0-12.8 6.4-12.8 12.8v134.4c0 6.4 6.4 12.8 12.8 12.8zM496 400H48V80c0-8.84-7.16-16-16-16H16C7.16 64 0 71.16 0 80v336c0 17.67 14.33 32 32 32h464c8.84 0 16-7.16 16-16v-16c0-8.84-7.16-16-16-16zm-387.2-48h22.4c6.4 0 12.8-6.4 12.8-12.8v-70.4c0-6.4-6.4-12.8-12.8-12.8h-22.4c-6.4 0-12.8 6.4-12.8 12.8v70.4c0 6.4 6.4 12.8 12.8 12.8z\" class=\"\"><\/path><\/svg><\/i> <img loading=\"lazy\" decoding=\"async\" width=\"16\" height=\"16\" alt=\"Loading\" src=\"https:\/\/temucotelevision.cl\/web\/wp-content\/plugins\/page-views-count\/ajax-loader-2x.gif\" border=0 \/><\/p>\n<div class=\"pvc_clear\"><\/div>\n<p style=\"text-align: justify;\">Tras la visita del mandatario a la regi\u00f3n de La Araucan\u00eda y en particular, su visita a la provincia de Malleco, la Diputada por Araucan\u00eda Norte, Andrea Parra (PPD) expres\u00f3 su molestia por lo que considera una visita pre campa\u00f1a municipal.<\/p>\n<p style=\"text-align: justify;\">Adem\u00e1s se\u00f1al\u00f3 que pese a ser parlamentaria por Araucan\u00eda Norte, no fue invitada a las reuniones: \u201cno fui invitada a pesar de que \u00e9l va a visitar mi distrito y las comunas en las que yo soy parlamentaria\u201d, del mismo modo expres\u00f3 su preocupaci\u00f3n por lo que considera es una visita irregular que desequilibra la balanza en la distribuci\u00f3n de recursos a nivel regional: \u201cme preocupa adem\u00e1s, enterarme por la prensa tambi\u00e9n que el Presidente se re\u00fane solo con el intendente y alcaldes de su coalici\u00f3n. Me pregunto si es correcto que se destinen recursos p\u00fablicos en una actividad en la que solo se incluy\u00f3 autoridades de un sector pol\u00edtico\u201d.<\/p>\n<p style=\"text-align: justify;\">Seg\u00fan informaron los diferentes medios de comunicaci\u00f3n regional, en la reuni\u00f3n que sostuvo el Presidente y en la que adem\u00e1s de los alcaldes de ChileVamos, tambi\u00e9n participaron Cores, diputados, y autoridades de gobierno, se discuti\u00f3 la asignaci\u00f3n de recursos a proyectos importantes para las comunas asistentes, lo que se da ad portas de lo que pronto ser\u00e1 un a\u00f1o electoral. Ante este hecho, la Diputada Andrea Parra cuestion\u00f3 que: \u201c\u00bfEs apropiado que en esa reuni\u00f3n se hayan discutido (\u2026) las prioridades de inversi\u00f3n de comunas gobernadas por autoridades de la coalici\u00f3n de gobierno?\u00bfEl Presidente Pi\u00f1era es el presidente de todos los chilenos o solo de quienes adhieren a su gobierno?.<\/p>\n<p style=\"text-align: justify;\">Finalmente, la Diputada PPD, estudia presentar este viernes un requerimiento en Contralor\u00eda para que determine la legalidad de la utilizaci\u00f3n de recursos p\u00fablicos para lo que ella considera una reuni\u00f3n sesgada que va en desmedro de las dem\u00e1s comunas de La Araucan\u00eda.<\/p>\n","protected":false},"excerpt":{"rendered":"<div class=\"pvc_clear\"><\/div>\n<p id=\"pvc_stats_5475\" class=\"pvc_stats total_only  \" data-element-id=\"5475\" style=\"\"><i class=\"pvc-stats-icon large\" aria-hidden=\"true\"><svg aria-hidden=\"true\" focusable=\"false\" data-prefix=\"far\" data-icon=\"chart-bar\" role=\"img\" xmlns=\"http:\/\/www.w3.org\/2000\/svg\" viewBox=\"0 0 512 512\" class=\"svg-inline--fa fa-chart-bar fa-w-16 fa-2x\"><path fill=\"currentColor\" d=\"M396.8 352h22.4c6.4 0 12.8-6.4 12.8-12.8V108.8c0-6.4-6.4-12.8-12.8-12.8h-22.4c-6.4 0-12.8 6.4-12.8 12.8v230.4c0 6.4 6.4 12.8 12.8 12.8zm-192 0h22.4c6.4 0 12.8-6.4 12.8-12.8V140.8c0-6.4-6.4-12.8-12.8-12.8h-22.4c-6.4 0-12.8 6.4-12.8 12.8v198.4c0 6.4 6.4 12.8 12.8 12.8zm96 0h22.4c6.4 0 12.8-6.4 12.8-12.8V204.8c0-6.4-6.4-12.8-12.8-12.8h-22.4c-6.4 0-12.8 6.4-12.8 12.8v134.4c0 6.4 6.4 12.8 12.8 12.8zM496 400H48V80c0-8.84-7.16-16-16-16H16C7.16 64 0 71.16 0 80v336c0 17.67 14.33 32 32 32h464c8.84 0 16-7.16 16-16v-16c0-8.84-7.16-16-16-16zm-387.2-48h22.4c6.4 0 12.8-6.4 12.8-12.8v-70.4c0-6.4-6.4-12.8-12.8-12.8h-22.4c-6.4 0-12.8 6.4-12.8 12.8v70.4c0 6.4 6.4 12.8 12.8 12.8z\" class=\"\"><\/path><\/svg><\/i> <img loading=\"lazy\" decoding=\"async\" width=\"16\" height=\"16\" alt=\"Loading\" src=\"https:\/\/temucotelevision.cl\/web\/wp-content\/plugins\/page-views-count\/ajax-loader-2x.gif\" border=0 \/><\/p>\n<div class=\"pvc_clear\"><\/div>\n<p>Tras la visita del mandatario a la regi\u00f3n de La Araucan\u00eda y en particular, su visita a la provincia de<\/p>\n","protected":false},"author":1,"featured_media":2428,"comment_status":"open","ping_status":"open","sticky":false,"template":"","format":"standard","meta":{"colormag_page_container_layout":"default_layout","colormag_page_sidebar_layout":"default_layout","footnotes":""},"categories":[84],"tags":[788,958,176,891],"class_list":["post-5475","post","type-post","status-publish","format-standard","has-post-thumbnail","hentry","category-politica","tag-diputada","tag-parra","tag-presidente","tag-reunion"],"a3_pvc":{"activated":true,"total_views":24,"today_views":0},"_links":{"self":[{"href":"https:\/\/temucotelevision.cl\/web\/wp-json\/wp\/v2\/posts\/5475","targetHints":{"allow":["GET"]}}],"collection":[{"href":"https:\/\/temucotelevision.cl\/web\/wp-json\/wp\/v2\/posts"}],"about":[{"href":"https:\/\/temucotelevision.cl\/web\/wp-json\/wp\/v2\/types\/post"}],"author":[{"embeddable":true,"href":"https:\/\/temucotelevision.cl\/web\/wp-json\/wp\/v2\/users\/1"}],"replies":[{"embeddable":true,"href":"https:\/\/temucotelevision.cl\/web\/wp-json\/wp\/v2\/comments?post=5475"}],"version-history":[{"count":1,"href":"https:\/\/temucotelevision.cl\/web\/wp-json\/wp\/v2\/posts\/5475\/revisions"}],"predecessor-version":[{"id":5476,"href":"https:\/\/temucotelevision.cl\/web\/wp-json\/wp\/v2\/posts\/5475\/revisions\/5476"}],"wp:featuredmedia":[{"embeddable":true,"href":"https:\/\/temucotelevision.cl\/web\/wp-json\/wp\/v2\/media\/2428"}],"wp:attachment":[{"href":"https:\/\/temucotelevision.cl\/web\/wp-json\/wp\/v2\/media?parent=5475"}],"wp:term":[{"taxonomy":"category","embeddable":true,"href":"https:\/\/temucotelevision.cl\/web\/wp-json\/wp\/v2\/categories?post=5475"},{"taxonomy":"post_tag","embeddable":true,"href":"https:\/\/temucotelevision.cl\/web\/wp-json\/wp\/v2\/tags?post=5475"}],"curies":[{"name":"wp","href":"https:\/\/api.w.org\/{rel}","templated":true}]}}