{"id":5472,"date":"2019-08-23T11:36:56","date_gmt":"2019-08-23T14:36:56","guid":{"rendered":"https:\/\/temucotelevision.cl\/web\/?p=5472"},"modified":"2019-08-23T11:36:56","modified_gmt":"2019-08-23T14:36:56","slug":"alcalde-de-renaico-emplazo-al-presidente-pinera-a-conocer-la-realidad-de-la-araucania","status":"publish","type":"post","link":"https:\/\/temucotelevision.cl\/web\/2019\/08\/23\/alcalde-de-renaico-emplazo-al-presidente-pinera-a-conocer-la-realidad-de-la-araucania\/","title":{"rendered":"Alcalde de Renaico emplaz\u00f3 al Presidente Pi\u00f1era a conocer la realidad de La Araucan\u00eda"},"content":{"rendered":"<div class=\"pvc_clear\"><\/div>\n<p id=\"pvc_stats_5472\" class=\"pvc_stats total_only  \" data-element-id=\"5472\" style=\"\"><i class=\"pvc-stats-icon large\" aria-hidden=\"true\"><svg aria-hidden=\"true\" focusable=\"false\" data-prefix=\"far\" data-icon=\"chart-bar\" role=\"img\" xmlns=\"http:\/\/www.w3.org\/2000\/svg\" viewBox=\"0 0 512 512\" class=\"svg-inline--fa fa-chart-bar fa-w-16 fa-2x\"><path fill=\"currentColor\" d=\"M396.8 352h22.4c6.4 0 12.8-6.4 12.8-12.8V108.8c0-6.4-6.4-12.8-12.8-12.8h-22.4c-6.4 0-12.8 6.4-12.8 12.8v230.4c0 6.4 6.4 12.8 12.8 12.8zm-192 0h22.4c6.4 0 12.8-6.4 12.8-12.8V140.8c0-6.4-6.4-12.8-12.8-12.8h-22.4c-6.4 0-12.8 6.4-12.8 12.8v198.4c0 6.4 6.4 12.8 12.8 12.8zm96 0h22.4c6.4 0 12.8-6.4 12.8-12.8V204.8c0-6.4-6.4-12.8-12.8-12.8h-22.4c-6.4 0-12.8 6.4-12.8 12.8v134.4c0 6.4 6.4 12.8 12.8 12.8zM496 400H48V80c0-8.84-7.16-16-16-16H16C7.16 64 0 71.16 0 80v336c0 17.67 14.33 32 32 32h464c8.84 0 16-7.16 16-16v-16c0-8.84-7.16-16-16-16zm-387.2-48h22.4c6.4 0 12.8-6.4 12.8-12.8v-70.4c0-6.4-6.4-12.8-12.8-12.8h-22.4c-6.4 0-12.8 6.4-12.8 12.8v70.4c0 6.4 6.4 12.8 12.8 12.8z\" class=\"\"><\/path><\/svg><\/i> <img loading=\"lazy\" decoding=\"async\" width=\"16\" height=\"16\" alt=\"Loading\" src=\"https:\/\/temucotelevision.cl\/web\/wp-content\/plugins\/page-views-count\/ajax-loader-2x.gif\" border=0 \/><\/p>\n<div class=\"pvc_clear\"><\/div>\n<p style=\"text-align: justify;\">Hasta el parque e\u00f3lico San Gabriel se desplaz\u00f3 el alcalde Juan Carlos Reinao, este mi\u00e9rcoles 21 de agosto, junto a su equipo municipal para aprovechar la visita del mandatario y entregar una carta con varias peticiones que ayudar\u00e1n a los vecinos de Renaico, y toda la provincia de Malleco, a salir de la pobreza.<\/p>\n<p style=\"text-align: justify;\">Seg\u00fan indic\u00f3 la m\u00e1xima autoridad comunal al presidente Sebasti\u00e1n Pi\u00f1era \u201cHay cosas que usted no sabe presidente, nosotros queremos ayudar a las familias que m\u00e1s necesitan. Yo soy m\u00e9dico, vengo de una comunidad Mapuche donde mis padres son analfabetos, donde el estigma nos ha llevado a una crisis, y de esa crisis somos responsables todos; tanto ustedes como nosotros\u201d.<\/p>\n<p style=\"text-align: justify;\">El presidente por su parte respondi\u00f3 \u201cyo asumo los siguientes compromisos con usted alcalde; antes que me quede dormido hoy d\u00eda, voy a ver le\u00eddo todo sus papeles, y despu\u00e9s de eso los recibo encantado, porque me interesa mucho conocer todo lo que ustedes quieren decir y aportar\u201d.<\/p>\n<p style=\"text-align: justify;\">Tras ambas intervenciones, el alcalde mencion\u00f3 a la prensa nacional el contenido de algunas misivas, entre las que se encontraba que gran parte de los recursos de la provincia se los llevan las constructoras y no llegan las familias que m\u00e1s la necesitan. Que no existe un sistema de habitacional que solucione de forma definitiva al tema de viviendas y que se han generado leyes en el congreso nacional que vienen sin presupuesto y los municipios chicos no son capaces de asumir esa responsabilidad. Otro de los puntos, al que el alcalde Mapuche puso mayor \u00e9nfasis, fue la negaci\u00f3n rotunda a la construcci\u00f3n del \u201cProyecto Hidroel\u00e9ctrico de Pasada Agua Viva&#8221; ubicada en el rio Renaico en el l\u00edmite regional entre la regi\u00f3n del Bio-B\u00edo y la regi\u00f3n de la Araucan\u00eda, en las provincias de B\u00edo-B\u00edo y Malleco.<\/p>\n<p style=\"text-align: justify;\">Terminada la conferencia de prensa, el alcalde Reinao indic\u00f3 \u201cMe qued\u00e9 con una sensaci\u00f3n no agradable; creo que hoy d\u00eda estas visitas son muy necesarias, pero el presidente y sus ministros deben estar m\u00e1s; pero deben estar con el pueblo\u201d.<\/p>\n","protected":false},"excerpt":{"rendered":"<div class=\"pvc_clear\"><\/div>\n<p id=\"pvc_stats_5472\" class=\"pvc_stats total_only  \" data-element-id=\"5472\" style=\"\"><i class=\"pvc-stats-icon large\" aria-hidden=\"true\"><svg aria-hidden=\"true\" focusable=\"false\" data-prefix=\"far\" data-icon=\"chart-bar\" role=\"img\" xmlns=\"http:\/\/www.w3.org\/2000\/svg\" viewBox=\"0 0 512 512\" class=\"svg-inline--fa fa-chart-bar fa-w-16 fa-2x\"><path fill=\"currentColor\" d=\"M396.8 352h22.4c6.4 0 12.8-6.4 12.8-12.8V108.8c0-6.4-6.4-12.8-12.8-12.8h-22.4c-6.4 0-12.8 6.4-12.8 12.8v230.4c0 6.4 6.4 12.8 12.8 12.8zm-192 0h22.4c6.4 0 12.8-6.4 12.8-12.8V140.8c0-6.4-6.4-12.8-12.8-12.8h-22.4c-6.4 0-12.8 6.4-12.8 12.8v198.4c0 6.4 6.4 12.8 12.8 12.8zm96 0h22.4c6.4 0 12.8-6.4 12.8-12.8V204.8c0-6.4-6.4-12.8-12.8-12.8h-22.4c-6.4 0-12.8 6.4-12.8 12.8v134.4c0 6.4 6.4 12.8 12.8 12.8zM496 400H48V80c0-8.84-7.16-16-16-16H16C7.16 64 0 71.16 0 80v336c0 17.67 14.33 32 32 32h464c8.84 0 16-7.16 16-16v-16c0-8.84-7.16-16-16-16zm-387.2-48h22.4c6.4 0 12.8-6.4 12.8-12.8v-70.4c0-6.4-6.4-12.8-12.8-12.8h-22.4c-6.4 0-12.8 6.4-12.8 12.8v70.4c0 6.4 6.4 12.8 12.8 12.8z\" class=\"\"><\/path><\/svg><\/i> <img loading=\"lazy\" decoding=\"async\" width=\"16\" height=\"16\" alt=\"Loading\" src=\"https:\/\/temucotelevision.cl\/web\/wp-content\/plugins\/page-views-count\/ajax-loader-2x.gif\" border=0 \/><\/p>\n<div class=\"pvc_clear\"><\/div>\n<p>Hasta el parque e\u00f3lico San Gabriel se desplaz\u00f3 el alcalde Juan Carlos Reinao, este mi\u00e9rcoles 21 de agosto, junto a<\/p>\n","protected":false},"author":1,"featured_media":5473,"comment_status":"open","ping_status":"open","sticky":false,"template":"","format":"standard","meta":{"colormag_page_container_layout":"default_layout","colormag_page_sidebar_layout":"default_layout","footnotes":""},"categories":[15],"tags":[202,176,486],"class_list":["post-5472","post","type-post","status-publish","format-standard","has-post-thumbnail","hentry","category-la-araucania","tag-alcalde","tag-presidente","tag-renaico"],"a3_pvc":{"activated":true,"total_views":66,"today_views":0},"_links":{"self":[{"href":"https:\/\/temucotelevision.cl\/web\/wp-json\/wp\/v2\/posts\/5472","targetHints":{"allow":["GET"]}}],"collection":[{"href":"https:\/\/temucotelevision.cl\/web\/wp-json\/wp\/v2\/posts"}],"about":[{"href":"https:\/\/temucotelevision.cl\/web\/wp-json\/wp\/v2\/types\/post"}],"author":[{"embeddable":true,"href":"https:\/\/temucotelevision.cl\/web\/wp-json\/wp\/v2\/users\/1"}],"replies":[{"embeddable":true,"href":"https:\/\/temucotelevision.cl\/web\/wp-json\/wp\/v2\/comments?post=5472"}],"version-history":[{"count":1,"href":"https:\/\/temucotelevision.cl\/web\/wp-json\/wp\/v2\/posts\/5472\/revisions"}],"predecessor-version":[{"id":5474,"href":"https:\/\/temucotelevision.cl\/web\/wp-json\/wp\/v2\/posts\/5472\/revisions\/5474"}],"wp:featuredmedia":[{"embeddable":true,"href":"https:\/\/temucotelevision.cl\/web\/wp-json\/wp\/v2\/media\/5473"}],"wp:attachment":[{"href":"https:\/\/temucotelevision.cl\/web\/wp-json\/wp\/v2\/media?parent=5472"}],"wp:term":[{"taxonomy":"category","embeddable":true,"href":"https:\/\/temucotelevision.cl\/web\/wp-json\/wp\/v2\/categories?post=5472"},{"taxonomy":"post_tag","embeddable":true,"href":"https:\/\/temucotelevision.cl\/web\/wp-json\/wp\/v2\/tags?post=5472"}],"curies":[{"name":"wp","href":"https:\/\/api.w.org\/{rel}","templated":true}]}}