{"id":54520,"date":"2025-01-04T22:00:22","date_gmt":"2025-01-05T01:00:22","guid":{"rendered":"https:\/\/temucotelevision.cl\/web\/?p=54520"},"modified":"2025-01-04T22:01:49","modified_gmt":"2025-01-05T01:01:49","slug":"la-apologia-de-la-era-artificial-un-manifiesto-personal","status":"publish","type":"post","link":"https:\/\/temucotelevision.cl\/web\/2025\/01\/04\/la-apologia-de-la-era-artificial-un-manifiesto-personal\/","title":{"rendered":"La Apolog\u00eda de la era artificial, un manifiesto personal"},"content":{"rendered":"<div class=\"pvc_clear\"><\/div><p id=\"pvc_stats_54520\" class=\"pvc_stats total_only  \" data-element-id=\"54520\" style=\"\"><i class=\"pvc-stats-icon large\" aria-hidden=\"true\"><svg aria-hidden=\"true\" focusable=\"false\" data-prefix=\"far\" data-icon=\"chart-bar\" role=\"img\" xmlns=\"http:\/\/www.w3.org\/2000\/svg\" viewBox=\"0 0 512 512\" class=\"svg-inline--fa fa-chart-bar fa-w-16 fa-2x\"><path fill=\"currentColor\" d=\"M396.8 352h22.4c6.4 0 12.8-6.4 12.8-12.8V108.8c0-6.4-6.4-12.8-12.8-12.8h-22.4c-6.4 0-12.8 6.4-12.8 12.8v230.4c0 6.4 6.4 12.8 12.8 12.8zm-192 0h22.4c6.4 0 12.8-6.4 12.8-12.8V140.8c0-6.4-6.4-12.8-12.8-12.8h-22.4c-6.4 0-12.8 6.4-12.8 12.8v198.4c0 6.4 6.4 12.8 12.8 12.8zm96 0h22.4c6.4 0 12.8-6.4 12.8-12.8V204.8c0-6.4-6.4-12.8-12.8-12.8h-22.4c-6.4 0-12.8 6.4-12.8 12.8v134.4c0 6.4 6.4 12.8 12.8 12.8zM496 400H48V80c0-8.84-7.16-16-16-16H16C7.16 64 0 71.16 0 80v336c0 17.67 14.33 32 32 32h464c8.84 0 16-7.16 16-16v-16c0-8.84-7.16-16-16-16zm-387.2-48h22.4c6.4 0 12.8-6.4 12.8-12.8v-70.4c0-6.4-6.4-12.8-12.8-12.8h-22.4c-6.4 0-12.8 6.4-12.8 12.8v70.4c0 6.4 6.4 12.8 12.8 12.8z\" class=\"\"><\/path><\/svg><\/i> <img loading=\"lazy\" decoding=\"async\" width=\"16\" height=\"16\" alt=\"Loading\" src=\"https:\/\/temucotelevision.cl\/web\/wp-content\/plugins\/page-views-count\/ajax-loader-2x.gif\" border=0 \/><\/p><div class=\"pvc_clear\"><\/div>\n<p>La apolog\u00eda de la era artificial, forma parte de una trilog\u00eda de canciones que comienzan a mostrarse a inicios del 2025.<\/p>\n\n\n\n<p>Es un manifiesto personal, una reinserci\u00f3n en la sociedad y el mundo que vivimos, una reflexi\u00f3n de c\u00f3mo nos vemos envuelto en un lenguaje donde la comunicaci\u00f3n se restringe a las redes sociales y sus derivados. La pol\u00edtica, la religi\u00f3n, la m\u00fasica, el deporte, en fin, todos buscamos nuestro lugar.<\/p>\n\n\n\n<p>No puedo hacerme al margen y entiendo los beneficios de la tecnolog\u00eda, soy parte y la ocupo con mis limitaciones como herramienta en el desarrollo de mi d\u00eda a d\u00eda.<\/p>\n\n\n\n<p>Pero la vida es an\u00e1loga, una sonrisa, un abrazo, un te quiero. Ese es el inicio y el final. As\u00ed se construyen las peque\u00f1as sociedades e impactamos en los corazones de las personas.<\/p>\n\n\n\n<p>\u201cTodav\u00eda yo prefiero creer en el fondo sigo en pie\u2026\u201d&nbsp;<\/p>\n\n\n\n<p>Creo en primer lugar en la tecnolog\u00eda de los sue\u00f1os y en su perfecto andamiaje para seguir avanzando, declara Danilo Oliva.<\/p>\n\n\n\n<p>Danilo Oliva es cantautor y productor musical chileno, comunicador multimedia y Tec. En Sonido. Se define como un activista de cosas simples, amante de la palabra, la calle, comunicador de historias personales, sociales y cotidianas. Observador y relator, protagonista e infiltrado.<\/p>\n\n\n\n<p>Con 6 discos y una trayectoria de m\u00e1s de 15 a\u00f1os, ha coronado diferente hitos y ganado festivales de la canci\u00f3n, tanto nacionales como internacionales:<\/p>\n\n\n\n<p>2008, Estrena Disco \u201cCuentas Pendientes\u201d<\/p>\n\n\n\n<p>2009, Fondo de la M\u00fasica, modalidad Difusi\u00f3n.<\/p>\n\n\n\n<p>2011, Festival de la Canci\u00f3n de San Felipe<\/p>\n\n\n\n<p>2012, Festival Internacional de la Canci\u00f3n de San Fco de Mostazal,&nbsp;<\/p>\n\n\n\n<p>2013, Festival de Cantautores La Otra Casa.<\/p>\n\n\n\n<p>2013, Estrena Disco \u201cCada Ma\u00f1ana City\u201d<\/p>\n\n\n\n<p>2014, Festival de la Canci\u00f3n Palmenia Pizarro.<\/p>\n\n\n\n<p>2014, Su canci\u00f3n \u201cYo me descuelgo\u201d es elegida en M\u00e9xico como bandera de lucha para los desaparecidos en Ayotzinapa.<\/p>\n\n\n\n<p>2015, Estrena Disco \u201cRaza de Quijote\u201d<\/p>\n\n\n\n<p>2017, Festival de Cantautores Zurqu\u00ed Hered\u00eda, Costa Rica.<\/p>\n\n\n\n<p>2018, Festival Coincidir en Ensenada, M\u00e9xico.<\/p>\n\n\n\n<p>2018, Estrena EP \u201cEl coraz\u00f3n en Pelotas\u201d<\/p>\n\n\n\n<p>2020, Estrena en Pandemia EP Colores, Canciones y videos.<\/p>\n\n\n\n<p>2022, estrena Disco \u201c1928\u201d dedicado a su Padre.<\/p>\n\n\n\n<p>Les invitamos a escuchar este nuevo trabajo musical en Spotify y disfrutar el video clip en YouTube.<\/p>\n\n\n\n<p>Youtube:<\/p>\n\n\n\n<figure class=\"wp-block-embed is-type-video is-provider-youtube wp-block-embed-youtube wp-embed-aspect-16-9 wp-has-aspect-ratio\"><div class=\"wp-block-embed__wrapper\">\n<div class=\"epyt-video-wrapper\"><iframe loading=\"lazy\"  id=\"_ytid_50446\"  width=\"800\" height=\"450\"  data-origwidth=\"800\" data-origheight=\"450\" src=\"https:\/\/www.youtube.com\/embed\/u4yLz1jX7js?enablejsapi=1&#038;autoplay=0&#038;cc_load_policy=0&#038;cc_lang_pref=&#038;iv_load_policy=1&#038;loop=0&#038;rel=1&#038;fs=1&#038;playsinline=0&#038;autohide=2&#038;theme=dark&#038;color=red&#038;controls=1&#038;disablekb=0&#038;\" class=\"__youtube_prefs__  epyt-is-override  no-lazyload\" title=\"YouTube player\"  allow=\"fullscreen; accelerometer; autoplay; clipboard-write; encrypted-media; gyroscope; picture-in-picture; web-share\" referrerpolicy=\"strict-origin-when-cross-origin\" allowfullscreen data-no-lazy=\"1\" data-skipgform_ajax_framebjll=\"\"><\/iframe><\/div>\n<\/div><\/figure>\n\n\n\n<p>Spotify:<\/p>\n\n\n\n<figure class=\"wp-block-embed is-type-rich is-provider-spotify wp-block-embed-spotify wp-embed-aspect-21-9 wp-has-aspect-ratio\"><div class=\"wp-block-embed__wrapper\">\n<iframe title=\"Spotify Embed: La Apologia de la Era Artificial\" style=\"border-radius: 12px\" width=\"100%\" height=\"352\" frameborder=\"0\" allowfullscreen allow=\"autoplay; clipboard-write; encrypted-media; fullscreen; picture-in-picture\" loading=\"lazy\" src=\"https:\/\/open.spotify.com\/embed\/album\/0nwxIq0bc9RayZDnHnJi9m?si=lUUIe5B7ShSu6pFQcVry4w&#038;utm_source=oembed\"><\/iframe>\n<\/div><\/figure>\n","protected":false},"excerpt":{"rendered":"<div class=\"pvc_clear\"><\/div>\n<p id=\"pvc_stats_54520\" class=\"pvc_stats total_only  \" data-element-id=\"54520\" style=\"\"><i class=\"pvc-stats-icon large\" aria-hidden=\"true\"><svg aria-hidden=\"true\" focusable=\"false\" data-prefix=\"far\" data-icon=\"chart-bar\" role=\"img\" xmlns=\"http:\/\/www.w3.org\/2000\/svg\" viewBox=\"0 0 512 512\" class=\"svg-inline--fa fa-chart-bar fa-w-16 fa-2x\"><path fill=\"currentColor\" d=\"M396.8 352h22.4c6.4 0 12.8-6.4 12.8-12.8V108.8c0-6.4-6.4-12.8-12.8-12.8h-22.4c-6.4 0-12.8 6.4-12.8 12.8v230.4c0 6.4 6.4 12.8 12.8 12.8zm-192 0h22.4c6.4 0 12.8-6.4 12.8-12.8V140.8c0-6.4-6.4-12.8-12.8-12.8h-22.4c-6.4 0-12.8 6.4-12.8 12.8v198.4c0 6.4 6.4 12.8 12.8 12.8zm96 0h22.4c6.4 0 12.8-6.4 12.8-12.8V204.8c0-6.4-6.4-12.8-12.8-12.8h-22.4c-6.4 0-12.8 6.4-12.8 12.8v134.4c0 6.4 6.4 12.8 12.8 12.8zM496 400H48V80c0-8.84-7.16-16-16-16H16C7.16 64 0 71.16 0 80v336c0 17.67 14.33 32 32 32h464c8.84 0 16-7.16 16-16v-16c0-8.84-7.16-16-16-16zm-387.2-48h22.4c6.4 0 12.8-6.4 12.8-12.8v-70.4c0-6.4-6.4-12.8-12.8-12.8h-22.4c-6.4 0-12.8 6.4-12.8 12.8v70.4c0 6.4 6.4 12.8 12.8 12.8z\" class=\"\"><\/path><\/svg><\/i> <img loading=\"lazy\" decoding=\"async\" width=\"16\" height=\"16\" alt=\"Loading\" src=\"https:\/\/temucotelevision.cl\/web\/wp-content\/plugins\/page-views-count\/ajax-loader-2x.gif\" border=0 \/><\/p>\n<div class=\"pvc_clear\"><\/div>\n<p>La apolog\u00eda de la era artificial, forma parte de una trilog\u00eda de canciones que comienzan a mostrarse a inicios del<\/p>\n","protected":false},"author":1,"featured_media":54521,"comment_status":"open","ping_status":"open","sticky":false,"template":"","format":"standard","meta":{"colormag_page_container_layout":"default_layout","colormag_page_sidebar_layout":"default_layout","footnotes":""},"categories":[369],"tags":[801],"class_list":["post-54520","post","type-post","status-publish","format-standard","has-post-thumbnail","hentry","category-musica","tag-cantante"],"a3_pvc":{"activated":true,"total_views":959,"today_views":0},"_links":{"self":[{"href":"https:\/\/temucotelevision.cl\/web\/wp-json\/wp\/v2\/posts\/54520","targetHints":{"allow":["GET"]}}],"collection":[{"href":"https:\/\/temucotelevision.cl\/web\/wp-json\/wp\/v2\/posts"}],"about":[{"href":"https:\/\/temucotelevision.cl\/web\/wp-json\/wp\/v2\/types\/post"}],"author":[{"embeddable":true,"href":"https:\/\/temucotelevision.cl\/web\/wp-json\/wp\/v2\/users\/1"}],"replies":[{"embeddable":true,"href":"https:\/\/temucotelevision.cl\/web\/wp-json\/wp\/v2\/comments?post=54520"}],"version-history":[{"count":1,"href":"https:\/\/temucotelevision.cl\/web\/wp-json\/wp\/v2\/posts\/54520\/revisions"}],"predecessor-version":[{"id":54522,"href":"https:\/\/temucotelevision.cl\/web\/wp-json\/wp\/v2\/posts\/54520\/revisions\/54522"}],"wp:featuredmedia":[{"embeddable":true,"href":"https:\/\/temucotelevision.cl\/web\/wp-json\/wp\/v2\/media\/54521"}],"wp:attachment":[{"href":"https:\/\/temucotelevision.cl\/web\/wp-json\/wp\/v2\/media?parent=54520"}],"wp:term":[{"taxonomy":"category","embeddable":true,"href":"https:\/\/temucotelevision.cl\/web\/wp-json\/wp\/v2\/categories?post=54520"},{"taxonomy":"post_tag","embeddable":true,"href":"https:\/\/temucotelevision.cl\/web\/wp-json\/wp\/v2\/tags?post=54520"}],"curies":[{"name":"wp","href":"https:\/\/api.w.org\/{rel}","templated":true}]}}