{"id":54516,"date":"2025-01-04T21:52:24","date_gmt":"2025-01-05T00:52:24","guid":{"rendered":"https:\/\/temucotelevision.cl\/web\/?p=54516"},"modified":"2025-01-04T21:52:25","modified_gmt":"2025-01-05T00:52:25","slug":"direccion-del-trabajo-contratara-50-fiscalizadores-y-abogados-para-atender-denuncias-por-leyes-karin-y-de-40-horas","status":"publish","type":"post","link":"https:\/\/temucotelevision.cl\/web\/2025\/01\/04\/direccion-del-trabajo-contratara-50-fiscalizadores-y-abogados-para-atender-denuncias-por-leyes-karin-y-de-40-horas\/","title":{"rendered":"Direcci\u00f3n del Trabajo contratar\u00e1 50 fiscalizadores y abogados para atender denuncias por Leyes Karin y de 40 Horas"},"content":{"rendered":"<div class=\"pvc_clear\"><\/div><p id=\"pvc_stats_54516\" class=\"pvc_stats total_only  \" data-element-id=\"54516\" style=\"\"><i class=\"pvc-stats-icon large\" aria-hidden=\"true\"><svg aria-hidden=\"true\" focusable=\"false\" data-prefix=\"far\" data-icon=\"chart-bar\" role=\"img\" xmlns=\"http:\/\/www.w3.org\/2000\/svg\" viewBox=\"0 0 512 512\" class=\"svg-inline--fa fa-chart-bar fa-w-16 fa-2x\"><path fill=\"currentColor\" d=\"M396.8 352h22.4c6.4 0 12.8-6.4 12.8-12.8V108.8c0-6.4-6.4-12.8-12.8-12.8h-22.4c-6.4 0-12.8 6.4-12.8 12.8v230.4c0 6.4 6.4 12.8 12.8 12.8zm-192 0h22.4c6.4 0 12.8-6.4 12.8-12.8V140.8c0-6.4-6.4-12.8-12.8-12.8h-22.4c-6.4 0-12.8 6.4-12.8 12.8v198.4c0 6.4 6.4 12.8 12.8 12.8zm96 0h22.4c6.4 0 12.8-6.4 12.8-12.8V204.8c0-6.4-6.4-12.8-12.8-12.8h-22.4c-6.4 0-12.8 6.4-12.8 12.8v134.4c0 6.4 6.4 12.8 12.8 12.8zM496 400H48V80c0-8.84-7.16-16-16-16H16C7.16 64 0 71.16 0 80v336c0 17.67 14.33 32 32 32h464c8.84 0 16-7.16 16-16v-16c0-8.84-7.16-16-16-16zm-387.2-48h22.4c6.4 0 12.8-6.4 12.8-12.8v-70.4c0-6.4-6.4-12.8-12.8-12.8h-22.4c-6.4 0-12.8 6.4-12.8 12.8v70.4c0 6.4 6.4 12.8 12.8 12.8z\" class=\"\"><\/path><\/svg><\/i> <img loading=\"lazy\" decoding=\"async\" width=\"16\" height=\"16\" alt=\"Loading\" src=\"https:\/\/temucotelevision.cl\/web\/wp-content\/plugins\/page-views-count\/ajax-loader-2x.gif\" border=0 \/><\/p><div class=\"pvc_clear\"><\/div>\n<ul class=\"wp-block-list\">\n<li><strong>Rentas promedio para los inspectores llegan a casi 1 mill\u00f3n 700 mil pesos y las de los abogados a casi 2 millones 500 mil pesos.\u00a0\u00a0<\/strong><\/li>\n\n\n\n<li><strong>Periodo de postulaci\u00f3n estar\u00e1 abierto hasta el 10 de enero.<\/strong><\/li>\n<\/ul>\n\n\n\n<p>La Direcci\u00f3n del Trabajo (DT) inici\u00f3 un proceso de postulaci\u00f3n para contratar a 37 fiscalizadores y 13 abogados que refuercen su actuaci\u00f3n en las nuevas responsabilidades inspectivas que acarrean, principalmente, las denuncias por las leyes Karin, de 40 Horas e Inclusi\u00f3n Laboral.<\/p>\n\n\n\n<p>Las postulaciones estar\u00e1n abiertas hasta las 15:00 horas del viernes 10 de enero.<\/p>\n\n\n\n<p>Los fiscalizadores deben postular en el&nbsp;<a href=\"https:\/\/www.empleospublicos.cl\/pub\/convocatorias\/convpostularavisoTrabajo.aspx?i=123034&amp;c=0&amp;j=0&amp;tipo=convpostularavisoTrabajo\" target=\"_blank\" rel=\"noreferrer noopener\">Portal de Empleos P\u00fablicos<\/a>. Los abogados en&nbsp;<a href=\"https:\/\/www.empleospublicos.cl\/pub\/convocatorias\/convpostularavisoTrabajo.aspx?i=123048&amp;amp;c=0&amp;amp;j=0&amp;amp;tipo=convpostularavisoTrabajo\" target=\"_blank\" rel=\"noreferrer noopener\">Portal de Empleos P\u00fablicos<\/a>&nbsp;En ambos links aparecen tambi\u00e9n los requisitos espec\u00edficos de ambos cargos.&nbsp;<\/p>\n\n\n\n<p>Los fiscalizadores y abogados seleccionados ser\u00e1n primeramente contratados a prueba por un lapso de tres meses, el que puede renovarse por un segundo periodo similar al cabo del cual, si sus rendimientos son aprobados, ser\u00e1n pasados a las dotaciones definitivas de contrata.<\/p>\n\n\n\n<p>Las remuneraciones ofrecidas en Empleos P\u00fablicos son referenciales y ser\u00e1n incrementadas conforme a los reajustes aprobados para el a\u00f1o 2025 en la Administraci\u00f3n P\u00fablica.&nbsp;<\/p>\n\n\n\n<p>Como referencia, los fiscalizadores tendr\u00e1n una remuneraci\u00f3n bruta mensualizada promedio de $1.690.595 acorde al grado 16 del escalaf\u00f3n fiscalizador de la DT. Los abogados recibir\u00e1n una remuneraci\u00f3n bruta mensual promedio de $2.445.864 correspondiente al grado 13 del escalaf\u00f3n profesional.<\/p>\n\n\n\n<p><strong>Requisitos de fiscalizadores<\/strong><\/p>\n\n\n\n<p>Sin perjuicio de las exigencias espec\u00edficas establecidas por Empleos P\u00fablicos, los fiscalizadores deber\u00e1n poseer a lo menos uno de los siguientes t\u00edtulos profesionales:<\/p>\n\n\n\n<ul class=\"wp-block-list\">\n<li>Prevencionista de Riesgos o equivalente<\/li>\n\n\n\n<li>Trabajador\/a Social o equivalente<\/li>\n\n\n\n<li>Administrador\/a P\u00fablico\/a o equivalente<\/li>\n\n\n\n<li>Ingeniero\/a en Recursos Humanos<\/li>\n\n\n\n<li>Contador\/a P\u00fablico y\/o Auditor\/a<\/li>\n\n\n\n<li>Ingeniero\/a Comercial<\/li>\n\n\n\n<li>Ingeniero\/a en Administraci\u00f3n o equivalente<\/li>\n\n\n\n<li>Soci\u00f3logo\/a<\/li>\n\n\n\n<li>Psic\u00f3logo\/a<\/li>\n\n\n\n<li>Cientista Pol\u00edtico\/a<\/li>\n\n\n\n<li>Pedagogo\/a<\/li>\n<\/ul>\n\n\n\n<p><strong>Requisitos de abogados<\/strong><\/p>\n\n\n\n<p>En el caso de los abogados, en tanto, ser\u00e1 deseable que posean estudios de post\u00edtulos, especializaci\u00f3n y\/o al menos 20 horas de capacitaci\u00f3n (acreditando horas) en algunas de las siguientes \u00e1reas: legislaci\u00f3n laboral y\/o previsional, salud y seguridad ocupacional y normativa del sector p\u00fablico.<\/p>\n\n\n\n<p>Ya sea en los sectores p\u00fablico o privado, tambi\u00e9n ser\u00e1 deseable que las personas postulantes posean experiencia laboral comprobada de a lo menos 1 a\u00f1o en funciones similares a las del cargo ofrecido.<\/p>\n\n\n\n<p>En cuanto a conocimientos espec\u00edficos, es exigible dominar:<\/p>\n\n\n\n<ul class=\"wp-block-list\">\n<li>C\u00f3digo del Trabajo con \u00faltimas modificaciones (Ley Karin, Ley 40 horas, Ley de inclusi\u00f3n laboral, entre otros).<\/li>\n\n\n\n<li>Legislaci\u00f3n laboral, previsional e higiene y seguridad.<\/li>\n\n\n\n<li>Derecho Procesal.<\/li>\n\n\n\n<li>Derecho Constitucional en su aplicaci\u00f3n administrativa.<\/li>\n\n\n\n<li>C\u00f3digo Civil (particularmente en interpretaci\u00f3n de la ley).<\/li>\n\n\n\n<li>Procedimiento administrativo para el tratamiento de denuncias por vulneraci\u00f3n de Derechos Fundamentales.<\/li>\n\n\n\n<li>Ley N\u00b0 19.378 de 2000 sobre Estatuto de Atenci\u00f3n Primaria de salud municipal.<\/li>\n\n\n\n<li>Riesgos asociados a la labor desempe\u00f1ada y su forma de prevenci\u00f3n (corresponde al \u201cDerecho a saber\u201d, establecido en la Ley N\u00b0 16.744<\/li>\n\n\n\n<li><\/li>\n<\/ul>\n\n\n\n<figure class=\"wp-block-image size-large\"><img loading=\"lazy\" decoding=\"async\" width=\"1000\" height=\"667\" src=\"https:\/\/temucotelevision.cl\/web\/wp-content\/uploads\/2025\/01\/Dir-Trabajo-1000x667.jpg\" alt=\"\" class=\"wp-image-54518\" srcset=\"https:\/\/temucotelevision.cl\/web\/wp-content\/uploads\/2025\/01\/Dir-Trabajo-1000x667.jpg 1000w, https:\/\/temucotelevision.cl\/web\/wp-content\/uploads\/2025\/01\/Dir-Trabajo-768x512.jpg 768w, https:\/\/temucotelevision.cl\/web\/wp-content\/uploads\/2025\/01\/Dir-Trabajo.jpg 1024w\" sizes=\"auto, (max-width: 1000px) 100vw, 1000px\" \/><\/figure>\n","protected":false},"excerpt":{"rendered":"<div class=\"pvc_clear\"><\/div>\n<p id=\"pvc_stats_54516\" class=\"pvc_stats total_only  \" data-element-id=\"54516\" style=\"\"><i class=\"pvc-stats-icon large\" aria-hidden=\"true\"><svg aria-hidden=\"true\" focusable=\"false\" data-prefix=\"far\" data-icon=\"chart-bar\" role=\"img\" xmlns=\"http:\/\/www.w3.org\/2000\/svg\" viewBox=\"0 0 512 512\" class=\"svg-inline--fa fa-chart-bar fa-w-16 fa-2x\"><path fill=\"currentColor\" d=\"M396.8 352h22.4c6.4 0 12.8-6.4 12.8-12.8V108.8c0-6.4-6.4-12.8-12.8-12.8h-22.4c-6.4 0-12.8 6.4-12.8 12.8v230.4c0 6.4 6.4 12.8 12.8 12.8zm-192 0h22.4c6.4 0 12.8-6.4 12.8-12.8V140.8c0-6.4-6.4-12.8-12.8-12.8h-22.4c-6.4 0-12.8 6.4-12.8 12.8v198.4c0 6.4 6.4 12.8 12.8 12.8zm96 0h22.4c6.4 0 12.8-6.4 12.8-12.8V204.8c0-6.4-6.4-12.8-12.8-12.8h-22.4c-6.4 0-12.8 6.4-12.8 12.8v134.4c0 6.4 6.4 12.8 12.8 12.8zM496 400H48V80c0-8.84-7.16-16-16-16H16C7.16 64 0 71.16 0 80v336c0 17.67 14.33 32 32 32h464c8.84 0 16-7.16 16-16v-16c0-8.84-7.16-16-16-16zm-387.2-48h22.4c6.4 0 12.8-6.4 12.8-12.8v-70.4c0-6.4-6.4-12.8-12.8-12.8h-22.4c-6.4 0-12.8 6.4-12.8 12.8v70.4c0 6.4 6.4 12.8 12.8 12.8z\" class=\"\"><\/path><\/svg><\/i> <img loading=\"lazy\" decoding=\"async\" width=\"16\" height=\"16\" alt=\"Loading\" src=\"https:\/\/temucotelevision.cl\/web\/wp-content\/plugins\/page-views-count\/ajax-loader-2x.gif\" border=0 \/><\/p>\n<div class=\"pvc_clear\"><\/div>\n<p>La Direcci\u00f3n del Trabajo (DT) inici\u00f3 un proceso de postulaci\u00f3n para contratar a 37 fiscalizadores y 13 abogados que refuercen<\/p>\n","protected":false},"author":1,"featured_media":54517,"comment_status":"open","ping_status":"open","sticky":false,"template":"","format":"standard","meta":{"colormag_page_container_layout":"default_layout","colormag_page_sidebar_layout":"default_layout","footnotes":""},"categories":[18,14],"tags":[7121],"class_list":["post-54516","post","type-post","status-publish","format-standard","has-post-thumbnail","hentry","category-nacional","category-temuco","tag-ley-karin"],"a3_pvc":{"activated":true,"total_views":1905,"today_views":0},"_links":{"self":[{"href":"https:\/\/temucotelevision.cl\/web\/wp-json\/wp\/v2\/posts\/54516","targetHints":{"allow":["GET"]}}],"collection":[{"href":"https:\/\/temucotelevision.cl\/web\/wp-json\/wp\/v2\/posts"}],"about":[{"href":"https:\/\/temucotelevision.cl\/web\/wp-json\/wp\/v2\/types\/post"}],"author":[{"embeddable":true,"href":"https:\/\/temucotelevision.cl\/web\/wp-json\/wp\/v2\/users\/1"}],"replies":[{"embeddable":true,"href":"https:\/\/temucotelevision.cl\/web\/wp-json\/wp\/v2\/comments?post=54516"}],"version-history":[{"count":1,"href":"https:\/\/temucotelevision.cl\/web\/wp-json\/wp\/v2\/posts\/54516\/revisions"}],"predecessor-version":[{"id":54519,"href":"https:\/\/temucotelevision.cl\/web\/wp-json\/wp\/v2\/posts\/54516\/revisions\/54519"}],"wp:featuredmedia":[{"embeddable":true,"href":"https:\/\/temucotelevision.cl\/web\/wp-json\/wp\/v2\/media\/54517"}],"wp:attachment":[{"href":"https:\/\/temucotelevision.cl\/web\/wp-json\/wp\/v2\/media?parent=54516"}],"wp:term":[{"taxonomy":"category","embeddable":true,"href":"https:\/\/temucotelevision.cl\/web\/wp-json\/wp\/v2\/categories?post=54516"},{"taxonomy":"post_tag","embeddable":true,"href":"https:\/\/temucotelevision.cl\/web\/wp-json\/wp\/v2\/tags?post=54516"}],"curies":[{"name":"wp","href":"https:\/\/api.w.org\/{rel}","templated":true}]}}