{"id":54385,"date":"2024-12-27T15:27:06","date_gmt":"2024-12-27T18:27:06","guid":{"rendered":"https:\/\/temucotelevision.cl\/web\/?p=54385"},"modified":"2024-12-27T15:40:38","modified_gmt":"2024-12-27T18:40:38","slug":"nuble-cine-destaca-el-talento-emergente-de-las-escuelas-de-cine-y-ofrece-talleres-gratis-de-especializacion-cinematografica-profesional","status":"publish","type":"post","link":"https:\/\/temucotelevision.cl\/web\/2024\/12\/27\/nuble-cine-destaca-el-talento-emergente-de-las-escuelas-de-cine-y-ofrece-talleres-gratis-de-especializacion-cinematografica-profesional\/","title":{"rendered":"\u00d1uble Cine destaca el talento emergente de las escuelas de cine y ofrece talleres gratis de especializaci\u00f3n cinematogr\u00e1fica profesional"},"content":{"rendered":"<div class=\"pvc_clear\"><\/div><p id=\"pvc_stats_54385\" class=\"pvc_stats total_only  \" data-element-id=\"54385\" style=\"\"><i class=\"pvc-stats-icon large\" aria-hidden=\"true\"><svg aria-hidden=\"true\" focusable=\"false\" data-prefix=\"far\" data-icon=\"chart-bar\" role=\"img\" xmlns=\"http:\/\/www.w3.org\/2000\/svg\" viewBox=\"0 0 512 512\" class=\"svg-inline--fa fa-chart-bar fa-w-16 fa-2x\"><path fill=\"currentColor\" d=\"M396.8 352h22.4c6.4 0 12.8-6.4 12.8-12.8V108.8c0-6.4-6.4-12.8-12.8-12.8h-22.4c-6.4 0-12.8 6.4-12.8 12.8v230.4c0 6.4 6.4 12.8 12.8 12.8zm-192 0h22.4c6.4 0 12.8-6.4 12.8-12.8V140.8c0-6.4-6.4-12.8-12.8-12.8h-22.4c-6.4 0-12.8 6.4-12.8 12.8v198.4c0 6.4 6.4 12.8 12.8 12.8zm96 0h22.4c6.4 0 12.8-6.4 12.8-12.8V204.8c0-6.4-6.4-12.8-12.8-12.8h-22.4c-6.4 0-12.8 6.4-12.8 12.8v134.4c0 6.4 6.4 12.8 12.8 12.8zM496 400H48V80c0-8.84-7.16-16-16-16H16C7.16 64 0 71.16 0 80v336c0 17.67 14.33 32 32 32h464c8.84 0 16-7.16 16-16v-16c0-8.84-7.16-16-16-16zm-387.2-48h22.4c6.4 0 12.8-6.4 12.8-12.8v-70.4c0-6.4-6.4-12.8-12.8-12.8h-22.4c-6.4 0-12.8 6.4-12.8 12.8v70.4c0 6.4 6.4 12.8 12.8 12.8z\" class=\"\"><\/path><\/svg><\/i> <img loading=\"lazy\" decoding=\"async\" width=\"16\" height=\"16\" alt=\"Loading\" src=\"https:\/\/temucotelevision.cl\/web\/wp-content\/plugins\/page-views-count\/ajax-loader-2x.gif\" border=0 \/><\/p><div class=\"pvc_clear\"><\/div>\n<p class=\"has-medium-font-size\"><strong>Para participar de los talleres, las y los interesados pueden postular de forma gratuita a trav\u00e9s del enlace<\/strong>\u00a0<a href=\"https:\/\/docs.google.com\/forms\/d\/e\/1FAIpQLSfH5uci3kE8GDtO3K0WTBRlmAEnl_p0fPXAyp9H2R6aymA0rg\/viewform\" target=\"_blank\" rel=\"noreferrer noopener\"><a href=\"https:\/\/docs.google.com\/forms\/d\/e\/1FAIpQLSfH5uci3kE8GDtO3K0WTBRlmAEnl_p0fPXAyp9H2R6aymA0rg\/viewform.\">Link<\/a><a href=\"https:\/\/docs.google.com\/forms\/d\/e\/1FAIpQLSfH5uci3kE8GDtO3K0WTBRlmAEnl_p0fPXAyp9H2R6aymA0rg\/viewform\"> inscripciones<\/a><\/a>.<\/p>\n\n\n\n<p>En su sexta edici\u00f3n, el Festival de Cine Nacional de \u00d1uble anuncia una emocionante combinaci\u00f3n de talento emergente y formaci\u00f3n profesional. Con una selecci\u00f3n de 10 cortometrajes de escuelas de cine en competencia y tres talleres disponibles, el festival no solo celebra el futuro del cine chileno, sino que tambi\u00e9n fomenta el aprendizaje y el desarrollo de nuevas voces.<\/p>\n\n\n\n<p>Del&nbsp;<strong>14 al 19 de enero<\/strong>, el Teatro Municipal de Chill\u00e1n se convierte en el epicentro de la creatividad y el talento audiovisual, celebrando el futuro del cine chileno con una selecci\u00f3n de obras audiovisuales de todo el pa\u00eds, en una competencia que refleja la creatividad, innovaci\u00f3n y diversidad de las nuevas generaciones de cineastas.&nbsp;<\/p>\n\n\n\n<p><strong>Aprendizaje especializado y gratuito para el cine del futuro<\/strong><\/p>\n\n\n\n<p>El Festival de Cine Nacional de \u00d1uble reafirma su compromiso con la formaci\u00f3n y el desarrollo profesional del talento emergente a trav\u00e9s de la Universidad del Cine, un espacio educativo que ofrece talleres especializados y gratuitos, dise\u00f1ados para fortalecer habilidades t\u00e9cnicas y narrativas en distintas \u00e1reas del cine y el audiovisual.<\/p>\n\n\n\n<p>Los talleres de esta edici\u00f3n son impartidos por destacados profesionales y est\u00e1n orientados tanto a estudiantes como a entusiastas del cine, con la finalidad de acercar herramientas creativas y pr\u00e1cticas al p\u00fablico. Las actividades se desarrollar\u00e1n en las sedes de la&nbsp;<strong>Corporaci\u00f3n Cultural Municipal de Chill\u00e1n<\/strong>.<\/p>\n\n\n\n<p><strong>Taller de modelado 3D y realidad aumentada para TikTok<\/strong><\/p>\n\n\n\n<p>Impartido por la artista visual&nbsp;<strong>Poli Mujica<\/strong>. Este taller se llevar\u00e1 a cabo los d\u00edas 17 y 18 de enero<strong>&nbsp;<\/strong>y est\u00e1 dirigido a quienes deseen incursionar en la creaci\u00f3n de modelos 3D y experiencias de realidad aumentada. Los participantes aprender\u00e1n a dise\u00f1ar contenidos innovadores usando programas como Blender y Effects House, con un enfoque en la integraci\u00f3n de estas herramientas en plataformas sociales como TikTok.&nbsp;<\/p>\n\n\n\n<figure class=\"wp-block-image alignleft size-large is-resized\"><img loading=\"lazy\" decoding=\"async\" width=\"1000\" height=\"666\" src=\"https:\/\/temucotelevision.cl\/web\/wp-content\/uploads\/2024\/12\/image-2-1000x666.png\" alt=\"\" class=\"wp-image-54392\" style=\"width:493px;height:auto\" srcset=\"https:\/\/temucotelevision.cl\/web\/wp-content\/uploads\/2024\/12\/image-2-1000x666.png 1000w, https:\/\/temucotelevision.cl\/web\/wp-content\/uploads\/2024\/12\/image-2-768x512.png 768w, https:\/\/temucotelevision.cl\/web\/wp-content\/uploads\/2024\/12\/image-2-1536x1023.png 1536w, https:\/\/temucotelevision.cl\/web\/wp-content\/uploads\/2024\/12\/image-2.png 1600w\" sizes=\"auto, (max-width: 1000px) 100vw, 1000px\" \/><\/figure>\n\n\n\n<p><strong>Taller de guion<\/strong><\/p>\n\n\n\n<p>Impartido por la escritora y guionista&nbsp;<strong>Alejandra Moffat<\/strong>. Desde el 16 al 18 de enero, este taller sumerge a los asistentes en el arte de escribir para cine. A trav\u00e9s de ejercicios te\u00f3ricos y pr\u00e1cticos, se explorar\u00e1n elementos clave como estructura narrativa, personajes y tem\u00e1ticas, desde lo experimental o narrativo, para cortometrajes y largometrajes.&nbsp;<\/p>\n\n\n\n<p><strong>Taller de rodaje de videoclip&nbsp;<\/strong><\/p>\n\n\n\n<p>Impartido por el cineasta&nbsp;<strong>Bernardo Quesney<\/strong>. Est\u00e1 dirigido a personas con inter\u00e9s en transformar la m\u00fasica en historias visuales y se realizar\u00e1 del 16 al 18 de enero<strong>.<\/strong>&nbsp;Los participantes trabajar\u00e1n en la creaci\u00f3n de un videoclip, desde la conceptualizaci\u00f3n hasta el rodaje completo. Este taller est\u00e1 abierto a personas mayores de 15 a\u00f1os y no requiere experiencia previa, solo compromiso y disponibilidad para jornadas completas.<\/p>\n\n\n\n<p>Estos talleres no solo ofrecen conocimientos t\u00e9cnicos y creativos, sino que tambi\u00e9n fomentan la colaboraci\u00f3n entre asistentes, fortaleciendo la comunidad cinematogr\u00e1fica local y preparando a los futuros creadores del cine nacional. <\/p>\n\n\n\n<p><strong>Historias que conmueven y desaf\u00edan<\/strong><\/p>\n\n\n\n<p>La&nbsp;<strong>Competencia de Escuelas de Cine,&nbsp;<\/strong>presentada por<strong>&nbsp;Sony<\/strong>, incluye una selecci\u00f3n de cortometrajes que exploran tem\u00e1ticas profundas y contempor\u00e1neas a trav\u00e9s de miradas frescas y potentes. Cada obra destaca por su originalidad y capacidad de conectar con el p\u00fablico, reflejando el talento de estudiantes que est\u00e1n construyendo el futuro del cine nacional.<\/p>\n\n\n\n<p>Los 10 cortometrajes seleccionados abordan una amplia gama de tem\u00e1ticas que exploran la identidad, la memoria, la conexi\u00f3n humana y las emociones m\u00e1s profundas. Desde relatos \u00edntimos que navegan por la p\u00e9rdida y el duelo, hasta reflexiones sociales sobre la masculinidad, la dictadura y la resiliencia, estas obras destacan por su capacidad de conmover y desafiar al espectador.<\/p>\n\n\n\n<p>Entre las obras seleccionados se encuentra \u201c<strong>Antonio tiene un matrimonio<\/strong>\u201d, de Romina Leiva Romero (Instituto Profesional ARCOS); \u201c<strong>Chi(Le)Na<\/strong>\u201d, de Yoksan Xu (Pontificia Universidad Cat\u00f3lica de Chile), \u201c<strong>El cuero<\/strong>\u201d, de Jos\u00e9 Tom\u00e1s Urrutia y Hans Von Mar\u00e9es (Pontificia Universidad Cat\u00f3lica de Chile); \u201c<strong>Entre el cielo y la tierra<\/strong>\u201d de Pedro Garc\u00eda (Universidad Austral de Chile); \u201c<strong>Humboldt<\/strong>\u201d, de Beatriz Molina P\u00e1ez (Universidad de Valpara\u00edso); \u201c<strong>La noche del d\u00eda que cay\u00f3 el cielo<\/strong>\u201d, de Catalina Covarrubias (Universidad de Chile); \u201c<strong>La noche que deje atr\u00e1s<\/strong>\u201d, de Luciano Besares Barra (Universidad Academia de Humanismo Cristiano); \u201c<strong>La silla<\/strong>\u201d, de Joaqu\u00edn Bobadilla Barrera (Escuela de Cine de Chile); \u201c<strong>Opacidad<\/strong>\u201d, de David D\u00edaz Mora (Universidad Austral de Chile) y \u201c<strong>Todos comen pan<\/strong>\u201d, de Constanza Gaymer Feito (Universidad del Desarrollo).<\/p>\n\n\n\n<p><strong>Premio al talento emergente<\/strong><\/p>\n\n\n\n<p>El cortometraje ganador de la Competencia de Escuelas de Cine recibir\u00e1 una&nbsp;<strong>c\u00e1mara de cine Sony FX30<\/strong>, un equipo profesional para que narradores visuales emergentes puedan seguir desarrollando sus proyectos audiovisuales. Esta c\u00e1mara compacta y asequible forma parte de la reconocida l\u00ednea Cinema Line de Sony, ofreciendo una calidad de imagen cinematogr\u00e1fica excepcional.<\/p>\n\n\n\n<p>Su dise\u00f1o vers\u00e1til y facilidad de uso la convierten en una herramienta ideal para nuevos cineastas que buscan llevar sus proyectos al siguiente nivel. Este premio no solo reconoce el talento, sino que tambi\u00e9n proporciona a los creadores los recursos necesarios para continuar explorando y desarrollando su voz en el mundo del cine.&nbsp;<\/p>\n\n\n\n<p><strong>Una invitaci\u00f3n al cine chileno<\/strong><\/p>\n\n\n\n<p>El Festival de Cine Nacional de \u00d1uble es una celebraci\u00f3n del cine emergente y una invitaci\u00f3n al p\u00fablico para disfrutar de estas producciones de manera gratuita en el Teatro Municipal de Chill\u00e1n y comunas aleda\u00f1as desde el 14 al 19 de enero.<\/p>\n\n\n\n<p>Para m\u00e1s informaci\u00f3n sobre la programaci\u00f3n y talleres, visita las redes sociales de \u00d1uble Cine o el sitio oficial del festival&nbsp;<a href=\"http:\/\/nublecine.cl\/\" target=\"_blank\" rel=\"noreferrer noopener\">nublecine.cl<\/a><\/p>\n\n\n\n<p>El Festival de Cine Nacional de \u00d1uble es financiado por el Fondo Audiovisual Convocatoria 2025 del Ministerio de las Culturas, las Artes y el Patrimonio y realizado gracias al patrocinio de la Corporaci\u00f3n Cultural Municipal de Chill\u00e1n y el Centro de Promoci\u00f3n Cinematogr\u00e1fica de Valdivia.<\/p>\n","protected":false},"excerpt":{"rendered":"<div class=\"pvc_clear\"><\/div>\n<p id=\"pvc_stats_54385\" class=\"pvc_stats total_only  \" data-element-id=\"54385\" style=\"\"><i class=\"pvc-stats-icon large\" aria-hidden=\"true\"><svg aria-hidden=\"true\" focusable=\"false\" data-prefix=\"far\" data-icon=\"chart-bar\" role=\"img\" xmlns=\"http:\/\/www.w3.org\/2000\/svg\" viewBox=\"0 0 512 512\" class=\"svg-inline--fa fa-chart-bar fa-w-16 fa-2x\"><path fill=\"currentColor\" d=\"M396.8 352h22.4c6.4 0 12.8-6.4 12.8-12.8V108.8c0-6.4-6.4-12.8-12.8-12.8h-22.4c-6.4 0-12.8 6.4-12.8 12.8v230.4c0 6.4 6.4 12.8 12.8 12.8zm-192 0h22.4c6.4 0 12.8-6.4 12.8-12.8V140.8c0-6.4-6.4-12.8-12.8-12.8h-22.4c-6.4 0-12.8 6.4-12.8 12.8v198.4c0 6.4 6.4 12.8 12.8 12.8zm96 0h22.4c6.4 0 12.8-6.4 12.8-12.8V204.8c0-6.4-6.4-12.8-12.8-12.8h-22.4c-6.4 0-12.8 6.4-12.8 12.8v134.4c0 6.4 6.4 12.8 12.8 12.8zM496 400H48V80c0-8.84-7.16-16-16-16H16C7.16 64 0 71.16 0 80v336c0 17.67 14.33 32 32 32h464c8.84 0 16-7.16 16-16v-16c0-8.84-7.16-16-16-16zm-387.2-48h22.4c6.4 0 12.8-6.4 12.8-12.8v-70.4c0-6.4-6.4-12.8-12.8-12.8h-22.4c-6.4 0-12.8 6.4-12.8 12.8v70.4c0 6.4 6.4 12.8 12.8 12.8z\" class=\"\"><\/path><\/svg><\/i> <img loading=\"lazy\" decoding=\"async\" width=\"16\" height=\"16\" alt=\"Loading\" src=\"https:\/\/temucotelevision.cl\/web\/wp-content\/plugins\/page-views-count\/ajax-loader-2x.gif\" border=0 \/><\/p>\n<div class=\"pvc_clear\"><\/div>\n<p>Para participar de los talleres, las y los interesados pueden postular de forma gratuita a trav\u00e9s del enlace\u00a0Link inscripciones. En<\/p>\n","protected":false},"author":143,"featured_media":54386,"comment_status":"open","ping_status":"open","sticky":false,"template":"","format":"standard","meta":{"colormag_page_container_layout":"default_layout","colormag_page_sidebar_layout":"default_layout","footnotes":""},"categories":[18,86],"tags":[],"class_list":["post-54385","post","type-post","status-publish","format-standard","has-post-thumbnail","hentry","category-nacional","category-panoramas"],"a3_pvc":{"activated":true,"total_views":60,"today_views":0},"_links":{"self":[{"href":"https:\/\/temucotelevision.cl\/web\/wp-json\/wp\/v2\/posts\/54385","targetHints":{"allow":["GET"]}}],"collection":[{"href":"https:\/\/temucotelevision.cl\/web\/wp-json\/wp\/v2\/posts"}],"about":[{"href":"https:\/\/temucotelevision.cl\/web\/wp-json\/wp\/v2\/types\/post"}],"author":[{"embeddable":true,"href":"https:\/\/temucotelevision.cl\/web\/wp-json\/wp\/v2\/users\/143"}],"replies":[{"embeddable":true,"href":"https:\/\/temucotelevision.cl\/web\/wp-json\/wp\/v2\/comments?post=54385"}],"version-history":[{"count":6,"href":"https:\/\/temucotelevision.cl\/web\/wp-json\/wp\/v2\/posts\/54385\/revisions"}],"predecessor-version":[{"id":54394,"href":"https:\/\/temucotelevision.cl\/web\/wp-json\/wp\/v2\/posts\/54385\/revisions\/54394"}],"wp:featuredmedia":[{"embeddable":true,"href":"https:\/\/temucotelevision.cl\/web\/wp-json\/wp\/v2\/media\/54386"}],"wp:attachment":[{"href":"https:\/\/temucotelevision.cl\/web\/wp-json\/wp\/v2\/media?parent=54385"}],"wp:term":[{"taxonomy":"category","embeddable":true,"href":"https:\/\/temucotelevision.cl\/web\/wp-json\/wp\/v2\/categories?post=54385"},{"taxonomy":"post_tag","embeddable":true,"href":"https:\/\/temucotelevision.cl\/web\/wp-json\/wp\/v2\/tags?post=54385"}],"curies":[{"name":"wp","href":"https:\/\/api.w.org\/{rel}","templated":true}]}}