{"id":54307,"date":"2024-12-20T23:39:56","date_gmt":"2024-12-21T02:39:56","guid":{"rendered":"https:\/\/temucotelevision.cl\/web\/?p=54307"},"modified":"2024-12-20T23:41:52","modified_gmt":"2024-12-21T02:41:52","slug":"alcaldesa-de-pitrufquen-y-dirigentes-de-comuy-esperan-que-la-corte-de-apelaciones-resuelva-exigir-al-mop-intervenir-socavon-de-huefel-antes-que-ocurra-una-tragedia","status":"publish","type":"post","link":"https:\/\/temucotelevision.cl\/web\/2024\/12\/20\/alcaldesa-de-pitrufquen-y-dirigentes-de-comuy-esperan-que-la-corte-de-apelaciones-resuelva-exigir-al-mop-intervenir-socavon-de-huefel-antes-que-ocurra-una-tragedia\/","title":{"rendered":"Corte de Apelaciones decidir\u00e1 el futuro del socav\u00f3n de Huefel: Alcaldesa y dirigentes exigen acci\u00f3n del MOP"},"content":{"rendered":"<div class=\"pvc_clear\"><\/div><p id=\"pvc_stats_54307\" class=\"pvc_stats total_only  \" data-element-id=\"54307\" style=\"\"><i class=\"pvc-stats-icon large\" aria-hidden=\"true\"><svg aria-hidden=\"true\" focusable=\"false\" data-prefix=\"far\" data-icon=\"chart-bar\" role=\"img\" xmlns=\"http:\/\/www.w3.org\/2000\/svg\" viewBox=\"0 0 512 512\" class=\"svg-inline--fa fa-chart-bar fa-w-16 fa-2x\"><path fill=\"currentColor\" d=\"M396.8 352h22.4c6.4 0 12.8-6.4 12.8-12.8V108.8c0-6.4-6.4-12.8-12.8-12.8h-22.4c-6.4 0-12.8 6.4-12.8 12.8v230.4c0 6.4 6.4 12.8 12.8 12.8zm-192 0h22.4c6.4 0 12.8-6.4 12.8-12.8V140.8c0-6.4-6.4-12.8-12.8-12.8h-22.4c-6.4 0-12.8 6.4-12.8 12.8v198.4c0 6.4 6.4 12.8 12.8 12.8zm96 0h22.4c6.4 0 12.8-6.4 12.8-12.8V204.8c0-6.4-6.4-12.8-12.8-12.8h-22.4c-6.4 0-12.8 6.4-12.8 12.8v134.4c0 6.4 6.4 12.8 12.8 12.8zM496 400H48V80c0-8.84-7.16-16-16-16H16C7.16 64 0 71.16 0 80v336c0 17.67 14.33 32 32 32h464c8.84 0 16-7.16 16-16v-16c0-8.84-7.16-16-16-16zm-387.2-48h22.4c6.4 0 12.8-6.4 12.8-12.8v-70.4c0-6.4-6.4-12.8-12.8-12.8h-22.4c-6.4 0-12.8 6.4-12.8 12.8v70.4c0 6.4 6.4 12.8 12.8 12.8z\" class=\"\"><\/path><\/svg><\/i> <img loading=\"lazy\" decoding=\"async\" width=\"16\" height=\"16\" alt=\"Loading\" src=\"https:\/\/temucotelevision.cl\/web\/wp-content\/plugins\/page-views-count\/ajax-loader-2x.gif\" border=0 \/><\/p><div class=\"pvc_clear\"><\/div>\n<p>Ser\u00e1 la Corte de Apelaciones de Temuco la que deber\u00e1 resolver sobre los recientes alegatos presentados por los abogados representantes de la Junta de Vecinos de Comuy, la comunidad ind\u00edgena Huefel Mapu y la Municipalidad de Pitrufqu\u00e9n; en el marco del recurso de protecci\u00f3n presentado contra el MOP ante el riesgo inminente provocado por el socav\u00f3n existente aleda\u00f1o a la ruta S-70.<\/p>\n\n\n\n<p>La alcaldesa de Pitrufqu\u00e9n Jacqueline Romero Inzunza junto al concejal Osvaldo Villarroel y dirigentes y vecinos del sector, asistieron a la Segunda Sala del Tribunal de Alzada para escuchar dichos alegatos.&nbsp;<\/p>\n\n\n\n<p>Tras la audiencia, la autoridad edilicia afirm\u00f3 la necesidad que los jueces de la Corte resuelvan exigir al MOP concretar los estudios e inversiones necesarios para propiciar un \u201cenrocamiento\u201d de la ribera del R\u00edo Tolt\u00e9n a fin de que no contin\u00fae el desmoronamiento de material y la consecuente afectaci\u00f3n de la ruta S-70 que une a Pitrufqu\u00e9n con Tolt\u00e9n.<\/p>\n\n\n\n<p><strong>PELIGRO<\/strong><\/p>\n\n\n\n<p>\u201cEstamos ante una situaci\u00f3n muy peligrosa. Hay mucho tr\u00e1fico por el lugar; pasan camiones de alto tonelaje, y cada vez vemos que el socav\u00f3n sigue creciendo. Da p\u00e1nico pasar por ah\u00ed. Entonces lo que estamos solicitando con este recurso es que el MOP agilice los procesos ya que esto se viene advirtiendo desde el a\u00f1o 2016. Hasta ahora el MOP s\u00f3lo dispuso correr la ruta con una tercera v\u00eda, pero esa no es la soluci\u00f3n. La soluci\u00f3n es enrocar ese sector y esperamos que esa acci\u00f3n sea acogida por el tribunal antes que ocurra alg\u00fan accidente que debamos lamentar\u201d, indic\u00f3 la Alcaldesa Jacqueline Romero Inzunza.<\/p>\n\n\n\n<p>Con pancartas en mano, fuera de la Corte, dirigentes afectados por este accidente geogr\u00e1fico advierten que es muy posible que el terreno siga cediendo y con ello, que la ruta colapse; por lo que est\u00e1n muy preocupados por lo que pueda ocurrir.<\/p>\n\n\n\n<p>\u201cNosotros estamos apoyando este recurso de protecci\u00f3n contra el MOP por el socav\u00f3n. No alegamos que el MOP no est\u00e9 trabajando por solucionar el problema, pero lo que aqu\u00ed se requiere es otra intervenci\u00f3n donde no s\u00f3lo est\u00e9 presente Vialidad sino que la DOH para terminar con el socav\u00f3n y evitar los riesgos que tenemos las m\u00e1s de 4 mil personas que vivimos y transitamos en ese territorio en buses intercomunales, buses escolares y veh\u00edculos propios. Ojal\u00e1 la Corte tom\u00e9 este recurso y nos d\u00e9 una soluci\u00f3n por el bien de todos\u201d, se\u00f1al\u00f3 Carol Herrera, Presidenta de la JJVV de Comuy.<\/p>\n\n\n\n<p><strong>MOP&nbsp;<\/strong><\/p>\n\n\n\n<p>En su alegato el representante del MOP afirm\u00f3 que como organismo p\u00fablico se ha atendido la demanda de la poblaci\u00f3n con la edificaci\u00f3n de una tercera ruta que fue entregada hace pocos meses, y que se han realizado las tareas de conservaci\u00f3n del camino establecidos por ley.&nbsp;<\/p>\n","protected":false},"excerpt":{"rendered":"<div class=\"pvc_clear\"><\/div>\n<p id=\"pvc_stats_54307\" class=\"pvc_stats total_only  \" data-element-id=\"54307\" style=\"\"><i class=\"pvc-stats-icon large\" aria-hidden=\"true\"><svg aria-hidden=\"true\" focusable=\"false\" data-prefix=\"far\" data-icon=\"chart-bar\" role=\"img\" xmlns=\"http:\/\/www.w3.org\/2000\/svg\" viewBox=\"0 0 512 512\" class=\"svg-inline--fa fa-chart-bar fa-w-16 fa-2x\"><path fill=\"currentColor\" d=\"M396.8 352h22.4c6.4 0 12.8-6.4 12.8-12.8V108.8c0-6.4-6.4-12.8-12.8-12.8h-22.4c-6.4 0-12.8 6.4-12.8 12.8v230.4c0 6.4 6.4 12.8 12.8 12.8zm-192 0h22.4c6.4 0 12.8-6.4 12.8-12.8V140.8c0-6.4-6.4-12.8-12.8-12.8h-22.4c-6.4 0-12.8 6.4-12.8 12.8v198.4c0 6.4 6.4 12.8 12.8 12.8zm96 0h22.4c6.4 0 12.8-6.4 12.8-12.8V204.8c0-6.4-6.4-12.8-12.8-12.8h-22.4c-6.4 0-12.8 6.4-12.8 12.8v134.4c0 6.4 6.4 12.8 12.8 12.8zM496 400H48V80c0-8.84-7.16-16-16-16H16C7.16 64 0 71.16 0 80v336c0 17.67 14.33 32 32 32h464c8.84 0 16-7.16 16-16v-16c0-8.84-7.16-16-16-16zm-387.2-48h22.4c6.4 0 12.8-6.4 12.8-12.8v-70.4c0-6.4-6.4-12.8-12.8-12.8h-22.4c-6.4 0-12.8 6.4-12.8 12.8v70.4c0 6.4 6.4 12.8 12.8 12.8z\" class=\"\"><\/path><\/svg><\/i> <img loading=\"lazy\" decoding=\"async\" width=\"16\" height=\"16\" alt=\"Loading\" src=\"https:\/\/temucotelevision.cl\/web\/wp-content\/plugins\/page-views-count\/ajax-loader-2x.gif\" border=0 \/><\/p>\n<div class=\"pvc_clear\"><\/div>\n<p>Ser\u00e1 la Corte de Apelaciones de Temuco la que deber\u00e1 resolver sobre los recientes alegatos presentados por los abogados representantes<\/p>\n","protected":false},"author":1,"featured_media":54308,"comment_status":"open","ping_status":"open","sticky":false,"template":"","format":"standard","meta":{"colormag_page_container_layout":"default_layout","colormag_page_sidebar_layout":"default_layout","footnotes":""},"categories":[14],"tags":[2789],"class_list":["post-54307","post","type-post","status-publish","format-standard","has-post-thumbnail","hentry","category-temuco","tag-socavon"],"a3_pvc":{"activated":true,"total_views":1208,"today_views":0},"_links":{"self":[{"href":"https:\/\/temucotelevision.cl\/web\/wp-json\/wp\/v2\/posts\/54307","targetHints":{"allow":["GET"]}}],"collection":[{"href":"https:\/\/temucotelevision.cl\/web\/wp-json\/wp\/v2\/posts"}],"about":[{"href":"https:\/\/temucotelevision.cl\/web\/wp-json\/wp\/v2\/types\/post"}],"author":[{"embeddable":true,"href":"https:\/\/temucotelevision.cl\/web\/wp-json\/wp\/v2\/users\/1"}],"replies":[{"embeddable":true,"href":"https:\/\/temucotelevision.cl\/web\/wp-json\/wp\/v2\/comments?post=54307"}],"version-history":[{"count":2,"href":"https:\/\/temucotelevision.cl\/web\/wp-json\/wp\/v2\/posts\/54307\/revisions"}],"predecessor-version":[{"id":54310,"href":"https:\/\/temucotelevision.cl\/web\/wp-json\/wp\/v2\/posts\/54307\/revisions\/54310"}],"wp:featuredmedia":[{"embeddable":true,"href":"https:\/\/temucotelevision.cl\/web\/wp-json\/wp\/v2\/media\/54308"}],"wp:attachment":[{"href":"https:\/\/temucotelevision.cl\/web\/wp-json\/wp\/v2\/media?parent=54307"}],"wp:term":[{"taxonomy":"category","embeddable":true,"href":"https:\/\/temucotelevision.cl\/web\/wp-json\/wp\/v2\/categories?post=54307"},{"taxonomy":"post_tag","embeddable":true,"href":"https:\/\/temucotelevision.cl\/web\/wp-json\/wp\/v2\/tags?post=54307"}],"curies":[{"name":"wp","href":"https:\/\/api.w.org\/{rel}","templated":true}]}}