{"id":53997,"date":"2024-12-02T22:29:04","date_gmt":"2024-12-03T01:29:04","guid":{"rendered":"https:\/\/temucotelevision.cl\/web\/?p=53997"},"modified":"2024-12-02T22:29:05","modified_gmt":"2024-12-03T01:29:05","slug":"perimetro-de-exclusion-en-temuco-y-padre-las-casas-mejoras-en-frecuencia-y-tarifas","status":"publish","type":"post","link":"https:\/\/temucotelevision.cl\/web\/2024\/12\/02\/perimetro-de-exclusion-en-temuco-y-padre-las-casas-mejoras-en-frecuencia-y-tarifas\/","title":{"rendered":"Per\u00edmetro de Exclusi\u00f3n en Temuco y Padre Las Casas: Mejoras en frecuencia y tarifas"},"content":{"rendered":"<div class=\"pvc_clear\"><\/div><p id=\"pvc_stats_53997\" class=\"pvc_stats total_only  \" data-element-id=\"53997\" style=\"\"><i class=\"pvc-stats-icon large\" aria-hidden=\"true\"><svg aria-hidden=\"true\" focusable=\"false\" data-prefix=\"far\" data-icon=\"chart-bar\" role=\"img\" xmlns=\"http:\/\/www.w3.org\/2000\/svg\" viewBox=\"0 0 512 512\" class=\"svg-inline--fa fa-chart-bar fa-w-16 fa-2x\"><path fill=\"currentColor\" d=\"M396.8 352h22.4c6.4 0 12.8-6.4 12.8-12.8V108.8c0-6.4-6.4-12.8-12.8-12.8h-22.4c-6.4 0-12.8 6.4-12.8 12.8v230.4c0 6.4 6.4 12.8 12.8 12.8zm-192 0h22.4c6.4 0 12.8-6.4 12.8-12.8V140.8c0-6.4-6.4-12.8-12.8-12.8h-22.4c-6.4 0-12.8 6.4-12.8 12.8v198.4c0 6.4 6.4 12.8 12.8 12.8zm96 0h22.4c6.4 0 12.8-6.4 12.8-12.8V204.8c0-6.4-6.4-12.8-12.8-12.8h-22.4c-6.4 0-12.8 6.4-12.8 12.8v134.4c0 6.4 6.4 12.8 12.8 12.8zM496 400H48V80c0-8.84-7.16-16-16-16H16C7.16 64 0 71.16 0 80v336c0 17.67 14.33 32 32 32h464c8.84 0 16-7.16 16-16v-16c0-8.84-7.16-16-16-16zm-387.2-48h22.4c6.4 0 12.8-6.4 12.8-12.8v-70.4c0-6.4-6.4-12.8-12.8-12.8h-22.4c-6.4 0-12.8 6.4-12.8 12.8v70.4c0 6.4 6.4 12.8 12.8 12.8z\" class=\"\"><\/path><\/svg><\/i> <img loading=\"lazy\" decoding=\"async\" width=\"16\" height=\"16\" alt=\"Loading\" src=\"https:\/\/temucotelevision.cl\/web\/wp-content\/plugins\/page-views-count\/ajax-loader-2x.gif\" border=0 \/><\/p><div class=\"pvc_clear\"><\/div>\n<ul class=\"wp-block-list\">\n<li><em>La nueva regulaci\u00f3n del transporte p\u00fablico permitir\u00e1 regular las frecuencias m\u00ednimas para entregar mayor certeza de operaci\u00f3n a los usuarios, y adem\u00e1s garantizar\u00e1 frecuencias los fines de semana, elemento que ha sido muy reclamado por la ciudadan\u00eda.\u00a0<\/em><\/li>\n<\/ul>\n\n\n\n<ul class=\"wp-block-list\">\n<li><em>Asimismo, el ministro Juan Carlos Mu\u00f1oz afirm\u00f3 que el per\u00edmetro conlleva una baja de $50 en el valor del pasaje, desde este lunes 2 de diciembre.\u00a0<\/em><\/li>\n<\/ul>\n\n\n\n<p>El ministro de Transportes y Telecomunicaciones, Juan Carlos Mu\u00f1oz, lleg\u00f3 hasta Temuco donde se reuni\u00f3 con autoridades locales y vecinos, para anunciar el inicio del per\u00edmetro de exclusi\u00f3n que no s\u00f3lo permitir\u00e1 mejorar la frecuencia, sino que tambi\u00e9n entregar\u00e1 mayor cobertura horaria de los servicios para dar una mejor experiencia para las usuarias y usuarios.<\/p>\n\n\n\n<p>La regulaci\u00f3n estar\u00e1 compuesta por 860 buses, distribuidos en 34 servicios que ser\u00e1n operados por 10 unidades de servicio y beneficiar\u00e1 a usuarios de Temuco y Padre Las Casas (nor Poniente, norte, oriente, sur poniente, Padre Las Casas, Fundo El Carmen).<\/p>\n\n\n\n<p>\u201cEstamos contentos de lo que estamos viviendo hoy d\u00eda aqu\u00ed en Temuco y Padre Las Casas, dando inicio a este per\u00edmetro de exclusi\u00f3n que est\u00e1 estructurado con 10 empresas que realizan 34 recorridos con 860 buses. Ya lleva una semana operando y los indicadores han mostrado que las empresas, de acuerdo a lo que vamos registrando en el ministerio, muestran un muy buen desempe\u00f1o. Todo esto habla del esfuerzo que estamos haciendo como Gobierno por ir mejorando el transporte p\u00fablico y cerrando esa brecha de calidad que es tan visible en regiones, respecto a lo que tenemos en Santiago\u201d, dijo el ministro Mu\u00f1oz.<\/p>\n\n\n\n<p>La autoridad afirm\u00f3 que los buses que circulan en el per\u00edmetro modernizar\u00e1n su sistema e integrar\u00e1n recaudo electr\u00f3nico. Asimismo, asegur\u00f3 que la puesta en marcha de la regulaci\u00f3n, tambi\u00e9n implica \u201cla reducci\u00f3n de la tarifa en $50 pesos, es decir, cada una de las tarifas que ustedes ven aqu\u00ed desplegadas en las lunetas de los buses va a bajar en 50 pesos, a partir de hoy, lo que tambi\u00e9n es una muy buena noticia\u201d, concluy\u00f3.<\/p>\n\n\n\n<p>Por su parte, el delegado presidencial de La Araucan\u00eda, Eduardo Abdala, enfatiz\u00f3 que era importante recordar que \u201cesta conversaci\u00f3n comenz\u00f3 hace cerca de 10 a\u00f1os y quiero agradecer a quienes tuvieron disposici\u00f3n para alcanzar este acuerdo. La buena noticia de la mejora del transporte p\u00fablico, es apuntar a tratar de reducir la congesti\u00f3n vehicular de ambas comunas\u201d.<\/p>\n\n\n\n<p>El alcalde de Padre Las Casas, Mario Gonz\u00e1lez, sostuvo que los vecinos y vecinas, sobre todo los que viven en sectores apartados como San Ram\u00f3n, van a contar con una mejor frecuencia, por lo que agradeci\u00f3 el avance. Por su parte, el alcalde de Temuco, Roberto Neira, asegur\u00f3 que esto es muy importante para la ciudad, a nivel tecnol\u00f3gico y para el bolsillo, con la disminuci\u00f3n de la tarifa.<\/p>\n\n\n\n<p>En sinton\u00eda con lo anterior, la Federaci\u00f3n de Conductores, liderada por Marcelo Aurolo, expres\u00f3 su conformidad con la rebaja tarifaria, destacando que esta medida beneficia directamente a los usuarios.<\/p>\n\n\n\n<p><strong>Recaudo electr\u00f3nico<\/strong><\/p>\n\n\n\n<p>El MTT trabaja para modernizar el sistema de transporte con nuevas y mejores alternativas de pago. En este marco, Temuco se sumar\u00e1 a este proyecto del pago electr\u00f3nico con el fin de mejorar la seguridad de usuarios y conductores al eliminar el uso del efectivo, as\u00ed como tambi\u00e9n, mejorar las condiciones de acceso de los grupos de usuarios con beneficio de rebaja tarifaria (estudiantes y personas mayores).<\/p>\n\n\n\n<p>\u201cSe est\u00e1 avanzando en una licitaci\u00f3n que ya se adjudic\u00f3, cuya empresa est\u00e1 designada para instaurar en todos los buses de Temuco y Padre Las Casas un sistema de recaudo electr\u00f3nico similar al que tenemos en Chill\u00e1n, lo que va a permitir a las personas poder acceder a los buses de la ciudad a trav\u00e9s de una tarjeta magn\u00e9tica o a trav\u00e9s de un c\u00f3digo QR o incluso a trav\u00e9s de las tarjetas bancarias\u201d, dijo el ministro Juan Carlos Mu\u00f1oz.<\/p>\n\n\n\n<p><a><\/a>En la ocasi\u00f3n, el ministro Mu\u00f1oz anunci\u00f3 el dise\u00f1o de la futura tarjeta que plasmar\u00e1 el Puente Treng Treng Kay Kay, tanto para la tarjeta de adulto como tambi\u00e9n para la tarjeta de persona mayor.<\/p>\n\n\n\n<p>Es as\u00ed como se espera que durante el primer semestre los buses cuenten con los validadores, no obstante, su aplicaci\u00f3n ser\u00e1 de forma paulatina, integrando el pago electr\u00f3nico y efectivo, para as\u00ed, ayudar, preparar y educar a los usuarios y usuarias para retirar definitivamente el dinero en efectivo de los microbuses.<\/p>\n","protected":false},"excerpt":{"rendered":"<div class=\"pvc_clear\"><\/div>\n<p id=\"pvc_stats_53997\" class=\"pvc_stats total_only  \" data-element-id=\"53997\" style=\"\"><i class=\"pvc-stats-icon large\" aria-hidden=\"true\"><svg aria-hidden=\"true\" focusable=\"false\" data-prefix=\"far\" data-icon=\"chart-bar\" role=\"img\" xmlns=\"http:\/\/www.w3.org\/2000\/svg\" viewBox=\"0 0 512 512\" class=\"svg-inline--fa fa-chart-bar fa-w-16 fa-2x\"><path fill=\"currentColor\" d=\"M396.8 352h22.4c6.4 0 12.8-6.4 12.8-12.8V108.8c0-6.4-6.4-12.8-12.8-12.8h-22.4c-6.4 0-12.8 6.4-12.8 12.8v230.4c0 6.4 6.4 12.8 12.8 12.8zm-192 0h22.4c6.4 0 12.8-6.4 12.8-12.8V140.8c0-6.4-6.4-12.8-12.8-12.8h-22.4c-6.4 0-12.8 6.4-12.8 12.8v198.4c0 6.4 6.4 12.8 12.8 12.8zm96 0h22.4c6.4 0 12.8-6.4 12.8-12.8V204.8c0-6.4-6.4-12.8-12.8-12.8h-22.4c-6.4 0-12.8 6.4-12.8 12.8v134.4c0 6.4 6.4 12.8 12.8 12.8zM496 400H48V80c0-8.84-7.16-16-16-16H16C7.16 64 0 71.16 0 80v336c0 17.67 14.33 32 32 32h464c8.84 0 16-7.16 16-16v-16c0-8.84-7.16-16-16-16zm-387.2-48h22.4c6.4 0 12.8-6.4 12.8-12.8v-70.4c0-6.4-6.4-12.8-12.8-12.8h-22.4c-6.4 0-12.8 6.4-12.8 12.8v70.4c0 6.4 6.4 12.8 12.8 12.8z\" class=\"\"><\/path><\/svg><\/i> <img loading=\"lazy\" decoding=\"async\" width=\"16\" height=\"16\" alt=\"Loading\" src=\"https:\/\/temucotelevision.cl\/web\/wp-content\/plugins\/page-views-count\/ajax-loader-2x.gif\" border=0 \/><\/p>\n<div class=\"pvc_clear\"><\/div>\n<p>El ministro de Transportes y Telecomunicaciones, Juan Carlos Mu\u00f1oz, lleg\u00f3 hasta Temuco donde se reuni\u00f3 con autoridades locales y vecinos,<\/p>\n","protected":false},"author":1,"featured_media":53998,"comment_status":"open","ping_status":"open","sticky":false,"template":"","format":"standard","meta":{"colormag_page_container_layout":"default_layout","colormag_page_sidebar_layout":"default_layout","footnotes":""},"categories":[15],"tags":[706],"class_list":["post-53997","post","type-post","status-publish","format-standard","has-post-thumbnail","hentry","category-la-araucania","tag-transporte"],"a3_pvc":{"activated":true,"total_views":4311,"today_views":0},"_links":{"self":[{"href":"https:\/\/temucotelevision.cl\/web\/wp-json\/wp\/v2\/posts\/53997","targetHints":{"allow":["GET"]}}],"collection":[{"href":"https:\/\/temucotelevision.cl\/web\/wp-json\/wp\/v2\/posts"}],"about":[{"href":"https:\/\/temucotelevision.cl\/web\/wp-json\/wp\/v2\/types\/post"}],"author":[{"embeddable":true,"href":"https:\/\/temucotelevision.cl\/web\/wp-json\/wp\/v2\/users\/1"}],"replies":[{"embeddable":true,"href":"https:\/\/temucotelevision.cl\/web\/wp-json\/wp\/v2\/comments?post=53997"}],"version-history":[{"count":1,"href":"https:\/\/temucotelevision.cl\/web\/wp-json\/wp\/v2\/posts\/53997\/revisions"}],"predecessor-version":[{"id":53999,"href":"https:\/\/temucotelevision.cl\/web\/wp-json\/wp\/v2\/posts\/53997\/revisions\/53999"}],"wp:featuredmedia":[{"embeddable":true,"href":"https:\/\/temucotelevision.cl\/web\/wp-json\/wp\/v2\/media\/53998"}],"wp:attachment":[{"href":"https:\/\/temucotelevision.cl\/web\/wp-json\/wp\/v2\/media?parent=53997"}],"wp:term":[{"taxonomy":"category","embeddable":true,"href":"https:\/\/temucotelevision.cl\/web\/wp-json\/wp\/v2\/categories?post=53997"},{"taxonomy":"post_tag","embeddable":true,"href":"https:\/\/temucotelevision.cl\/web\/wp-json\/wp\/v2\/tags?post=53997"}],"curies":[{"name":"wp","href":"https:\/\/api.w.org\/{rel}","templated":true}]}}