{"id":53947,"date":"2024-11-30T13:41:01","date_gmt":"2024-11-30T16:41:01","guid":{"rendered":"https:\/\/temucotelevision.cl\/web\/?p=53947"},"modified":"2024-11-30T13:41:03","modified_gmt":"2024-11-30T16:41:03","slug":"villarrica-ajusta-tarifas-de-transporte-publico-desde-el-9-de-diciembre","status":"publish","type":"post","link":"https:\/\/temucotelevision.cl\/web\/2024\/11\/30\/villarrica-ajusta-tarifas-de-transporte-publico-desde-el-9-de-diciembre\/","title":{"rendered":"Villarrica ajusta tarifas de transporte p\u00fablico desde el 9 de diciembre"},"content":{"rendered":"<div class=\"pvc_clear\"><\/div><p id=\"pvc_stats_53947\" class=\"pvc_stats total_only  \" data-element-id=\"53947\" style=\"\"><i class=\"pvc-stats-icon large\" aria-hidden=\"true\"><svg aria-hidden=\"true\" focusable=\"false\" data-prefix=\"far\" data-icon=\"chart-bar\" role=\"img\" xmlns=\"http:\/\/www.w3.org\/2000\/svg\" viewBox=\"0 0 512 512\" class=\"svg-inline--fa fa-chart-bar fa-w-16 fa-2x\"><path fill=\"currentColor\" d=\"M396.8 352h22.4c6.4 0 12.8-6.4 12.8-12.8V108.8c0-6.4-6.4-12.8-12.8-12.8h-22.4c-6.4 0-12.8 6.4-12.8 12.8v230.4c0 6.4 6.4 12.8 12.8 12.8zm-192 0h22.4c6.4 0 12.8-6.4 12.8-12.8V140.8c0-6.4-6.4-12.8-12.8-12.8h-22.4c-6.4 0-12.8 6.4-12.8 12.8v198.4c0 6.4 6.4 12.8 12.8 12.8zm96 0h22.4c6.4 0 12.8-6.4 12.8-12.8V204.8c0-6.4-6.4-12.8-12.8-12.8h-22.4c-6.4 0-12.8 6.4-12.8 12.8v134.4c0 6.4 6.4 12.8 12.8 12.8zM496 400H48V80c0-8.84-7.16-16-16-16H16C7.16 64 0 71.16 0 80v336c0 17.67 14.33 32 32 32h464c8.84 0 16-7.16 16-16v-16c0-8.84-7.16-16-16-16zm-387.2-48h22.4c6.4 0 12.8-6.4 12.8-12.8v-70.4c0-6.4-6.4-12.8-12.8-12.8h-22.4c-6.4 0-12.8 6.4-12.8 12.8v70.4c0 6.4 6.4 12.8 12.8 12.8z\" class=\"\"><\/path><\/svg><\/i> <img loading=\"lazy\" decoding=\"async\" width=\"16\" height=\"16\" alt=\"Loading\" src=\"https:\/\/temucotelevision.cl\/web\/wp-content\/plugins\/page-views-count\/ajax-loader-2x.gif\" border=0 \/><\/p><div class=\"pvc_clear\"><\/div>\n<ul class=\"wp-block-list\">\n<li><em>El Ministerio de Transportes y Telecomunicaciones inform\u00f3 un ajuste del pasaje adultos en $<\/em><em>10<\/em><em>, en el marco del proceso gradual de descongelamiento de las tarifas del transporte p\u00fablico de buses.\u00a0<\/em><\/li>\n<\/ul>\n\n\n\n<p><strong>Viernes 29 de noviembre de 2024.-<\/strong>&nbsp;El Ministerio de Transportes y Telecomunicaciones anunci\u00f3 un ajuste de $10 pesos en el pasaje del transporte p\u00fablico en la comuna de Villarrica, aplic\u00e1ndose desde el 9 de diciembre de este a\u00f1o.&nbsp;<\/p>\n\n\n\n<p>Al respecto, la seremi de Transportes y Telecomunicaciones de la regi\u00f3n, Mary Valdebenito, asegur\u00f3: \u201cEstamos anunciando este reajuste de la tarifa de los pasajes del transporte p\u00fablico mayor, para el sistema de la comuna Villarrica, entendiendo que es un proceso que debe ser gradual, para no afectar los bolsillos de las familias. Comprendemos el valor del transporte en la vida de las personas y esta modificaci\u00f3n nos permite pensar en seguir avanzando en proyectos que mejoren la calidad de vida y entreguen mejores servicios a todos los habitantes de Villarrica\u201d.<\/p>\n\n\n\n<p>El MTT trabaja para apoyar a todas las personas que viven en zonas urbanas, rurales, apartadas o aisladas para que puedan movilizarse de forma digna. Lo mismo con miles de escolares que pueden llegar a sus lugares de educaci\u00f3n gracias a los veh\u00edculos subsidiados por el ministerio.&nbsp;<\/p>\n\n\n\n<p>De esta forma, las tarifas quedar\u00e1n en Villarrica:&nbsp;<\/p>\n\n\n\n<p>Local:<\/p>\n\n\n\n<ul class=\"wp-block-list\">\n<li>Adulto: $510<\/li>\n\n\n\n<li>Adulto Mayor: $250<\/li>\n\n\n\n<li>Escolar: $170<\/li>\n<\/ul>\n\n\n\n<p>\u00d1ancul:<\/p>\n\n\n\n<ul class=\"wp-block-list\">\n<li>Adulto: $560<\/li>\n\n\n\n<li>Adulto Mayor: $280<\/li>\n\n\n\n<li>Escolar: $180<\/li>\n<\/ul>\n\n\n\n<p>Cabe destacar que las tarifas del transporte p\u00fablico regulado en regiones se establecen mediante un polinomio y var\u00edan seg\u00fan factores externos como el valor del di\u00e9sel, del d\u00f3lar, la inflaci\u00f3n, entre otras.&nbsp;<\/p>\n\n\n\n<p>Esta modificaci\u00f3n de tarifa permitir\u00e1 al Ministerio de Transportes y Telecomunicaciones optimizar recursos para as\u00ed, impulsar el desarrollo de m\u00e1s y mejor transporte p\u00fablico en regiones, fomentando no s\u00f3lo la descentralizaci\u00f3n, sino que tambi\u00e9n la equidad territorial y la modernizaci\u00f3n mediante diversos proyectos propios y colaborativos.&nbsp;<\/p>\n","protected":false},"excerpt":{"rendered":"<div class=\"pvc_clear\"><\/div>\n<p id=\"pvc_stats_53947\" class=\"pvc_stats total_only  \" data-element-id=\"53947\" style=\"\"><i class=\"pvc-stats-icon large\" aria-hidden=\"true\"><svg aria-hidden=\"true\" focusable=\"false\" data-prefix=\"far\" data-icon=\"chart-bar\" role=\"img\" xmlns=\"http:\/\/www.w3.org\/2000\/svg\" viewBox=\"0 0 512 512\" class=\"svg-inline--fa fa-chart-bar fa-w-16 fa-2x\"><path fill=\"currentColor\" d=\"M396.8 352h22.4c6.4 0 12.8-6.4 12.8-12.8V108.8c0-6.4-6.4-12.8-12.8-12.8h-22.4c-6.4 0-12.8 6.4-12.8 12.8v230.4c0 6.4 6.4 12.8 12.8 12.8zm-192 0h22.4c6.4 0 12.8-6.4 12.8-12.8V140.8c0-6.4-6.4-12.8-12.8-12.8h-22.4c-6.4 0-12.8 6.4-12.8 12.8v198.4c0 6.4 6.4 12.8 12.8 12.8zm96 0h22.4c6.4 0 12.8-6.4 12.8-12.8V204.8c0-6.4-6.4-12.8-12.8-12.8h-22.4c-6.4 0-12.8 6.4-12.8 12.8v134.4c0 6.4 6.4 12.8 12.8 12.8zM496 400H48V80c0-8.84-7.16-16-16-16H16C7.16 64 0 71.16 0 80v336c0 17.67 14.33 32 32 32h464c8.84 0 16-7.16 16-16v-16c0-8.84-7.16-16-16-16zm-387.2-48h22.4c6.4 0 12.8-6.4 12.8-12.8v-70.4c0-6.4-6.4-12.8-12.8-12.8h-22.4c-6.4 0-12.8 6.4-12.8 12.8v70.4c0 6.4 6.4 12.8 12.8 12.8z\" class=\"\"><\/path><\/svg><\/i> <img loading=\"lazy\" decoding=\"async\" width=\"16\" height=\"16\" alt=\"Loading\" src=\"https:\/\/temucotelevision.cl\/web\/wp-content\/plugins\/page-views-count\/ajax-loader-2x.gif\" border=0 \/><\/p>\n<div class=\"pvc_clear\"><\/div>\n<p>Viernes 29 de noviembre de 2024.-&nbsp;El Ministerio de Transportes y Telecomunicaciones anunci\u00f3 un ajuste de $10 pesos en el pasaje<\/p>\n","protected":false},"author":1,"featured_media":53948,"comment_status":"open","ping_status":"open","sticky":false,"template":"","format":"standard","meta":{"colormag_page_container_layout":"default_layout","colormag_page_sidebar_layout":"default_layout","footnotes":""},"categories":[15],"tags":[706],"class_list":["post-53947","post","type-post","status-publish","format-standard","has-post-thumbnail","hentry","category-la-araucania","tag-transporte"],"a3_pvc":{"activated":true,"total_views":961,"today_views":0},"_links":{"self":[{"href":"https:\/\/temucotelevision.cl\/web\/wp-json\/wp\/v2\/posts\/53947","targetHints":{"allow":["GET"]}}],"collection":[{"href":"https:\/\/temucotelevision.cl\/web\/wp-json\/wp\/v2\/posts"}],"about":[{"href":"https:\/\/temucotelevision.cl\/web\/wp-json\/wp\/v2\/types\/post"}],"author":[{"embeddable":true,"href":"https:\/\/temucotelevision.cl\/web\/wp-json\/wp\/v2\/users\/1"}],"replies":[{"embeddable":true,"href":"https:\/\/temucotelevision.cl\/web\/wp-json\/wp\/v2\/comments?post=53947"}],"version-history":[{"count":1,"href":"https:\/\/temucotelevision.cl\/web\/wp-json\/wp\/v2\/posts\/53947\/revisions"}],"predecessor-version":[{"id":53949,"href":"https:\/\/temucotelevision.cl\/web\/wp-json\/wp\/v2\/posts\/53947\/revisions\/53949"}],"wp:featuredmedia":[{"embeddable":true,"href":"https:\/\/temucotelevision.cl\/web\/wp-json\/wp\/v2\/media\/53948"}],"wp:attachment":[{"href":"https:\/\/temucotelevision.cl\/web\/wp-json\/wp\/v2\/media?parent=53947"}],"wp:term":[{"taxonomy":"category","embeddable":true,"href":"https:\/\/temucotelevision.cl\/web\/wp-json\/wp\/v2\/categories?post=53947"},{"taxonomy":"post_tag","embeddable":true,"href":"https:\/\/temucotelevision.cl\/web\/wp-json\/wp\/v2\/tags?post=53947"}],"curies":[{"name":"wp","href":"https:\/\/api.w.org\/{rel}","templated":true}]}}