{"id":53944,"date":"2024-11-30T13:34:33","date_gmt":"2024-11-30T16:34:33","guid":{"rendered":"https:\/\/temucotelevision.cl\/web\/?p=53944"},"modified":"2024-11-30T13:34:34","modified_gmt":"2024-11-30T16:34:34","slug":"diputado-jorge-rathgeb-por-masivas-desvinculaciones-en-la-ufro-se-advirtio-al-gobierno-para-que-interviniera-pero-no-hicieron-nada","status":"publish","type":"post","link":"https:\/\/temucotelevision.cl\/web\/2024\/11\/30\/diputado-jorge-rathgeb-por-masivas-desvinculaciones-en-la-ufro-se-advirtio-al-gobierno-para-que-interviniera-pero-no-hicieron-nada\/","title":{"rendered":"Diputado Jorge Rathgeb por masivas desvinculaciones en la Ufro: &#8220;Se advirti\u00f3 al Gobierno para que interviniera, pero no hicieron nada&#8221;"},"content":{"rendered":"<div class=\"pvc_clear\"><\/div><p id=\"pvc_stats_53944\" class=\"pvc_stats total_only  \" data-element-id=\"53944\" style=\"\"><i class=\"pvc-stats-icon large\" aria-hidden=\"true\"><svg aria-hidden=\"true\" focusable=\"false\" data-prefix=\"far\" data-icon=\"chart-bar\" role=\"img\" xmlns=\"http:\/\/www.w3.org\/2000\/svg\" viewBox=\"0 0 512 512\" class=\"svg-inline--fa fa-chart-bar fa-w-16 fa-2x\"><path fill=\"currentColor\" d=\"M396.8 352h22.4c6.4 0 12.8-6.4 12.8-12.8V108.8c0-6.4-6.4-12.8-12.8-12.8h-22.4c-6.4 0-12.8 6.4-12.8 12.8v230.4c0 6.4 6.4 12.8 12.8 12.8zm-192 0h22.4c6.4 0 12.8-6.4 12.8-12.8V140.8c0-6.4-6.4-12.8-12.8-12.8h-22.4c-6.4 0-12.8 6.4-12.8 12.8v198.4c0 6.4 6.4 12.8 12.8 12.8zm96 0h22.4c6.4 0 12.8-6.4 12.8-12.8V204.8c0-6.4-6.4-12.8-12.8-12.8h-22.4c-6.4 0-12.8 6.4-12.8 12.8v134.4c0 6.4 6.4 12.8 12.8 12.8zM496 400H48V80c0-8.84-7.16-16-16-16H16C7.16 64 0 71.16 0 80v336c0 17.67 14.33 32 32 32h464c8.84 0 16-7.16 16-16v-16c0-8.84-7.16-16-16-16zm-387.2-48h22.4c6.4 0 12.8-6.4 12.8-12.8v-70.4c0-6.4-6.4-12.8-12.8-12.8h-22.4c-6.4 0-12.8 6.4-12.8 12.8v70.4c0 6.4 6.4 12.8 12.8 12.8z\" class=\"\"><\/path><\/svg><\/i> <img loading=\"lazy\" decoding=\"async\" width=\"16\" height=\"16\" alt=\"Loading\" src=\"https:\/\/temucotelevision.cl\/web\/wp-content\/plugins\/page-views-count\/ajax-loader-2x.gif\" border=0 \/><\/p><div class=\"pvc_clear\"><\/div>\n<p><strong>El parlamentario indic\u00f3 que las autoridades pod\u00edan haber hecho algo debido a la antelaci\u00f3n en que se avis\u00f3 sobre los problemas financieros de la casa de estudios, pero no se anticiparon a la situaci\u00f3n.<\/strong><\/p>\n\n\n\n<p>Casi 300 trabajadores de distintos departamentos de la universidad de La Frontera, fueron informados que no seguir\u00e1n prestando labores debido a la crisis financiera que vive la casa de estudios.<\/p>\n\n\n\n<p>Una compleja situaci\u00f3n que fue advertida en m\u00faltiples oportunidades y en la que el Gobierno pod\u00eda haber hecho algo, considerando que se trata de una universidad estatal, indic\u00f3 el diputado de Renovaci\u00f3n Nacional por La Araucan\u00eda, Jorge Rathgeb Schifferli.<\/p>\n\n\n\n<p>Rathgeb indic\u00f3 que esto es un hecho lamentable y que da cuenta de la inacci\u00f3n que han tenido las autoridades, tomando como referencia que desde la casa de estudios hab\u00edan se\u00f1alado que no contaban con recursos y que eso iba a significar despidos masivos terminando noviembre.<\/p>\n\n\n\n<p>El legislador se\u00f1al\u00f3 que esto significa que se dejar\u00e1 a familias en un escenario completamente negativo, finalizando un a\u00f1o y que da cuenta de que existe una desconexi\u00f3n con los trabajadores.<\/p>\n\n\n\n<p>El diputado coment\u00f3 que tanto en la universidad como tambi\u00e9n en el Gobierno no existi\u00f3 una coordinaci\u00f3n o un trabajo mancomunado y que deja ahora a m\u00e1s de 200 personas sin su fuente laboral.<\/p>\n\n\n\n<p>\u201cEstamos realmente tristes por esta situaci\u00f3n que afecta a toda una regi\u00f3n, porque se advirti\u00f3 a tiempo para que se reaccionara, para que se vieran m\u00e1s planes de acci\u00f3n que no significaran los despidos que se est\u00e1n viendo ahora y que deja a cientos de familias a la deriva m\u00e1s en una fecha tan especial como es la antesala a las festividades de fin de a\u00f1o\u201d, coment\u00f3 el parlamentario.<\/p>\n\n\n\n<p>El legislador espera que existan medidas que puedan ir en apoyo de quienes fueron cesados de sus trabajos, remarcando que esto golpea fuerte a toda una regi\u00f3n.<\/p>\n","protected":false},"excerpt":{"rendered":"<div class=\"pvc_clear\"><\/div>\n<p id=\"pvc_stats_53944\" class=\"pvc_stats total_only  \" data-element-id=\"53944\" style=\"\"><i class=\"pvc-stats-icon large\" aria-hidden=\"true\"><svg aria-hidden=\"true\" focusable=\"false\" data-prefix=\"far\" data-icon=\"chart-bar\" role=\"img\" xmlns=\"http:\/\/www.w3.org\/2000\/svg\" viewBox=\"0 0 512 512\" class=\"svg-inline--fa fa-chart-bar fa-w-16 fa-2x\"><path fill=\"currentColor\" d=\"M396.8 352h22.4c6.4 0 12.8-6.4 12.8-12.8V108.8c0-6.4-6.4-12.8-12.8-12.8h-22.4c-6.4 0-12.8 6.4-12.8 12.8v230.4c0 6.4 6.4 12.8 12.8 12.8zm-192 0h22.4c6.4 0 12.8-6.4 12.8-12.8V140.8c0-6.4-6.4-12.8-12.8-12.8h-22.4c-6.4 0-12.8 6.4-12.8 12.8v198.4c0 6.4 6.4 12.8 12.8 12.8zm96 0h22.4c6.4 0 12.8-6.4 12.8-12.8V204.8c0-6.4-6.4-12.8-12.8-12.8h-22.4c-6.4 0-12.8 6.4-12.8 12.8v134.4c0 6.4 6.4 12.8 12.8 12.8zM496 400H48V80c0-8.84-7.16-16-16-16H16C7.16 64 0 71.16 0 80v336c0 17.67 14.33 32 32 32h464c8.84 0 16-7.16 16-16v-16c0-8.84-7.16-16-16-16zm-387.2-48h22.4c6.4 0 12.8-6.4 12.8-12.8v-70.4c0-6.4-6.4-12.8-12.8-12.8h-22.4c-6.4 0-12.8 6.4-12.8 12.8v70.4c0 6.4 6.4 12.8 12.8 12.8z\" class=\"\"><\/path><\/svg><\/i> <img loading=\"lazy\" decoding=\"async\" width=\"16\" height=\"16\" alt=\"Loading\" src=\"https:\/\/temucotelevision.cl\/web\/wp-content\/plugins\/page-views-count\/ajax-loader-2x.gif\" border=0 \/><\/p>\n<div class=\"pvc_clear\"><\/div>\n<p>El parlamentario indic\u00f3 que las autoridades pod\u00edan haber hecho algo debido a la antelaci\u00f3n en que se avis\u00f3 sobre los<\/p>\n","protected":false},"author":1,"featured_media":53945,"comment_status":"open","ping_status":"open","sticky":false,"template":"","format":"standard","meta":{"colormag_page_container_layout":"default_layout","colormag_page_sidebar_layout":"default_layout","footnotes":""},"categories":[84,14],"tags":[1437],"class_list":["post-53944","post","type-post","status-publish","format-standard","has-post-thumbnail","hentry","category-politica","category-temuco","tag-ufro"],"a3_pvc":{"activated":true,"total_views":1619,"today_views":0},"_links":{"self":[{"href":"https:\/\/temucotelevision.cl\/web\/wp-json\/wp\/v2\/posts\/53944","targetHints":{"allow":["GET"]}}],"collection":[{"href":"https:\/\/temucotelevision.cl\/web\/wp-json\/wp\/v2\/posts"}],"about":[{"href":"https:\/\/temucotelevision.cl\/web\/wp-json\/wp\/v2\/types\/post"}],"author":[{"embeddable":true,"href":"https:\/\/temucotelevision.cl\/web\/wp-json\/wp\/v2\/users\/1"}],"replies":[{"embeddable":true,"href":"https:\/\/temucotelevision.cl\/web\/wp-json\/wp\/v2\/comments?post=53944"}],"version-history":[{"count":1,"href":"https:\/\/temucotelevision.cl\/web\/wp-json\/wp\/v2\/posts\/53944\/revisions"}],"predecessor-version":[{"id":53946,"href":"https:\/\/temucotelevision.cl\/web\/wp-json\/wp\/v2\/posts\/53944\/revisions\/53946"}],"wp:featuredmedia":[{"embeddable":true,"href":"https:\/\/temucotelevision.cl\/web\/wp-json\/wp\/v2\/media\/53945"}],"wp:attachment":[{"href":"https:\/\/temucotelevision.cl\/web\/wp-json\/wp\/v2\/media?parent=53944"}],"wp:term":[{"taxonomy":"category","embeddable":true,"href":"https:\/\/temucotelevision.cl\/web\/wp-json\/wp\/v2\/categories?post=53944"},{"taxonomy":"post_tag","embeddable":true,"href":"https:\/\/temucotelevision.cl\/web\/wp-json\/wp\/v2\/tags?post=53944"}],"curies":[{"name":"wp","href":"https:\/\/api.w.org\/{rel}","templated":true}]}}