{"id":53942,"date":"2024-11-30T13:26:38","date_gmt":"2024-11-30T16:26:38","guid":{"rendered":"https:\/\/temucotelevision.cl\/web\/?p=53942"},"modified":"2024-11-30T13:26:39","modified_gmt":"2024-11-30T16:26:39","slug":"encuesta-cifras-de-empleo-la-araucania-genera-mas-empleos-pero-persiste-la-informalidad","status":"publish","type":"post","link":"https:\/\/temucotelevision.cl\/web\/2024\/11\/30\/encuesta-cifras-de-empleo-la-araucania-genera-mas-empleos-pero-persiste-la-informalidad\/","title":{"rendered":"Encuesta cifras de empleo: La Araucan\u00eda genera m\u00e1s empleos, pero persiste la informalidad"},"content":{"rendered":"<div class=\"pvc_clear\"><\/div><p id=\"pvc_stats_53942\" class=\"pvc_stats total_only  \" data-element-id=\"53942\" style=\"\"><i class=\"pvc-stats-icon large\" aria-hidden=\"true\"><svg aria-hidden=\"true\" focusable=\"false\" data-prefix=\"far\" data-icon=\"chart-bar\" role=\"img\" xmlns=\"http:\/\/www.w3.org\/2000\/svg\" viewBox=\"0 0 512 512\" class=\"svg-inline--fa fa-chart-bar fa-w-16 fa-2x\"><path fill=\"currentColor\" d=\"M396.8 352h22.4c6.4 0 12.8-6.4 12.8-12.8V108.8c0-6.4-6.4-12.8-12.8-12.8h-22.4c-6.4 0-12.8 6.4-12.8 12.8v230.4c0 6.4 6.4 12.8 12.8 12.8zm-192 0h22.4c6.4 0 12.8-6.4 12.8-12.8V140.8c0-6.4-6.4-12.8-12.8-12.8h-22.4c-6.4 0-12.8 6.4-12.8 12.8v198.4c0 6.4 6.4 12.8 12.8 12.8zm96 0h22.4c6.4 0 12.8-6.4 12.8-12.8V204.8c0-6.4-6.4-12.8-12.8-12.8h-22.4c-6.4 0-12.8 6.4-12.8 12.8v134.4c0 6.4 6.4 12.8 12.8 12.8zM496 400H48V80c0-8.84-7.16-16-16-16H16C7.16 64 0 71.16 0 80v336c0 17.67 14.33 32 32 32h464c8.84 0 16-7.16 16-16v-16c0-8.84-7.16-16-16-16zm-387.2-48h22.4c6.4 0 12.8-6.4 12.8-12.8v-70.4c0-6.4-6.4-12.8-12.8-12.8h-22.4c-6.4 0-12.8 6.4-12.8 12.8v70.4c0 6.4 6.4 12.8 12.8 12.8z\" class=\"\"><\/path><\/svg><\/i> <img loading=\"lazy\" decoding=\"async\" width=\"16\" height=\"16\" alt=\"Loading\" src=\"https:\/\/temucotelevision.cl\/web\/wp-content\/plugins\/page-views-count\/ajax-loader-2x.gif\" border=0 \/><\/p><div class=\"pvc_clear\"><\/div>\n<p>La Encuesta Nacional de Empleo&nbsp;realizada por el Instituto Nacional de Estad\u00edsticas (INE) destaca el aumento en la participaci\u00f3n laboral y el alza anual de la tasa de desempleo en la econom\u00eda regional, donde se ve que el trimestre agosto-octubre, la tasa de participaci\u00f3n laboral fue del&nbsp;<strong>56,3<\/strong>% y la tasa de ocupaci\u00f3n del&nbsp;<strong>50,5%<\/strong><\/p>\n\n\n\n<p>La fuerza laboral alcanz\u00f3 372.534 personas, variando 5,4%, de las cuales 333.984 fueron personas ocupadas y 38.550 desocupadas, con variaciones de 3,2% y 29,2%, respectivamente. La tasa de ocupaci\u00f3n informal fue de 36,5%, siendo de 36,4% para mujeres y de 36,6% para hombres (Caut\u00edn)<\/p>\n\n\n\n<p>Al respecto, la&nbsp;<strong>SEREMI del Trabajo y Previsi\u00f3n Social (s) y Directora Regional del Carolina Ojeda Galaz&nbsp;<\/strong>coment\u00f3:<\/p>\n\n\n\n<p>\u201cLa cartera de Trabajo y Previsi\u00f3n Social permanentemente desarrolla esfuerzos, desde la capacitaci\u00f3n y la certificaci\u00f3n, de esta manera aportamos a reducir la informalidad y el desempleo, en ese marco particularmente desde la direcci\u00f3n del trabajo se han desarrollado una serie de esfuerzos como por ejemplo programas nacionales y regionales de fiscalizaci\u00f3n a fin de propender que esta pr\u00e1ctica de la informalidad laboral cese o disminuya en funci\u00f3n de los requerimientos regionales\u201d cerr\u00f3 la autoridad de Gobierno.<\/p>\n\n\n\n<p>Las personas ocupadas crecieron 2,9% en doce meses siendo esto equivalente a 12.044 personas m\u00e1s.<\/p>\n\n\n\n<p>El n\u00famero de personas ocupadas informales registraron un aumento de 8,2% en doce meses. Seg\u00fan sexo, se observ\u00f3 un incremento en mujeres (6,0%) y en hombres (9,9%).<\/p>\n\n\n\n<p>La informalidad permanece en La Araucan\u00eda y desde la perspectiva tributaria el&nbsp;<strong>SEREMI de Hacienda, Ronald Kliebs&nbsp;<\/strong>da a conocer que:&nbsp;<\/p>\n\n\n\n<p>&#8220;Dentro de los sectores productivos que han incidido positivamente en los ocupados, est\u00e1 el sector comercio con m\u00e1s de 5 mil nuevos puestos de trabajo. Ahora bien, este mismo sector tiene un porcentaje no menor de informalidad, lo que representa un desaf\u00edo estructural para nuestra econom\u00eda. Desde la Seremi de Hacienda, en conjunto con la Municipalidad de Temuco, estamos desarrollando una serie de charlas para dar a conocer los principales aspectos de Ley de Cumplimiento de las Obligaciones Tributarias, una herramienta necesaria para combatir la informalidad. Con estas medidas, se busca reducir el comercio il\u00edcito y fortalecer el cumplimiento tributario en la regi\u00f3n&nbsp;y&nbsp;el&nbsp;pa\u00eds&#8221;.<\/p>\n","protected":false},"excerpt":{"rendered":"<div class=\"pvc_clear\"><\/div>\n<p id=\"pvc_stats_53942\" class=\"pvc_stats total_only  \" data-element-id=\"53942\" style=\"\"><i class=\"pvc-stats-icon large\" aria-hidden=\"true\"><svg aria-hidden=\"true\" focusable=\"false\" data-prefix=\"far\" data-icon=\"chart-bar\" role=\"img\" xmlns=\"http:\/\/www.w3.org\/2000\/svg\" viewBox=\"0 0 512 512\" class=\"svg-inline--fa fa-chart-bar fa-w-16 fa-2x\"><path fill=\"currentColor\" d=\"M396.8 352h22.4c6.4 0 12.8-6.4 12.8-12.8V108.8c0-6.4-6.4-12.8-12.8-12.8h-22.4c-6.4 0-12.8 6.4-12.8 12.8v230.4c0 6.4 6.4 12.8 12.8 12.8zm-192 0h22.4c6.4 0 12.8-6.4 12.8-12.8V140.8c0-6.4-6.4-12.8-12.8-12.8h-22.4c-6.4 0-12.8 6.4-12.8 12.8v198.4c0 6.4 6.4 12.8 12.8 12.8zm96 0h22.4c6.4 0 12.8-6.4 12.8-12.8V204.8c0-6.4-6.4-12.8-12.8-12.8h-22.4c-6.4 0-12.8 6.4-12.8 12.8v134.4c0 6.4 6.4 12.8 12.8 12.8zM496 400H48V80c0-8.84-7.16-16-16-16H16C7.16 64 0 71.16 0 80v336c0 17.67 14.33 32 32 32h464c8.84 0 16-7.16 16-16v-16c0-8.84-7.16-16-16-16zm-387.2-48h22.4c6.4 0 12.8-6.4 12.8-12.8v-70.4c0-6.4-6.4-12.8-12.8-12.8h-22.4c-6.4 0-12.8 6.4-12.8 12.8v70.4c0 6.4 6.4 12.8 12.8 12.8z\" class=\"\"><\/path><\/svg><\/i> <img loading=\"lazy\" decoding=\"async\" width=\"16\" height=\"16\" alt=\"Loading\" src=\"https:\/\/temucotelevision.cl\/web\/wp-content\/plugins\/page-views-count\/ajax-loader-2x.gif\" border=0 \/><\/p>\n<div class=\"pvc_clear\"><\/div>\n<p>La Encuesta Nacional de Empleo&nbsp;realizada por el Instituto Nacional de Estad\u00edsticas (INE) destaca el aumento en la participaci\u00f3n laboral y<\/p>\n","protected":false},"author":1,"featured_media":24613,"comment_status":"open","ping_status":"open","sticky":false,"template":"","format":"standard","meta":{"colormag_page_container_layout":"default_layout","colormag_page_sidebar_layout":"default_layout","footnotes":""},"categories":[15],"tags":[704],"class_list":["post-53942","post","type-post","status-publish","format-standard","has-post-thumbnail","hentry","category-la-araucania","tag-empleo"],"a3_pvc":{"activated":true,"total_views":1110,"today_views":0},"_links":{"self":[{"href":"https:\/\/temucotelevision.cl\/web\/wp-json\/wp\/v2\/posts\/53942","targetHints":{"allow":["GET"]}}],"collection":[{"href":"https:\/\/temucotelevision.cl\/web\/wp-json\/wp\/v2\/posts"}],"about":[{"href":"https:\/\/temucotelevision.cl\/web\/wp-json\/wp\/v2\/types\/post"}],"author":[{"embeddable":true,"href":"https:\/\/temucotelevision.cl\/web\/wp-json\/wp\/v2\/users\/1"}],"replies":[{"embeddable":true,"href":"https:\/\/temucotelevision.cl\/web\/wp-json\/wp\/v2\/comments?post=53942"}],"version-history":[{"count":1,"href":"https:\/\/temucotelevision.cl\/web\/wp-json\/wp\/v2\/posts\/53942\/revisions"}],"predecessor-version":[{"id":53943,"href":"https:\/\/temucotelevision.cl\/web\/wp-json\/wp\/v2\/posts\/53942\/revisions\/53943"}],"wp:featuredmedia":[{"embeddable":true,"href":"https:\/\/temucotelevision.cl\/web\/wp-json\/wp\/v2\/media\/24613"}],"wp:attachment":[{"href":"https:\/\/temucotelevision.cl\/web\/wp-json\/wp\/v2\/media?parent=53942"}],"wp:term":[{"taxonomy":"category","embeddable":true,"href":"https:\/\/temucotelevision.cl\/web\/wp-json\/wp\/v2\/categories?post=53942"},{"taxonomy":"post_tag","embeddable":true,"href":"https:\/\/temucotelevision.cl\/web\/wp-json\/wp\/v2\/tags?post=53942"}],"curies":[{"name":"wp","href":"https:\/\/api.w.org\/{rel}","templated":true}]}}