{"id":53873,"date":"2024-11-27T20:59:38","date_gmt":"2024-11-27T23:59:38","guid":{"rendered":"https:\/\/temucotelevision.cl\/web\/?p=53873"},"modified":"2024-11-27T22:26:54","modified_gmt":"2024-11-28T01:26:54","slug":"el-cantautor-nacional-dani-baeza-presenta-su-nuevo-single-y-videoclip-rh-negativo-2","status":"publish","type":"post","link":"https:\/\/temucotelevision.cl\/web\/2024\/11\/27\/el-cantautor-nacional-dani-baeza-presenta-su-nuevo-single-y-videoclip-rh-negativo-2\/","title":{"rendered":"Escucha \u201cRI.TMO\u201del \u00e1lbum debut deFran Ri"},"content":{"rendered":"<div class=\"pvc_clear\"><\/div><p id=\"pvc_stats_53873\" class=\"pvc_stats total_only  \" data-element-id=\"53873\" style=\"\"><i class=\"pvc-stats-icon large\" aria-hidden=\"true\"><svg aria-hidden=\"true\" focusable=\"false\" data-prefix=\"far\" data-icon=\"chart-bar\" role=\"img\" xmlns=\"http:\/\/www.w3.org\/2000\/svg\" viewBox=\"0 0 512 512\" class=\"svg-inline--fa fa-chart-bar fa-w-16 fa-2x\"><path fill=\"currentColor\" d=\"M396.8 352h22.4c6.4 0 12.8-6.4 12.8-12.8V108.8c0-6.4-6.4-12.8-12.8-12.8h-22.4c-6.4 0-12.8 6.4-12.8 12.8v230.4c0 6.4 6.4 12.8 12.8 12.8zm-192 0h22.4c6.4 0 12.8-6.4 12.8-12.8V140.8c0-6.4-6.4-12.8-12.8-12.8h-22.4c-6.4 0-12.8 6.4-12.8 12.8v198.4c0 6.4 6.4 12.8 12.8 12.8zm96 0h22.4c6.4 0 12.8-6.4 12.8-12.8V204.8c0-6.4-6.4-12.8-12.8-12.8h-22.4c-6.4 0-12.8 6.4-12.8 12.8v134.4c0 6.4 6.4 12.8 12.8 12.8zM496 400H48V80c0-8.84-7.16-16-16-16H16C7.16 64 0 71.16 0 80v336c0 17.67 14.33 32 32 32h464c8.84 0 16-7.16 16-16v-16c0-8.84-7.16-16-16-16zm-387.2-48h22.4c6.4 0 12.8-6.4 12.8-12.8v-70.4c0-6.4-6.4-12.8-12.8-12.8h-22.4c-6.4 0-12.8 6.4-12.8 12.8v70.4c0 6.4 6.4 12.8 12.8 12.8z\" class=\"\"><\/path><\/svg><\/i> <img loading=\"lazy\" decoding=\"async\" width=\"16\" height=\"16\" alt=\"Loading\" src=\"https:\/\/temucotelevision.cl\/web\/wp-content\/plugins\/page-views-count\/ajax-loader-2x.gif\" border=0 \/><\/p><div class=\"pvc_clear\"><\/div>\n<p class=\"has-medium-font-size\"><strong>El estreno de \u201cRI.TMO\u201d, viene acompa\u00f1ado de un show de lanzamiento en el Centro Cultural Gabriela Mistral (GAM), donde, a trav\u00e9s de un alto despliegue esc\u00e9nico se presentar\u00e1 junto a importantes invitados como Bronko Yotte, Nekki, Masquemusica, Gestosimple, entre otros.<\/strong><\/p>\n\n\n\n<p>La multifac\u00e9tica&nbsp;<strong><a href=\"https:\/\/www.instagram.com\/fran_ri\/?ne..\" target=\"_blank\" rel=\"noreferrer noopener\">\u201cFran Ri\u201d<\/a>,<\/strong>&nbsp;cantante, actriz y compositora chilena, quien durante ocho a\u00f1os se ha desempe\u00f1ado como la&nbsp;<strong>frontwoman&nbsp;<\/strong>de la reconocida orquesta nacional&nbsp;<a href=\"https:\/\/open.spotify.com\/intl-es\/artist\/0PTJ848ulShbjTx2yqaAlb\" target=\"_blank\" rel=\"noreferrer noopener\"><strong>\u201cNewen Afrobeat\u201d<\/strong><\/a>, hoy sorprende a sus seguidores con el estreno de un&nbsp;<strong>Ep debut&nbsp;<\/strong>el que refleja su identidad como solista.<\/p>\n\n\n\n<p>Su primer material discogr\u00e1fico compuesto por seis tracks, destaca por ser una propuesta&nbsp;<strong>sonora refinada, innovadora y fresca<\/strong>. Integrando texturas&nbsp;<strong>electr\u00f3nicas y elementos ac\u00fasticos en un viaje de fusi\u00f3n y experimentaci\u00f3n<\/strong>&nbsp;que combina&nbsp;<strong>Afropop con tintes de R&amp;B, Neo Soul y elementos del Indie pop.<\/strong><\/p>\n\n\n\n<p><strong><a href=\"https:\/\/www.instagram.com\/fran_ri\/?ne..\" target=\"_blank\" rel=\"noreferrer noopener\">\u201cFran Ri\u201d<\/a>&nbsp;<\/strong>al referirse al desarrollo de su trabajo debut, se\u00f1ala que&nbsp;\u201ceste trabajo para m\u00ed es s\u00faper relevante, es mi primer trabajo como solista, creo que fue una prueba importante para poder madurar un poco los conocimientos que ya ven\u00eda adquiriendo en mi camino\u2026 en mi recorrido en el mundo de la m\u00fasica\u201d, asevera.<\/p>\n\n\n\n<p><strong>La actriz y compositora, a trav\u00e9s de este EP,<\/strong>&nbsp;aborda el&nbsp;<strong>\u201critmo\u201d<\/strong>&nbsp;como una constante vital en su m\u00fasica y vida. Adem\u00e1s, es un concepto que atraviesa en sus composiciones y letras, tocando temas como el amor, el erotismo, la libertad personal, la fuerza interior y la autoafirmaci\u00f3n, convirtiendo el \u201critmo\u201d en el hilo conductor de la narrativa musical, resonando tanto en lo sonoro como en lo l\u00edrico.<\/p>\n\n\n\n<p>En palabras de&nbsp;<strong>Fran<\/strong>, \u201csal\u00ed desde un terreno conocido y me met\u00ed por decisi\u00f3n propia, en territorios que nunca antes hab\u00eda explorado a nivel musical de estilos y fusiones, como el indie, los beats y procesos m\u00e1s electr\u00f3nicos, eso fue un desaf\u00edo para m\u00ed\u201d, declara.<\/p>\n\n\n\n<p>Para la compositora,&nbsp;<strong>\u201cRI.TMO\u201d,<\/strong>&nbsp;es una propuesta&nbsp;<strong>creativa que explota distintas facetas expresivas<\/strong>,&nbsp;\u201ccreo que pese a las t\u00edpicas inseguridades, que son parte tambi\u00e9n de exponerse art\u00edsticamente, me siento super realizada de haber podido defender y sostener esa idea de lenguaje en lo musical\u201d,&nbsp;sentencia.<\/p>\n\n\n\n<p>Luego de su primer single y videoclip titulado&nbsp;<strong>\u201cViaje Ligero\u201d,<\/strong>&nbsp;la artista complet\u00f3 el periodo pre-lanzamiento, lanzando dos singles consecutivos&nbsp;<strong>\u201cRitmo\u201d y \u201cLlave\u201d,<\/strong>&nbsp;en los que invit\u00f3 a colaborar a dos destacadas cantantes nacionales&nbsp;<strong>Nekki y Masquemusica<\/strong>. Finalmente, libera su \u00e1lbum completo, el que se distingue por canciones que transitan por el universo \u201cautobiogr\u00e1fico\u201d de la cantante, abriendo el espectro a diversas l\u00edricas y composiciones que demuestran todo su talento y versatilidad.<\/p>\n\n\n\n<p><strong>Fran Ri en vivo en el GAM:&nbsp;<\/strong><\/p>\n\n\n\n<p>El estreno de su \u00e1lbum debut, llega acompa\u00f1ado de un concierto de lanzamiento en el&nbsp;<strong>Centro Cultural Gabriela Mistral (GAM),<\/strong>&nbsp;en el que la artista presentar\u00e1 en vivo su primer&nbsp;<strong>Ep RI.TMO<\/strong>, junto a destacados invitados. Entre ellos&nbsp;<strong><a href=\"https:\/\/www.instagram.com\/bronkoyotte?igsh=OXR5eG9zOXQ2bGk5\" target=\"_blank\" rel=\"noreferrer noopener\">Bronko Yotte<\/a>,&nbsp;<a href=\"https:\/\/www.instagram.com\/nekki_oficial?igsh=YTZjdXZ5azRqa2o2\" target=\"_blank\" rel=\"noreferrer noopener\">Nekki,<\/a>&nbsp;<a href=\"https:\/\/www.instagram.com\/masquemusica?igsh=ZTg4bm5uMWFkY2Ju\" target=\"_blank\" rel=\"noreferrer noopener\">Masquemusica<\/a>,&nbsp;<a href=\"http:\/\/%20https\/\/www.instagram.com\/gestosimple?igsh=N2ZzYjFxMTV5dXZx\" target=\"_blank\" rel=\"noreferrer noopener\">Gestosimple<\/a>, Donsalo Fukushima e integrantes de&nbsp;<a href=\"https:\/\/www.instagram.com\/newenafrobeat?igsh=MXF3aGlhYXNjanBiNA==\" target=\"_blank\" rel=\"noreferrer noopener\">Newen Afrobeat<\/a><\/strong>. La telonera de la noche ser\u00e1&nbsp;<strong>La Carpintera<\/strong>, quien abrir\u00e1 el evento en formato d\u00fao, animando la velada con su propuesta musical de Rap &amp; Neo Soul.<\/p>\n\n\n\n<p>Este concierto de lanzamiento con banda completa, promete una experiencia inolvidable para toda la familia, destacando por un alto nivel musical y un despliegue esc\u00e9nico envolvente.<\/p>\n\n\n\n<p>La cita es para el viernes 13 de diciembre&nbsp;desde las 20:00 hrs. Las entradas est\u00e1n disponibles en&nbsp;<a href=\"https:\/\/gam.ticketplus.cl\/events\/concierto-fran-ri\" target=\"_blank\" rel=\"noreferrer noopener\">Gam.ticketplus.<\/a><\/p>\n\n\n\n<figure class=\"wp-block-embed is-type-video is-provider-youtube wp-block-embed-youtube wp-embed-aspect-4-3 wp-has-aspect-ratio\"><div class=\"wp-block-embed__wrapper\">\n<div class=\"epyt-video-wrapper\"><iframe loading=\"lazy\"  id=\"_ytid_49808\"  width=\"800\" height=\"600\"  data-origwidth=\"800\" data-origheight=\"600\" src=\"https:\/\/www.youtube.com\/embed\/SnQsaVoqJCg?enablejsapi=1&#038;autoplay=0&#038;cc_load_policy=0&#038;cc_lang_pref=&#038;iv_load_policy=1&#038;loop=0&#038;rel=1&#038;fs=1&#038;playsinline=0&#038;autohide=2&#038;theme=dark&#038;color=red&#038;controls=1&#038;disablekb=0&#038;\" class=\"__youtube_prefs__  epyt-is-override  no-lazyload\" title=\"YouTube player\"  allow=\"fullscreen; accelerometer; autoplay; clipboard-write; encrypted-media; gyroscope; picture-in-picture; web-share\" referrerpolicy=\"strict-origin-when-cross-origin\" allowfullscreen data-no-lazy=\"1\" data-skipgform_ajax_framebjll=\"\"><\/iframe><\/div>\n<\/div><\/figure>\n\n\n\n<p><\/p>\n","protected":false},"excerpt":{"rendered":"<div class=\"pvc_clear\"><\/div>\n<p id=\"pvc_stats_53873\" class=\"pvc_stats total_only  \" data-element-id=\"53873\" style=\"\"><i class=\"pvc-stats-icon large\" aria-hidden=\"true\"><svg aria-hidden=\"true\" focusable=\"false\" data-prefix=\"far\" data-icon=\"chart-bar\" role=\"img\" xmlns=\"http:\/\/www.w3.org\/2000\/svg\" viewBox=\"0 0 512 512\" class=\"svg-inline--fa fa-chart-bar fa-w-16 fa-2x\"><path fill=\"currentColor\" d=\"M396.8 352h22.4c6.4 0 12.8-6.4 12.8-12.8V108.8c0-6.4-6.4-12.8-12.8-12.8h-22.4c-6.4 0-12.8 6.4-12.8 12.8v230.4c0 6.4 6.4 12.8 12.8 12.8zm-192 0h22.4c6.4 0 12.8-6.4 12.8-12.8V140.8c0-6.4-6.4-12.8-12.8-12.8h-22.4c-6.4 0-12.8 6.4-12.8 12.8v198.4c0 6.4 6.4 12.8 12.8 12.8zm96 0h22.4c6.4 0 12.8-6.4 12.8-12.8V204.8c0-6.4-6.4-12.8-12.8-12.8h-22.4c-6.4 0-12.8 6.4-12.8 12.8v134.4c0 6.4 6.4 12.8 12.8 12.8zM496 400H48V80c0-8.84-7.16-16-16-16H16C7.16 64 0 71.16 0 80v336c0 17.67 14.33 32 32 32h464c8.84 0 16-7.16 16-16v-16c0-8.84-7.16-16-16-16zm-387.2-48h22.4c6.4 0 12.8-6.4 12.8-12.8v-70.4c0-6.4-6.4-12.8-12.8-12.8h-22.4c-6.4 0-12.8 6.4-12.8 12.8v70.4c0 6.4 6.4 12.8 12.8 12.8z\" class=\"\"><\/path><\/svg><\/i> <img loading=\"lazy\" decoding=\"async\" width=\"16\" height=\"16\" alt=\"Loading\" src=\"https:\/\/temucotelevision.cl\/web\/wp-content\/plugins\/page-views-count\/ajax-loader-2x.gif\" border=0 \/><\/p>\n<div class=\"pvc_clear\"><\/div>\n<p>El estreno de \u201cRI.TMO\u201d, viene acompa\u00f1ado de un show de lanzamiento en el Centro Cultural Gabriela Mistral (GAM), donde, a<\/p>\n","protected":false},"author":143,"featured_media":53874,"comment_status":"open","ping_status":"open","sticky":false,"template":"","format":"standard","meta":{"colormag_page_container_layout":"default_layout","colormag_page_sidebar_layout":"default_layout","footnotes":""},"categories":[369,1],"tags":[],"class_list":["post-53873","post","type-post","status-publish","format-standard","has-post-thumbnail","hentry","category-musica","category-sin-categoria"],"a3_pvc":{"activated":true,"total_views":439,"today_views":0},"_links":{"self":[{"href":"https:\/\/temucotelevision.cl\/web\/wp-json\/wp\/v2\/posts\/53873","targetHints":{"allow":["GET"]}}],"collection":[{"href":"https:\/\/temucotelevision.cl\/web\/wp-json\/wp\/v2\/posts"}],"about":[{"href":"https:\/\/temucotelevision.cl\/web\/wp-json\/wp\/v2\/types\/post"}],"author":[{"embeddable":true,"href":"https:\/\/temucotelevision.cl\/web\/wp-json\/wp\/v2\/users\/143"}],"replies":[{"embeddable":true,"href":"https:\/\/temucotelevision.cl\/web\/wp-json\/wp\/v2\/comments?post=53873"}],"version-history":[{"count":2,"href":"https:\/\/temucotelevision.cl\/web\/wp-json\/wp\/v2\/posts\/53873\/revisions"}],"predecessor-version":[{"id":53876,"href":"https:\/\/temucotelevision.cl\/web\/wp-json\/wp\/v2\/posts\/53873\/revisions\/53876"}],"wp:featuredmedia":[{"embeddable":true,"href":"https:\/\/temucotelevision.cl\/web\/wp-json\/wp\/v2\/media\/53874"}],"wp:attachment":[{"href":"https:\/\/temucotelevision.cl\/web\/wp-json\/wp\/v2\/media?parent=53873"}],"wp:term":[{"taxonomy":"category","embeddable":true,"href":"https:\/\/temucotelevision.cl\/web\/wp-json\/wp\/v2\/categories?post=53873"},{"taxonomy":"post_tag","embeddable":true,"href":"https:\/\/temucotelevision.cl\/web\/wp-json\/wp\/v2\/tags?post=53873"}],"curies":[{"name":"wp","href":"https:\/\/api.w.org\/{rel}","templated":true}]}}