{"id":53869,"date":"2024-11-27T20:27:47","date_gmt":"2024-11-27T23:27:47","guid":{"rendered":"https:\/\/temucotelevision.cl\/web\/?p=53869"},"modified":"2024-11-27T20:27:47","modified_gmt":"2024-11-27T23:27:47","slug":"el-cantautor-nacional-dani-baeza-presenta-su-nuevo-single-y-videoclip-rh-negativo","status":"publish","type":"post","link":"https:\/\/temucotelevision.cl\/web\/2024\/11\/27\/el-cantautor-nacional-dani-baeza-presenta-su-nuevo-single-y-videoclip-rh-negativo\/","title":{"rendered":"El cantautor nacional Dani Baeza presenta su nuevo single y videoclip \u201cRH Negativo\u201d"},"content":{"rendered":"<div class=\"pvc_clear\"><\/div><p id=\"pvc_stats_53869\" class=\"pvc_stats total_only  \" data-element-id=\"53869\" style=\"\"><i class=\"pvc-stats-icon large\" aria-hidden=\"true\"><svg aria-hidden=\"true\" focusable=\"false\" data-prefix=\"far\" data-icon=\"chart-bar\" role=\"img\" xmlns=\"http:\/\/www.w3.org\/2000\/svg\" viewBox=\"0 0 512 512\" class=\"svg-inline--fa fa-chart-bar fa-w-16 fa-2x\"><path fill=\"currentColor\" d=\"M396.8 352h22.4c6.4 0 12.8-6.4 12.8-12.8V108.8c0-6.4-6.4-12.8-12.8-12.8h-22.4c-6.4 0-12.8 6.4-12.8 12.8v230.4c0 6.4 6.4 12.8 12.8 12.8zm-192 0h22.4c6.4 0 12.8-6.4 12.8-12.8V140.8c0-6.4-6.4-12.8-12.8-12.8h-22.4c-6.4 0-12.8 6.4-12.8 12.8v198.4c0 6.4 6.4 12.8 12.8 12.8zm96 0h22.4c6.4 0 12.8-6.4 12.8-12.8V204.8c0-6.4-6.4-12.8-12.8-12.8h-22.4c-6.4 0-12.8 6.4-12.8 12.8v134.4c0 6.4 6.4 12.8 12.8 12.8zM496 400H48V80c0-8.84-7.16-16-16-16H16C7.16 64 0 71.16 0 80v336c0 17.67 14.33 32 32 32h464c8.84 0 16-7.16 16-16v-16c0-8.84-7.16-16-16-16zm-387.2-48h22.4c6.4 0 12.8-6.4 12.8-12.8v-70.4c0-6.4-6.4-12.8-12.8-12.8h-22.4c-6.4 0-12.8 6.4-12.8 12.8v70.4c0 6.4 6.4 12.8 12.8 12.8z\" class=\"\"><\/path><\/svg><\/i> <img loading=\"lazy\" decoding=\"async\" width=\"16\" height=\"16\" alt=\"Loading\" src=\"https:\/\/temucotelevision.cl\/web\/wp-content\/plugins\/page-views-count\/ajax-loader-2x.gif\" border=0 \/><\/p><div class=\"pvc_clear\"><\/div>\n<p class=\"has-medium-font-size\"><strong>Con una emotiva sonoridad y atm\u00f3sfera indie rock, el artista nos adelanta parte de lo que ser\u00e1 su primera placa musical.<\/strong><\/p>\n\n\n\n<p><strong>Dani Baeza<\/strong>&nbsp;es un m\u00fasico y compositor chileno con una amplia trayectoria art\u00edstica, destacando por su participaci\u00f3n en diferentes proyectos musicales, entre ellos, con&nbsp;<strong>Javiera Mena en el Festival Vive Latino en M\u00e9xico, con Fernando Milagros en el lanzamiento y gira del disco \u201cSan Sebasti\u00e1n\u201d,<\/strong>&nbsp;y principalmente como&nbsp;<strong>integrante de la banda chilena Primavera de Praga<\/strong>, cuyo tercer disco de estudio&nbsp;<strong>\u201cSat\u00e9lite\u201d<\/strong>&nbsp;fue producido por \u00c1<strong>lvaro Henriquez,<\/strong>&nbsp;l\u00edder de la importante banda chilena&nbsp;<strong>Los Tres<\/strong>, y con quien ha compartido en diversos escenarios.<\/p>\n\n\n\n<p>Considerado uno de los cantautores m\u00e1s vers\u00e1tiles del&nbsp;<strong>\u201crock-pop\u201d<\/strong>&nbsp;actual, hoy sorprende a sus seguidores con el&nbsp;<strong>estreno de su tercer single solista titulado \u201cRH Negativo\u201d<\/strong>, una obra que mezcla sonoridades modernas&nbsp;con la herencia del rock-pop&nbsp;alternativo de los a\u00f1os 90, logrando transmitir al oyente un sonido distintivo.<\/p>\n\n\n\n<p>En \u201c<strong>RH Negativo\u201d<\/strong>, el artista narra con una l\u00edrica profunda, una confesi\u00f3n interna del sentir propio y colectivo, respecto al abandono de las imprescindibles expresiones art\u00edsticas, culturales y sociales que vivimos hoy en d\u00eda, -en palabras del artista-&nbsp;<strong>\u201cLa permanente crisis de nuestra condici\u00f3n humana, replicada vez a vez y tiempo a tiempo en el devenir de nuestra historia\u2026. Manifestaciones adem\u00e1s tan necesarias en nuestros tiempos contempor\u00e1neos\u201d.<\/strong><\/p>\n\n\n\n<p>En esta nueva pieza musical,&nbsp;<strong>Dani Baeza<\/strong>, demuestra toda su versatilidad y talento, creando una<strong>&nbsp;composici\u00f3n po\u00e9tica con un matiz m\u00e1s cercano al \u201crock alternativo\u201d<\/strong>&nbsp;as\u00ed como al&nbsp;<strong>\u201cart rock\u201d.<\/strong>&nbsp;Con una b\u00fasqueda sonora, tanto en lo vocal como instrumental, el compositor entrega melod\u00edas con&nbsp;<strong>arreglos instrumentales<\/strong>&nbsp;y&nbsp;<strong>sonidos pop\/rock,<\/strong>&nbsp;abriendo el espectro a diversas l\u00edricas y creaciones que reflejan su identidad m\u00e1s \u00edntima.<\/p>\n\n\n\n<p>Con una producci\u00f3n impecable, el creativo videoclip de<strong>&nbsp;\u201cRH Negativo\u201d,<\/strong>&nbsp;transmite sentimientos que llegan al l\u00edmite con un&nbsp; interesante trabajo audiovisual, que estuvo bajo la direcci\u00f3n de&nbsp;<strong>Gianlucca Aste<\/strong>, en direcci\u00f3n de fotograf\u00eda y c\u00e1mara&nbsp;<strong>Gabriel Arqueros Parra<\/strong>&nbsp;y producci\u00f3n general&nbsp;<strong>Gianlucca Aste y Daniel Baeza.<\/strong>&nbsp;El videoclip re\u00fane variadas t\u00e9cnicas visuales como la<strong>&nbsp;rotoscopia,<\/strong>&nbsp;el televisado y material generado por<strong>&nbsp;inteligencia artificial.<\/strong><\/p>\n\n\n\n<p>En palabras de&nbsp;<strong>Gianlucca Aste<\/strong>, director del videoclip de&nbsp;<strong>\u201cRH Negativo\u201d,<\/strong>&nbsp;\u201c<strong>es un video de ciencia ficci\u00f3n, en el que convergen el video digital, la animaci\u00f3n hecha a mano y la inteligencia artificial\u201d,&nbsp;<\/strong>asevera.<\/p>\n\n\n\n<p><strong>\u201cUn juego que se juega de a dos, entre espectador y obra\u2026\u201d<\/strong>, sentenci\u00f3.<\/p>\n\n\n\n<p><strong>\u201cRH Negativo\u201d<\/strong>&nbsp;cont\u00f3 con la grabaci\u00f3n de&nbsp;<strong>Diego Peralta<\/strong>&nbsp;en&nbsp;<strong>Estudio Subacu\u00e1tico<\/strong>&nbsp;y la producci\u00f3n musical y mezcla de&nbsp;<strong>Dani Baeza y Diego Peralta.&nbsp;<\/strong>Mientras que la masterizaci\u00f3n estuvo a cargo del destacado ingeniero en sonido&nbsp;<strong>Gonzalo \u201cChalo\u201d Gonz\u00e1lez en GMaster Estudios.<\/strong><\/p>\n\n\n\n<p>Cabe mencionar, que&nbsp;<strong>\u201cRH Negativo\u201d<\/strong>&nbsp;es parte del primer \u00e1lbum solista del artista llamado&nbsp;<strong>\u201cManual De Duelo\u201d<\/strong>, el que espera ver la luz, durante los pr\u00f3ximos meses. Adem\u00e1s, el compositor anunci\u00f3 pr\u00f3ximas&nbsp; presentaciones en vivo con una interesante propuesta esc\u00e9nica y sonora junto a su banda conformada por cuatro destacados m\u00fasicos.<\/p>\n\n\n\n<figure class=\"wp-block-embed is-type-video is-provider-youtube wp-block-embed-youtube wp-embed-aspect-16-9 wp-has-aspect-ratio\"><div class=\"wp-block-embed__wrapper\">\n<div class=\"epyt-video-wrapper\"><iframe loading=\"lazy\"  id=\"_ytid_74798\"  width=\"800\" height=\"450\"  data-origwidth=\"800\" data-origheight=\"450\" src=\"https:\/\/www.youtube.com\/embed\/LAAse32UXAw?enablejsapi=1&#038;autoplay=0&#038;cc_load_policy=0&#038;cc_lang_pref=&#038;iv_load_policy=1&#038;loop=0&#038;rel=1&#038;fs=1&#038;playsinline=0&#038;autohide=2&#038;theme=dark&#038;color=red&#038;controls=1&#038;disablekb=0&#038;\" class=\"__youtube_prefs__  epyt-is-override  no-lazyload\" title=\"YouTube player\"  allow=\"fullscreen; accelerometer; autoplay; clipboard-write; encrypted-media; gyroscope; picture-in-picture; web-share\" referrerpolicy=\"strict-origin-when-cross-origin\" allowfullscreen data-no-lazy=\"1\" data-skipgform_ajax_framebjll=\"\"><\/iframe><\/div>\n<\/div><\/figure>\n","protected":false},"excerpt":{"rendered":"<div class=\"pvc_clear\"><\/div>\n<p id=\"pvc_stats_53869\" class=\"pvc_stats total_only  \" data-element-id=\"53869\" style=\"\"><i class=\"pvc-stats-icon large\" aria-hidden=\"true\"><svg aria-hidden=\"true\" focusable=\"false\" data-prefix=\"far\" data-icon=\"chart-bar\" role=\"img\" xmlns=\"http:\/\/www.w3.org\/2000\/svg\" viewBox=\"0 0 512 512\" class=\"svg-inline--fa fa-chart-bar fa-w-16 fa-2x\"><path fill=\"currentColor\" d=\"M396.8 352h22.4c6.4 0 12.8-6.4 12.8-12.8V108.8c0-6.4-6.4-12.8-12.8-12.8h-22.4c-6.4 0-12.8 6.4-12.8 12.8v230.4c0 6.4 6.4 12.8 12.8 12.8zm-192 0h22.4c6.4 0 12.8-6.4 12.8-12.8V140.8c0-6.4-6.4-12.8-12.8-12.8h-22.4c-6.4 0-12.8 6.4-12.8 12.8v198.4c0 6.4 6.4 12.8 12.8 12.8zm96 0h22.4c6.4 0 12.8-6.4 12.8-12.8V204.8c0-6.4-6.4-12.8-12.8-12.8h-22.4c-6.4 0-12.8 6.4-12.8 12.8v134.4c0 6.4 6.4 12.8 12.8 12.8zM496 400H48V80c0-8.84-7.16-16-16-16H16C7.16 64 0 71.16 0 80v336c0 17.67 14.33 32 32 32h464c8.84 0 16-7.16 16-16v-16c0-8.84-7.16-16-16-16zm-387.2-48h22.4c6.4 0 12.8-6.4 12.8-12.8v-70.4c0-6.4-6.4-12.8-12.8-12.8h-22.4c-6.4 0-12.8 6.4-12.8 12.8v70.4c0 6.4 6.4 12.8 12.8 12.8z\" class=\"\"><\/path><\/svg><\/i> <img loading=\"lazy\" decoding=\"async\" width=\"16\" height=\"16\" alt=\"Loading\" src=\"https:\/\/temucotelevision.cl\/web\/wp-content\/plugins\/page-views-count\/ajax-loader-2x.gif\" border=0 \/><\/p>\n<div class=\"pvc_clear\"><\/div>\n<p>Con una emotiva sonoridad y atm\u00f3sfera indie rock, el artista nos adelanta parte de lo que ser\u00e1 su primera placa<\/p>\n","protected":false},"author":143,"featured_media":53870,"comment_status":"open","ping_status":"open","sticky":false,"template":"","format":"standard","meta":{"colormag_page_container_layout":"default_layout","colormag_page_sidebar_layout":"default_layout","footnotes":""},"categories":[369],"tags":[],"class_list":["post-53869","post","type-post","status-publish","format-standard","has-post-thumbnail","hentry","category-musica"],"a3_pvc":{"activated":true,"total_views":118,"today_views":0},"_links":{"self":[{"href":"https:\/\/temucotelevision.cl\/web\/wp-json\/wp\/v2\/posts\/53869","targetHints":{"allow":["GET"]}}],"collection":[{"href":"https:\/\/temucotelevision.cl\/web\/wp-json\/wp\/v2\/posts"}],"about":[{"href":"https:\/\/temucotelevision.cl\/web\/wp-json\/wp\/v2\/types\/post"}],"author":[{"embeddable":true,"href":"https:\/\/temucotelevision.cl\/web\/wp-json\/wp\/v2\/users\/143"}],"replies":[{"embeddable":true,"href":"https:\/\/temucotelevision.cl\/web\/wp-json\/wp\/v2\/comments?post=53869"}],"version-history":[{"count":1,"href":"https:\/\/temucotelevision.cl\/web\/wp-json\/wp\/v2\/posts\/53869\/revisions"}],"predecessor-version":[{"id":53871,"href":"https:\/\/temucotelevision.cl\/web\/wp-json\/wp\/v2\/posts\/53869\/revisions\/53871"}],"wp:featuredmedia":[{"embeddable":true,"href":"https:\/\/temucotelevision.cl\/web\/wp-json\/wp\/v2\/media\/53870"}],"wp:attachment":[{"href":"https:\/\/temucotelevision.cl\/web\/wp-json\/wp\/v2\/media?parent=53869"}],"wp:term":[{"taxonomy":"category","embeddable":true,"href":"https:\/\/temucotelevision.cl\/web\/wp-json\/wp\/v2\/categories?post=53869"},{"taxonomy":"post_tag","embeddable":true,"href":"https:\/\/temucotelevision.cl\/web\/wp-json\/wp\/v2\/tags?post=53869"}],"curies":[{"name":"wp","href":"https:\/\/api.w.org\/{rel}","templated":true}]}}