{"id":53858,"date":"2024-11-26T22:27:59","date_gmt":"2024-11-27T01:27:59","guid":{"rendered":"https:\/\/temucotelevision.cl\/web\/?p=53858"},"modified":"2024-11-26T22:28:00","modified_gmt":"2024-11-27T01:28:00","slug":"diputado-jorge-saffirio-valora-aprobacion-de-proyecto-que-aumenta-prohibiciones-para-ingresar-al-pais","status":"publish","type":"post","link":"https:\/\/temucotelevision.cl\/web\/2024\/11\/26\/diputado-jorge-saffirio-valora-aprobacion-de-proyecto-que-aumenta-prohibiciones-para-ingresar-al-pais\/","title":{"rendered":"Diputado Jorge Saffirio valora aprobaci\u00f3n de proyecto que aumenta prohibiciones para ingresar al pa\u00eds"},"content":{"rendered":"<div class=\"pvc_clear\"><\/div><p id=\"pvc_stats_53858\" class=\"pvc_stats total_only  \" data-element-id=\"53858\" style=\"\"><i class=\"pvc-stats-icon large\" aria-hidden=\"true\"><svg aria-hidden=\"true\" focusable=\"false\" data-prefix=\"far\" data-icon=\"chart-bar\" role=\"img\" xmlns=\"http:\/\/www.w3.org\/2000\/svg\" viewBox=\"0 0 512 512\" class=\"svg-inline--fa fa-chart-bar fa-w-16 fa-2x\"><path fill=\"currentColor\" d=\"M396.8 352h22.4c6.4 0 12.8-6.4 12.8-12.8V108.8c0-6.4-6.4-12.8-12.8-12.8h-22.4c-6.4 0-12.8 6.4-12.8 12.8v230.4c0 6.4 6.4 12.8 12.8 12.8zm-192 0h22.4c6.4 0 12.8-6.4 12.8-12.8V140.8c0-6.4-6.4-12.8-12.8-12.8h-22.4c-6.4 0-12.8 6.4-12.8 12.8v198.4c0 6.4 6.4 12.8 12.8 12.8zm96 0h22.4c6.4 0 12.8-6.4 12.8-12.8V204.8c0-6.4-6.4-12.8-12.8-12.8h-22.4c-6.4 0-12.8 6.4-12.8 12.8v134.4c0 6.4 6.4 12.8 12.8 12.8zM496 400H48V80c0-8.84-7.16-16-16-16H16C7.16 64 0 71.16 0 80v336c0 17.67 14.33 32 32 32h464c8.84 0 16-7.16 16-16v-16c0-8.84-7.16-16-16-16zm-387.2-48h22.4c6.4 0 12.8-6.4 12.8-12.8v-70.4c0-6.4-6.4-12.8-12.8-12.8h-22.4c-6.4 0-12.8 6.4-12.8 12.8v70.4c0 6.4 6.4 12.8 12.8 12.8z\" class=\"\"><\/path><\/svg><\/i> <img loading=\"lazy\" decoding=\"async\" width=\"16\" height=\"16\" alt=\"Loading\" src=\"https:\/\/temucotelevision.cl\/web\/wp-content\/plugins\/page-views-count\/ajax-loader-2x.gif\" border=0 \/><\/p><div class=\"pvc_clear\"><\/div>\n<p><strong><em>Iniciativa que perfecciona la ley de migraci\u00f3n y extranjer\u00eda deber\u00e1 ser tramitada en el Senado. &nbsp;<\/em><\/strong><\/p>\n\n\n\n<p>Con voto a favor del diputado Jorge Saffirio, este martes la sala de la C\u00e1mara de Diputados despach\u00f3 al Senado el proyecto que perfecciona la ley de migraci\u00f3n y extranjer\u00eda, iniciativa que establece una serie de modificaciones que apuntan a regular de mejor manera \u00a0la llegada de extranjeros a nuestro pa\u00eds.\u00a0<\/p>\n\n\n\n<p>Seg\u00fan el diputado Jorge Saffirio, \u201cestamos conscientes que en materia migratoria es muy necesario realizar ciertas modificaciones a la ley, tomando en cuenta la crisis de seguridad que se vive en nuestro pa\u00eds y el aumento sustancial de extranjeros que han llegado a vivir a Chile. Por estos motivos, aprobamos este proyecto de ley que realiza modificaciones a la ley de migraci\u00f3n y extranjer\u00eda\u201d.<\/p>\n\n\n\n<p>Saffirio agreg\u00f3 que \u201ces importante resaltar las nuevas prohibiciones de ingreso al pa\u00eds. Con esta normativa una persona condenada por violencia intrafamiliar no podr\u00e1 llegar a territorio chileno. Esto tambi\u00e9n se aplicar\u00e1 a quienes tengan condenas en los \u00faltimos diez a\u00f1os por actos que la ley chilena considere como cr\u00edmenes, o que en los \u00faltimos cinco a\u00f1os hayan sido condenados por delitos simples\u201d.&nbsp;<\/p>\n\n\n\n<p>\u201cLa iniciativa establece ampliar las causales de expulsi\u00f3n del pa\u00eds, tanto para extranjeros con permanencia transitoria como residencia definitiva. Junto a esto, se incorporan nuevas causales de rechazo de permiso de residencia y de revocaci\u00f3n del mismo. Tambi\u00e9n se considerar\u00e1 medidas para incorporar los datos biom\u00e9tricos de quienes se encuentren en situaci\u00f3n irregular\u201d, indic\u00f3 Saffirio.<\/p>\n\n\n\n<p>El proyecto adem\u00e1s establece, entre otras cosas que el Estado propender\u00e1, en conformidad a la ley, sin desmedro de los derechos de los nacionales, a proteger y respetar los derechos humanos de las personas extranjeras que se encuentren en Chile. Adem\u00e1s, se\u00f1ala que existiendo las mismas condiciones econ\u00f3micas, sociales o de vulnerabilidad, la situaci\u00f3n migratoria no ser\u00e1 una circunstancia de ventaja con respecto a los nacionales. De todas maneras, se valora la contribuci\u00f3n de la migraci\u00f3n legal, segura y regular para el desarrollo de la sociedad en todas sus dimensiones.<\/p>\n\n\n\n<p>Finalmente, el diputado Jorge Saffirio indic\u00f3 que \u201cesperamos que este proyecto pueda avanzar de forma expedita en el Senado, porque es una iniciativa bastante integral que abarca adem\u00e1s la problem\u00e1tica de la migraci\u00f3n desde muchos aspectos, como el acceso a la educaci\u00f3n, a la salud y a los derechos laborales\u201d. &nbsp;<\/p>\n","protected":false},"excerpt":{"rendered":"<div class=\"pvc_clear\"><\/div>\n<p id=\"pvc_stats_53858\" class=\"pvc_stats total_only  \" data-element-id=\"53858\" style=\"\"><i class=\"pvc-stats-icon large\" aria-hidden=\"true\"><svg aria-hidden=\"true\" focusable=\"false\" data-prefix=\"far\" data-icon=\"chart-bar\" role=\"img\" xmlns=\"http:\/\/www.w3.org\/2000\/svg\" viewBox=\"0 0 512 512\" class=\"svg-inline--fa fa-chart-bar fa-w-16 fa-2x\"><path fill=\"currentColor\" d=\"M396.8 352h22.4c6.4 0 12.8-6.4 12.8-12.8V108.8c0-6.4-6.4-12.8-12.8-12.8h-22.4c-6.4 0-12.8 6.4-12.8 12.8v230.4c0 6.4 6.4 12.8 12.8 12.8zm-192 0h22.4c6.4 0 12.8-6.4 12.8-12.8V140.8c0-6.4-6.4-12.8-12.8-12.8h-22.4c-6.4 0-12.8 6.4-12.8 12.8v198.4c0 6.4 6.4 12.8 12.8 12.8zm96 0h22.4c6.4 0 12.8-6.4 12.8-12.8V204.8c0-6.4-6.4-12.8-12.8-12.8h-22.4c-6.4 0-12.8 6.4-12.8 12.8v134.4c0 6.4 6.4 12.8 12.8 12.8zM496 400H48V80c0-8.84-7.16-16-16-16H16C7.16 64 0 71.16 0 80v336c0 17.67 14.33 32 32 32h464c8.84 0 16-7.16 16-16v-16c0-8.84-7.16-16-16-16zm-387.2-48h22.4c6.4 0 12.8-6.4 12.8-12.8v-70.4c0-6.4-6.4-12.8-12.8-12.8h-22.4c-6.4 0-12.8 6.4-12.8 12.8v70.4c0 6.4 6.4 12.8 12.8 12.8z\" class=\"\"><\/path><\/svg><\/i> <img loading=\"lazy\" decoding=\"async\" width=\"16\" height=\"16\" alt=\"Loading\" src=\"https:\/\/temucotelevision.cl\/web\/wp-content\/plugins\/page-views-count\/ajax-loader-2x.gif\" border=0 \/><\/p>\n<div class=\"pvc_clear\"><\/div>\n<p>Iniciativa que perfecciona la ley de migraci\u00f3n y extranjer\u00eda deber\u00e1 ser tramitada en el Senado. &nbsp; Con voto a favor<\/p>\n","protected":false},"author":1,"featured_media":53759,"comment_status":"open","ping_status":"open","sticky":false,"template":"","format":"standard","meta":{"colormag_page_container_layout":"default_layout","colormag_page_sidebar_layout":"default_layout","footnotes":""},"categories":[84],"tags":[154],"class_list":["post-53858","post","type-post","status-publish","format-standard","has-post-thumbnail","hentry","category-politica","tag-diputado"],"a3_pvc":{"activated":true,"total_views":867,"today_views":0},"_links":{"self":[{"href":"https:\/\/temucotelevision.cl\/web\/wp-json\/wp\/v2\/posts\/53858","targetHints":{"allow":["GET"]}}],"collection":[{"href":"https:\/\/temucotelevision.cl\/web\/wp-json\/wp\/v2\/posts"}],"about":[{"href":"https:\/\/temucotelevision.cl\/web\/wp-json\/wp\/v2\/types\/post"}],"author":[{"embeddable":true,"href":"https:\/\/temucotelevision.cl\/web\/wp-json\/wp\/v2\/users\/1"}],"replies":[{"embeddable":true,"href":"https:\/\/temucotelevision.cl\/web\/wp-json\/wp\/v2\/comments?post=53858"}],"version-history":[{"count":1,"href":"https:\/\/temucotelevision.cl\/web\/wp-json\/wp\/v2\/posts\/53858\/revisions"}],"predecessor-version":[{"id":53859,"href":"https:\/\/temucotelevision.cl\/web\/wp-json\/wp\/v2\/posts\/53858\/revisions\/53859"}],"wp:featuredmedia":[{"embeddable":true,"href":"https:\/\/temucotelevision.cl\/web\/wp-json\/wp\/v2\/media\/53759"}],"wp:attachment":[{"href":"https:\/\/temucotelevision.cl\/web\/wp-json\/wp\/v2\/media?parent=53858"}],"wp:term":[{"taxonomy":"category","embeddable":true,"href":"https:\/\/temucotelevision.cl\/web\/wp-json\/wp\/v2\/categories?post=53858"},{"taxonomy":"post_tag","embeddable":true,"href":"https:\/\/temucotelevision.cl\/web\/wp-json\/wp\/v2\/tags?post=53858"}],"curies":[{"name":"wp","href":"https:\/\/api.w.org\/{rel}","templated":true}]}}