{"id":53854,"date":"2024-11-26T20:35:27","date_gmt":"2024-11-26T23:35:27","guid":{"rendered":"https:\/\/temucotelevision.cl\/web\/?p=53854"},"modified":"2024-11-26T20:35:28","modified_gmt":"2024-11-26T23:35:28","slug":"inauguran-la-planta-industrializadora-de-viviendas-mas-moderna-de-latinoamerica-en-la-araucania","status":"publish","type":"post","link":"https:\/\/temucotelevision.cl\/web\/2024\/11\/26\/inauguran-la-planta-industrializadora-de-viviendas-mas-moderna-de-latinoamerica-en-la-araucania\/","title":{"rendered":"Inauguran la Planta industrializadora de viviendas m\u00e1s moderna de Latinoam\u00e9rica en La Araucan\u00eda"},"content":{"rendered":"<div class=\"pvc_clear\"><\/div><p id=\"pvc_stats_53854\" class=\"pvc_stats total_only  \" data-element-id=\"53854\" style=\"\"><i class=\"pvc-stats-icon large\" aria-hidden=\"true\"><svg aria-hidden=\"true\" focusable=\"false\" data-prefix=\"far\" data-icon=\"chart-bar\" role=\"img\" xmlns=\"http:\/\/www.w3.org\/2000\/svg\" viewBox=\"0 0 512 512\" class=\"svg-inline--fa fa-chart-bar fa-w-16 fa-2x\"><path fill=\"currentColor\" d=\"M396.8 352h22.4c6.4 0 12.8-6.4 12.8-12.8V108.8c0-6.4-6.4-12.8-12.8-12.8h-22.4c-6.4 0-12.8 6.4-12.8 12.8v230.4c0 6.4 6.4 12.8 12.8 12.8zm-192 0h22.4c6.4 0 12.8-6.4 12.8-12.8V140.8c0-6.4-6.4-12.8-12.8-12.8h-22.4c-6.4 0-12.8 6.4-12.8 12.8v198.4c0 6.4 6.4 12.8 12.8 12.8zm96 0h22.4c6.4 0 12.8-6.4 12.8-12.8V204.8c0-6.4-6.4-12.8-12.8-12.8h-22.4c-6.4 0-12.8 6.4-12.8 12.8v134.4c0 6.4 6.4 12.8 12.8 12.8zM496 400H48V80c0-8.84-7.16-16-16-16H16C7.16 64 0 71.16 0 80v336c0 17.67 14.33 32 32 32h464c8.84 0 16-7.16 16-16v-16c0-8.84-7.16-16-16-16zm-387.2-48h22.4c6.4 0 12.8-6.4 12.8-12.8v-70.4c0-6.4-6.4-12.8-12.8-12.8h-22.4c-6.4 0-12.8 6.4-12.8 12.8v70.4c0 6.4 6.4 12.8 12.8 12.8z\" class=\"\"><\/path><\/svg><\/i> <img loading=\"lazy\" decoding=\"async\" width=\"16\" height=\"16\" alt=\"Loading\" src=\"https:\/\/temucotelevision.cl\/web\/wp-content\/plugins\/page-views-count\/ajax-loader-2x.gif\" border=0 \/><\/p><div class=\"pvc_clear\"><\/div>\n<ul class=\"wp-block-list\">\n<li><em>La inversi\u00f3n en este complejo industrial es de m\u00e1s 25 millones de d\u00f3lares, y permitir\u00e1 la industrializaci\u00f3n de viviendas modulares y panelizadas, que ser\u00e1n distribuidas desde la regi\u00f3n de O\u2019Higgins hasta Puerto Montt.\u00a0<\/em><\/li>\n<\/ul>\n\n\n\n<p>Con la presencia del ministro de Vivienda y Urbanismo, Carlos Montes, el presidente nacional de la C\u00e1mara Chilena de la Construcci\u00f3n, Alfredo Echavarr\u00eda, los vicepresidentes nacionales, Alicia Vesperinas y Claudio Cerda, adem\u00e1s de la gerenta general Paula Urenda, el presidente de la CChC Araucan\u00eda, Lorenzo Dubois; el presidente de la CPC, Ricardo Mewes, adem\u00e1s de autoridades regionales y representantes gremiales, se inaugur\u00f3 la planta de construcci\u00f3n industrializada de Canada House en la comuna de Lautaro, regi\u00f3n de La Araucan\u00eda.&nbsp;<\/p>\n\n\n\n<p>La ceremonia tuvo lugar en el Parque Industrial y Tecnol\u00f3gico de la ciudad, en donde est\u00e1 emplazado el recinto industrial que se alza como la tercera planta m\u00e1s grande del mundo de estas caracter\u00edsticas, y que permitir\u00e1 acelerar la fabricaci\u00f3n de viviendas industrializadas de madera con maquinaria de \u00faltima generaci\u00f3n.<\/p>\n\n\n\n<p><strong>Carlos Montes, ministro de Vivienda y Urbanismo,&nbsp;<\/strong>destac\u00f3 la inversi\u00f3n pues \u201cdemuestra confianza y la decisi\u00f3n de jug\u00e1rsela por el desarrollo de la regi\u00f3n. Permite generar empleo, formaci\u00f3n de personas y esperamos que responda con mucha fuerza al d\u00e9ficit de vivienda habitacional en todo el sur, no solo ac\u00e1\u201d.<\/p>\n\n\n\n<p>\u201cEs una prueba de confianza para el pa\u00eds y la regi\u00f3n\u201d, agreg\u00f3 el ministro, relevando el avance en materia habitacional, aunque explic\u00f3: \u201cquisi\u00e9ramos llegar entre 18 y 20 mil viviendas en esta regi\u00f3n, o sea que supere la meta que se estableci\u00f3, porque se ha generado una capacidad de producci\u00f3n y de trabajo p\u00fablico-privado, que demuestra que esto es posible y esperamos seguir avanzando as\u00ed\u201d.<\/p>\n\n\n\n<p>\u201cEsta regi\u00f3n ha sufrido con el tema de la violencia y el terrorismo, por lo tanto, que se haya hecho una inversi\u00f3n de esta magnitud, es realmente encomiable\u201d, enfatiz\u00f3 el&nbsp;<strong>presidente nacional de la C\u00e1mara Chilena de la Construcci\u00f3n, Alfredo Echavarr\u00eda<\/strong>. \u201cEsperemos que sea el principio del camino para que realmente esta regi\u00f3n crezca\u201d, agreg\u00f3.&nbsp;<\/p>\n\n\n\n<p>Asimismo, el l\u00edder gremial destac\u00f3 poder avanzar en procesos constructivos industrializados que aporten en reducir \u201cel d\u00e9ficit de la vivienda. Todo lo que signifique avanzar m\u00e1s r\u00e1pido, obviamente que va en el camino correcto porque no podemos seguir con la actual cantidad de requerimiento de viviendas en el pa\u00eds\u201d.<\/p>\n\n\n\n<p><strong>Reactivar La Araucan\u00eda entre todos<\/strong><\/p>\n\n\n\n<p>Seg\u00fan apunt\u00f3 el&nbsp;<strong>presidente de la C\u00e1mara Chilena de la Construcci\u00f3n Araucan\u00eda, Lorenzo Dubois,&nbsp;<\/strong>\u201ces sumamente importante este tipo de inversi\u00f3n para la regi\u00f3n, ya que fortalece el empleo, la productividad mediante la industrializaci\u00f3n, sobre todo considerando el d\u00e9ficit habitacional que hoy d\u00eda tenemos a nivel local\u201d.<\/p>\n\n\n\n<p>\u201cQuiero felicitar a la empresa Martabid por esta inversi\u00f3n e incentivar a otras para que sigan creyendo en la regi\u00f3n, de manera tal que podamos contribuir en el crecimiento de la econom\u00eda local y poder as\u00ed, sacarla entre todos adelante a La Araucan\u00eda\u201d, agreg\u00f3 Dubois.<\/p>\n\n\n\n<p>La nueva planta cuenta con 20 mil metros cuadrados construidos, enfocando el proceso de elaboraci\u00f3n hacia una construcci\u00f3n sin desechos ni accidentes, modelada tecnol\u00f3gicamente y estandarizada, permitiendo una fabricaci\u00f3n m\u00e1s limpia, segura y amigable con el medioambiente.<\/p>\n\n\n\n<p>As\u00ed lo detall\u00f3<strong>&nbsp;Jos\u00e9 Miguel Martabid, director ejecutivo empresas Martabid:&nbsp;<\/strong>\u201cEs un tremendo logro, esta planta va a solucionar muchos problemas de familias muy vulnerables que necesitan viviendas, as\u00ed que estamos muy contentos\u201d.<\/p>\n\n\n\n<p>\u201cRealizamos esta inversi\u00f3n porque queremos hacer algo grande para que efectivamente, en La Araucan\u00eda exista un proyecto de magnitud importante. La producci\u00f3n es m\u00e1s o menos de 7 mil 500 viviendas al a\u00f1o que esperamos pode distribuir desde la regi\u00f3n de O\u2019Higgins hasta Puerto Montt\u201d, complement\u00f3.<\/p>\n\n\n\n<p>El alcalde de la comuna de Lautaro,&nbsp;<strong>Ricardo Jaramillo,&nbsp;<\/strong>califica esta planta como \u201cun acto de valent\u00eda\u201d y agradece haber concretado este proyecto: \u201cEn una regi\u00f3n bastante complicada en materia de delincuencia y terrorismo, se cree en la comuna de Lautaro. Hemos hecho gestiones para mejorar la seguridad dentro del parque industrial y esto me llena de orgullo, que un empresario como Martabid, haya invertido con Canada House, entregando puestos de trabajo, soluciones medioambientales y al mismo tiempo, de viviendas para los vecinos de la comuna y la regi\u00f3n\u201d.<\/p>\n\n\n\n<figure class=\"wp-block-image size-large\"><img loading=\"lazy\" decoding=\"async\" width=\"1000\" height=\"667\" src=\"https:\/\/temucotelevision.cl\/web\/wp-content\/uploads\/2024\/11\/IMG_0390-1000x667.jpg\" alt=\"\" class=\"wp-image-53856\" srcset=\"https:\/\/temucotelevision.cl\/web\/wp-content\/uploads\/2024\/11\/IMG_0390-1000x667.jpg 1000w, https:\/\/temucotelevision.cl\/web\/wp-content\/uploads\/2024\/11\/IMG_0390-768x512.jpg 768w, https:\/\/temucotelevision.cl\/web\/wp-content\/uploads\/2024\/11\/IMG_0390-1536x1024.jpg 1536w, https:\/\/temucotelevision.cl\/web\/wp-content\/uploads\/2024\/11\/IMG_0390-2048x1365.jpg 2048w\" sizes=\"auto, (max-width: 1000px) 100vw, 1000px\" \/><\/figure>\n","protected":false},"excerpt":{"rendered":"<div class=\"pvc_clear\"><\/div>\n<p id=\"pvc_stats_53854\" class=\"pvc_stats total_only  \" data-element-id=\"53854\" style=\"\"><i class=\"pvc-stats-icon large\" aria-hidden=\"true\"><svg aria-hidden=\"true\" focusable=\"false\" data-prefix=\"far\" data-icon=\"chart-bar\" role=\"img\" xmlns=\"http:\/\/www.w3.org\/2000\/svg\" viewBox=\"0 0 512 512\" class=\"svg-inline--fa fa-chart-bar fa-w-16 fa-2x\"><path fill=\"currentColor\" d=\"M396.8 352h22.4c6.4 0 12.8-6.4 12.8-12.8V108.8c0-6.4-6.4-12.8-12.8-12.8h-22.4c-6.4 0-12.8 6.4-12.8 12.8v230.4c0 6.4 6.4 12.8 12.8 12.8zm-192 0h22.4c6.4 0 12.8-6.4 12.8-12.8V140.8c0-6.4-6.4-12.8-12.8-12.8h-22.4c-6.4 0-12.8 6.4-12.8 12.8v198.4c0 6.4 6.4 12.8 12.8 12.8zm96 0h22.4c6.4 0 12.8-6.4 12.8-12.8V204.8c0-6.4-6.4-12.8-12.8-12.8h-22.4c-6.4 0-12.8 6.4-12.8 12.8v134.4c0 6.4 6.4 12.8 12.8 12.8zM496 400H48V80c0-8.84-7.16-16-16-16H16C7.16 64 0 71.16 0 80v336c0 17.67 14.33 32 32 32h464c8.84 0 16-7.16 16-16v-16c0-8.84-7.16-16-16-16zm-387.2-48h22.4c6.4 0 12.8-6.4 12.8-12.8v-70.4c0-6.4-6.4-12.8-12.8-12.8h-22.4c-6.4 0-12.8 6.4-12.8 12.8v70.4c0 6.4 6.4 12.8 12.8 12.8z\" class=\"\"><\/path><\/svg><\/i> <img loading=\"lazy\" decoding=\"async\" width=\"16\" height=\"16\" alt=\"Loading\" src=\"https:\/\/temucotelevision.cl\/web\/wp-content\/plugins\/page-views-count\/ajax-loader-2x.gif\" border=0 \/><\/p>\n<div class=\"pvc_clear\"><\/div>\n<p>Con la presencia del ministro de Vivienda y Urbanismo, Carlos Montes, el presidente nacional de la C\u00e1mara Chilena de la<\/p>\n","protected":false},"author":1,"featured_media":53855,"comment_status":"open","ping_status":"open","sticky":false,"template":"","format":"standard","meta":{"colormag_page_container_layout":"default_layout","colormag_page_sidebar_layout":"default_layout","footnotes":""},"categories":[15],"tags":[1322],"class_list":["post-53854","post","type-post","status-publish","format-standard","has-post-thumbnail","hentry","category-la-araucania","tag-planta"],"a3_pvc":{"activated":true,"total_views":5623,"today_views":0},"_links":{"self":[{"href":"https:\/\/temucotelevision.cl\/web\/wp-json\/wp\/v2\/posts\/53854","targetHints":{"allow":["GET"]}}],"collection":[{"href":"https:\/\/temucotelevision.cl\/web\/wp-json\/wp\/v2\/posts"}],"about":[{"href":"https:\/\/temucotelevision.cl\/web\/wp-json\/wp\/v2\/types\/post"}],"author":[{"embeddable":true,"href":"https:\/\/temucotelevision.cl\/web\/wp-json\/wp\/v2\/users\/1"}],"replies":[{"embeddable":true,"href":"https:\/\/temucotelevision.cl\/web\/wp-json\/wp\/v2\/comments?post=53854"}],"version-history":[{"count":1,"href":"https:\/\/temucotelevision.cl\/web\/wp-json\/wp\/v2\/posts\/53854\/revisions"}],"predecessor-version":[{"id":53857,"href":"https:\/\/temucotelevision.cl\/web\/wp-json\/wp\/v2\/posts\/53854\/revisions\/53857"}],"wp:featuredmedia":[{"embeddable":true,"href":"https:\/\/temucotelevision.cl\/web\/wp-json\/wp\/v2\/media\/53855"}],"wp:attachment":[{"href":"https:\/\/temucotelevision.cl\/web\/wp-json\/wp\/v2\/media?parent=53854"}],"wp:term":[{"taxonomy":"category","embeddable":true,"href":"https:\/\/temucotelevision.cl\/web\/wp-json\/wp\/v2\/categories?post=53854"},{"taxonomy":"post_tag","embeddable":true,"href":"https:\/\/temucotelevision.cl\/web\/wp-json\/wp\/v2\/tags?post=53854"}],"curies":[{"name":"wp","href":"https:\/\/api.w.org\/{rel}","templated":true}]}}