{"id":53840,"date":"2024-11-26T12:14:35","date_gmt":"2024-11-26T15:14:35","guid":{"rendered":"https:\/\/temucotelevision.cl\/web\/?p=53840"},"modified":"2024-11-26T12:19:11","modified_gmt":"2024-11-26T15:19:11","slug":"desde-temuco-al-mundo-un-documental-para-reconstruir-la-historia-de-las-adopciones-ilegales-en-chile","status":"publish","type":"post","link":"https:\/\/temucotelevision.cl\/web\/2024\/11\/26\/desde-temuco-al-mundo-un-documental-para-reconstruir-la-historia-de-las-adopciones-ilegales-en-chile\/","title":{"rendered":"Desde Temuco al mundo: un documental para reconstruir la historia de las adopciones ilegales en Chile"},"content":{"rendered":"<div class=\"pvc_clear\"><\/div><p id=\"pvc_stats_53840\" class=\"pvc_stats total_only  \" data-element-id=\"53840\" style=\"\"><i class=\"pvc-stats-icon large\" aria-hidden=\"true\"><svg aria-hidden=\"true\" focusable=\"false\" data-prefix=\"far\" data-icon=\"chart-bar\" role=\"img\" xmlns=\"http:\/\/www.w3.org\/2000\/svg\" viewBox=\"0 0 512 512\" class=\"svg-inline--fa fa-chart-bar fa-w-16 fa-2x\"><path fill=\"currentColor\" d=\"M396.8 352h22.4c6.4 0 12.8-6.4 12.8-12.8V108.8c0-6.4-6.4-12.8-12.8-12.8h-22.4c-6.4 0-12.8 6.4-12.8 12.8v230.4c0 6.4 6.4 12.8 12.8 12.8zm-192 0h22.4c6.4 0 12.8-6.4 12.8-12.8V140.8c0-6.4-6.4-12.8-12.8-12.8h-22.4c-6.4 0-12.8 6.4-12.8 12.8v198.4c0 6.4 6.4 12.8 12.8 12.8zm96 0h22.4c6.4 0 12.8-6.4 12.8-12.8V204.8c0-6.4-6.4-12.8-12.8-12.8h-22.4c-6.4 0-12.8 6.4-12.8 12.8v134.4c0 6.4 6.4 12.8 12.8 12.8zM496 400H48V80c0-8.84-7.16-16-16-16H16C7.16 64 0 71.16 0 80v336c0 17.67 14.33 32 32 32h464c8.84 0 16-7.16 16-16v-16c0-8.84-7.16-16-16-16zm-387.2-48h22.4c6.4 0 12.8-6.4 12.8-12.8v-70.4c0-6.4-6.4-12.8-12.8-12.8h-22.4c-6.4 0-12.8 6.4-12.8 12.8v70.4c0 6.4 6.4 12.8 12.8 12.8z\" class=\"\"><\/path><\/svg><\/i> <img loading=\"lazy\" decoding=\"async\" width=\"16\" height=\"16\" alt=\"Loading\" src=\"https:\/\/temucotelevision.cl\/web\/wp-content\/plugins\/page-views-count\/ajax-loader-2x.gif\" border=0 \/><\/p><div class=\"pvc_clear\"><\/div>\n<p>Durante d\u00e9cadas, y con c\u00e1lculos aproximados, m\u00e1s de 20 mil ni\u00f1as y ni\u00f1os chilenos fueron separados de sus familias bajo dudosos m\u00e9todos, siendo enviados al extranjero en procesos de adopci\u00f3n ilegal que marcaron a generaciones enteras. Y es as\u00ed como Investigaciones recientes han identificado al menos 18 pa\u00edses a los que fueron llevados menores desde Chile, contando una cifra que puede llegar a superar los 20 mil casos.&nbsp;<\/p>\n\n\n\n<p>En este contexto, desde Temuco nace el proyecto audiovisual \u201cHuellas de Ausencia\u201d, un documental testimonial ganador de los Fondos de Desarrollo Regional, FNDR 2024, y que fue postulado por la organizaci\u00f3n social \u201cSolidaridad Temuco\u201d. El material busca mostrar impactantes testimonios sobre este oscuro cap\u00edtulo de la historia chilena, abordando las profundas desigualdades sociales, \u00e9tnicas y de g\u00e9nero, que llevaron a cientos de familias a perder a sus hijos en la regi\u00f3n de La Araucan\u00eda.<\/p>\n\n\n\n<p>Bajo la direcci\u00f3n del conocido periodista regional Santiago Rodr\u00edguez; y desarrollado por la Pointaparte Producciones tiene, como objetivo principal, visibilizar las experiencias emocionales de las v\u00edctimas de adopciones ilegales en Temuco durante los 60\u2019s; y, sobre todo, en las d\u00e9cadas de los 70\u2019s y 80\u2019s. A trav\u00e9s de testimonios de mujeres y familias afectadas, \u201cHuellas de Ausencia\u201d busca sensibilizar al p\u00fablico sobre las injusticias sufridas y promover un di\u00e1logo necesario sobre la justicia, la verdad y la reparaci\u00f3n.<\/p>\n\n\n\n<p>Al respecto, el consejero regional, Leonardo Astete, destac\u00f3 la importancia del proyecto para colaborar al esclarecimiento de lo que realmente ocurri\u00f3 con las adopciones ilegales y el paradero de estos ni\u00f1os. \u201cEs un tema muy sensible y que requiere reparaci\u00f3n justicia, pero tambi\u00e9n que la ciudadan\u00eda conozca la problem\u00e1tica y c\u00f3mo esto ha afectado la calidad de vida de muchas mujeres\u201d, enfatiz\u00f3.<\/p>\n\n\n\n<p>El presidente de la agrupaci\u00f3n Solidaridad Temuco, Alex Manosalva, dijo que como organizaci\u00f3n han abrazado este proyecto para dar a conocer esta triste realidad. \u201cHay familias completas que no cuentan con uno de sus integrantes por una acci\u00f3n ilegal que involucr\u00f3 civiles y funcionarios de Estado y es necesario evidenciar esto para que nunca m\u00e1s ocurra y ver si alguien puede aportar informaci\u00f3n para encontrar a estos ni\u00f1os, que hoy ya son adultos, devolvi\u00e9ndoles as\u00ed la paz a estas madres, hermanos y familias\u201d.<\/p>\n\n\n\n<p>El periodista encargado del proyecto, Santiago Rodriguez, relev\u00f3 el hecho de que en Chile siempre se ha escuchado hablar de este tema, pero pocos saben que fueron m\u00e1s de 20 mil ni\u00f1os y ni\u00f1as en este pa\u00eds. \u201cLa adopci\u00f3n ilegal no solo separ\u00f3 familias, sino que tambi\u00e9n reflej\u00f3 profundas desigualdades que afectaron con mayor fuerza a mujeres vulnerables por su etnia, clase social o hasta por su condici\u00f3n familiar. Y este proyecto audiovisual pretende analizar c\u00f3mo estas din\u00e1micas de g\u00e9nero y poder, contribuyeron a exponer a mujeres a un sistema que en muchos casos las despoj\u00f3 de hijos sin su consentimiento\u201d, reflexion\u00f3.<\/p>\n\n\n\n<p><strong>Un llamado a la memoria y la reparaci\u00f3n<\/strong><\/p>\n\n\n\n<p>\u201cHuellas de Ausencia\u201d no solo busca ser un proyecto audiovisual; es tambi\u00e9n una invitaci\u00f3n a reflexionar como sociedad sobre los errores del pasado y la importancia de garantizar que estos hechos no se repitan. Por tanto, se busca generar conciencia, promover el di\u00e1logo y abogar por medidas concretas que permitan justicia y reparaci\u00f3n para los afectados.<\/p>\n\n\n\n<p>Durante el desarrollo del documental, se ha puesto especial \u00e9nfasis en la contenci\u00f3n emocional de las personas entrevistadas, un aspecto clave que ha sido abordado con profesionalismo y sensibilidad por la psic\u00f3loga y Mag\u00edster en Psicolog\u00eda Jur\u00eddica y Forense, Fabiola Haro.&nbsp;<\/p>\n\n\n\n<p>Finalmente, cabe destacar que el proyecto cuenta con la activa participaci\u00f3n y acompa\u00f1amiento de la agrupaci\u00f3n nacional Hijos y Madres del Silencio, quien ha trabajado incansablemente para brindar apoyo a las mujeres v\u00edctimas de adopciones ilegales y facilitar los reencuentros familiares, un proceso particularmente complejo, debido al cambio de identidad impuesto a los hijos adoptados incluso antes del momento de su adopci\u00f3n.<\/p>\n\n\n\n<figure class=\"wp-block-image size-large\"><img loading=\"lazy\" decoding=\"async\" width=\"688\" height=\"1000\" src=\"https:\/\/temucotelevision.cl\/web\/wp-content\/uploads\/2024\/11\/afiche-generico-prensa-1-688x1000.jpg\" alt=\"\" class=\"wp-image-53843\" srcset=\"https:\/\/temucotelevision.cl\/web\/wp-content\/uploads\/2024\/11\/afiche-generico-prensa-1-688x1000.jpg 688w, https:\/\/temucotelevision.cl\/web\/wp-content\/uploads\/2024\/11\/afiche-generico-prensa-1-768x1117.jpg 768w, https:\/\/temucotelevision.cl\/web\/wp-content\/uploads\/2024\/11\/afiche-generico-prensa-1-1056x1536.jpg 1056w, https:\/\/temucotelevision.cl\/web\/wp-content\/uploads\/2024\/11\/afiche-generico-prensa-1-1408x2048.jpg 1408w, https:\/\/temucotelevision.cl\/web\/wp-content\/uploads\/2024\/11\/afiche-generico-prensa-1-scaled.jpg 1760w\" sizes=\"auto, (max-width: 688px) 100vw, 688px\" \/><\/figure>\n","protected":false},"excerpt":{"rendered":"<div class=\"pvc_clear\"><\/div>\n<p id=\"pvc_stats_53840\" class=\"pvc_stats total_only  \" data-element-id=\"53840\" style=\"\"><i class=\"pvc-stats-icon large\" aria-hidden=\"true\"><svg aria-hidden=\"true\" focusable=\"false\" data-prefix=\"far\" data-icon=\"chart-bar\" role=\"img\" xmlns=\"http:\/\/www.w3.org\/2000\/svg\" viewBox=\"0 0 512 512\" class=\"svg-inline--fa fa-chart-bar fa-w-16 fa-2x\"><path fill=\"currentColor\" d=\"M396.8 352h22.4c6.4 0 12.8-6.4 12.8-12.8V108.8c0-6.4-6.4-12.8-12.8-12.8h-22.4c-6.4 0-12.8 6.4-12.8 12.8v230.4c0 6.4 6.4 12.8 12.8 12.8zm-192 0h22.4c6.4 0 12.8-6.4 12.8-12.8V140.8c0-6.4-6.4-12.8-12.8-12.8h-22.4c-6.4 0-12.8 6.4-12.8 12.8v198.4c0 6.4 6.4 12.8 12.8 12.8zm96 0h22.4c6.4 0 12.8-6.4 12.8-12.8V204.8c0-6.4-6.4-12.8-12.8-12.8h-22.4c-6.4 0-12.8 6.4-12.8 12.8v134.4c0 6.4 6.4 12.8 12.8 12.8zM496 400H48V80c0-8.84-7.16-16-16-16H16C7.16 64 0 71.16 0 80v336c0 17.67 14.33 32 32 32h464c8.84 0 16-7.16 16-16v-16c0-8.84-7.16-16-16-16zm-387.2-48h22.4c6.4 0 12.8-6.4 12.8-12.8v-70.4c0-6.4-6.4-12.8-12.8-12.8h-22.4c-6.4 0-12.8 6.4-12.8 12.8v70.4c0 6.4 6.4 12.8 12.8 12.8z\" class=\"\"><\/path><\/svg><\/i> <img loading=\"lazy\" decoding=\"async\" width=\"16\" height=\"16\" alt=\"Loading\" src=\"https:\/\/temucotelevision.cl\/web\/wp-content\/plugins\/page-views-count\/ajax-loader-2x.gif\" border=0 \/><\/p>\n<div class=\"pvc_clear\"><\/div>\n<p>Durante d\u00e9cadas, y con c\u00e1lculos aproximados, m\u00e1s de 20 mil ni\u00f1as y ni\u00f1os chilenos fueron separados de sus familias bajo<\/p>\n","protected":false},"author":1,"featured_media":53841,"comment_status":"open","ping_status":"open","sticky":false,"template":"","format":"standard","meta":{"colormag_page_container_layout":"default_layout","colormag_page_sidebar_layout":"default_layout","footnotes":""},"categories":[18,14],"tags":[2160],"class_list":["post-53840","post","type-post","status-publish","format-standard","has-post-thumbnail","hentry","category-nacional","category-temuco","tag-documental"],"a3_pvc":{"activated":true,"total_views":2063,"today_views":0},"_links":{"self":[{"href":"https:\/\/temucotelevision.cl\/web\/wp-json\/wp\/v2\/posts\/53840","targetHints":{"allow":["GET"]}}],"collection":[{"href":"https:\/\/temucotelevision.cl\/web\/wp-json\/wp\/v2\/posts"}],"about":[{"href":"https:\/\/temucotelevision.cl\/web\/wp-json\/wp\/v2\/types\/post"}],"author":[{"embeddable":true,"href":"https:\/\/temucotelevision.cl\/web\/wp-json\/wp\/v2\/users\/1"}],"replies":[{"embeddable":true,"href":"https:\/\/temucotelevision.cl\/web\/wp-json\/wp\/v2\/comments?post=53840"}],"version-history":[{"count":2,"href":"https:\/\/temucotelevision.cl\/web\/wp-json\/wp\/v2\/posts\/53840\/revisions"}],"predecessor-version":[{"id":53844,"href":"https:\/\/temucotelevision.cl\/web\/wp-json\/wp\/v2\/posts\/53840\/revisions\/53844"}],"wp:featuredmedia":[{"embeddable":true,"href":"https:\/\/temucotelevision.cl\/web\/wp-json\/wp\/v2\/media\/53841"}],"wp:attachment":[{"href":"https:\/\/temucotelevision.cl\/web\/wp-json\/wp\/v2\/media?parent=53840"}],"wp:term":[{"taxonomy":"category","embeddable":true,"href":"https:\/\/temucotelevision.cl\/web\/wp-json\/wp\/v2\/categories?post=53840"},{"taxonomy":"post_tag","embeddable":true,"href":"https:\/\/temucotelevision.cl\/web\/wp-json\/wp\/v2\/tags?post=53840"}],"curies":[{"name":"wp","href":"https:\/\/api.w.org\/{rel}","templated":true}]}}