{"id":53834,"date":"2024-11-25T22:00:31","date_gmt":"2024-11-26T01:00:31","guid":{"rendered":"https:\/\/temucotelevision.cl\/web\/?p=53834"},"modified":"2024-11-25T22:00:32","modified_gmt":"2024-11-26T01:00:32","slug":"bomberos-reciben-capacitacion-especializada-para-el-combate-de-incendios-forestales","status":"publish","type":"post","link":"https:\/\/temucotelevision.cl\/web\/2024\/11\/25\/bomberos-reciben-capacitacion-especializada-para-el-combate-de-incendios-forestales\/","title":{"rendered":"Bomberos reciben capacitaci\u00f3n especializada para el combate de incendios forestales"},"content":{"rendered":"<div class=\"pvc_clear\"><\/div><p id=\"pvc_stats_53834\" class=\"pvc_stats total_only  \" data-element-id=\"53834\" style=\"\"><i class=\"pvc-stats-icon large\" aria-hidden=\"true\"><svg aria-hidden=\"true\" focusable=\"false\" data-prefix=\"far\" data-icon=\"chart-bar\" role=\"img\" xmlns=\"http:\/\/www.w3.org\/2000\/svg\" viewBox=\"0 0 512 512\" class=\"svg-inline--fa fa-chart-bar fa-w-16 fa-2x\"><path fill=\"currentColor\" d=\"M396.8 352h22.4c6.4 0 12.8-6.4 12.8-12.8V108.8c0-6.4-6.4-12.8-12.8-12.8h-22.4c-6.4 0-12.8 6.4-12.8 12.8v230.4c0 6.4 6.4 12.8 12.8 12.8zm-192 0h22.4c6.4 0 12.8-6.4 12.8-12.8V140.8c0-6.4-6.4-12.8-12.8-12.8h-22.4c-6.4 0-12.8 6.4-12.8 12.8v198.4c0 6.4 6.4 12.8 12.8 12.8zm96 0h22.4c6.4 0 12.8-6.4 12.8-12.8V204.8c0-6.4-6.4-12.8-12.8-12.8h-22.4c-6.4 0-12.8 6.4-12.8 12.8v134.4c0 6.4 6.4 12.8 12.8 12.8zM496 400H48V80c0-8.84-7.16-16-16-16H16C7.16 64 0 71.16 0 80v336c0 17.67 14.33 32 32 32h464c8.84 0 16-7.16 16-16v-16c0-8.84-7.16-16-16-16zm-387.2-48h22.4c6.4 0 12.8-6.4 12.8-12.8v-70.4c0-6.4-6.4-12.8-12.8-12.8h-22.4c-6.4 0-12.8 6.4-12.8 12.8v70.4c0 6.4 6.4 12.8 12.8 12.8z\" class=\"\"><\/path><\/svg><\/i> <img loading=\"lazy\" decoding=\"async\" width=\"16\" height=\"16\" alt=\"Loading\" src=\"https:\/\/temucotelevision.cl\/web\/wp-content\/plugins\/page-views-count\/ajax-loader-2x.gif\" border=0 \/><\/p><div class=\"pvc_clear\"><\/div>\n<p><strong>Para fin de a\u00f1o, Corma proyecta preparar 600 voluntarios de las regiones de O\u2019Higgins, Maule, \u00d1uble y Biob\u00edo, para fortalecer la respuesta ante las emergencias.<\/strong><\/p>\n\n\n\n<p>En un esfuerzo por enfrentar los crecientes desaf\u00edos de los incendios forestales en las zonas de interfaz (bosque-viviendas), el programa de capacitaci\u00f3n de Corma en coordinaci\u00f3n con la Academia Nacional de Bomberos (ANB), espera formar para fin de a\u00f1o m\u00e1s de 600 voluntarios de las regiones de O\u00b4Higgins, Maule, \u00d1uble y Biob\u00edo.&nbsp;&nbsp;<\/p>\n\n\n\n<p>Esta capacitaci\u00f3n incluye la formaci\u00f3n en comportamiento del fuego, t\u00e9cnicas de combate de incendios vegetacionales y el manejo de motosierras, dotando a los voluntarios con habilidades especializadas para una respuesta r\u00e1pida y efectiva.<\/p>\n\n\n\n<p>El Jefe de Operaciones de Corma Maule &#8211; O\u2019Higgins y encargado de las capacitaciones, Alex Leiva, sostiene que los cursos de comportamiento del fuego y estrategias de combate, est\u00e1n acreditados y reconocidos por la ANB, \u201clo que permite que estos voluntarios queden registrados oficialmente como bomberos especializados en esa \u00e1rea\u201d.<\/p>\n\n\n\n<p>Agreg\u00f3 que \u201cen Maule ya llevamos 250 bomberos capacitados. No estamos formando brigadistas, sino&nbsp;una fuerza de trabajo para proteger vidas y&nbsp;respondedores capacitados para la primera respuesta en la emergencia, que comprendan c\u00f3mo aislar combustible y el comportamiento del fuego en bosques\u201d.<\/p>\n\n\n\n<p>Por su parte, el Presidente del Departamento de Protecci\u00f3n del Bosque, Ram\u00f3n Figueroa, manifest\u00f3 que \u201cel rol de los bomberos en el combate ha sido fundamental en zonas donde las viviendas est\u00e1n cada vez m\u00e1s cerca de las \u00e1reas boscosas, pero especialmente, en el campo donde cuesta llegar con los recursos de Conaf y Corma, ya que si no se controlan de forma r\u00e1pida, se pueden transformar en grandes incendios\u201d.<\/p>\n\n\n\n<p>En mayo de 2023, en la S\u00e9ptima Compa\u00f1\u00eda de Concepci\u00f3n, Bomberos de Chile y Corma, firmaron el convenio para entregar capacitaci\u00f3n y nuevas herramientas a 5 mil voluntarios para el combate y control de incendios forestales entre las regiones de O\u00b4Higgins y Los Lagos, con el fin de llegar a mejorar su seguridad durante la contenci\u00f3n y liquidaci\u00f3n, establecer los roles y responsabilidades en una emergencia y un est\u00e1ndar de entrenamiento.&nbsp;<\/p>\n\n\n\n<p>Este programa de capacitaci\u00f3n no s\u00f3lo mejora las habilidades de los bomberos para responder de manera m\u00e1s eficiente a las emergencias, sino que tambi\u00e9n consolida una red de colaboraci\u00f3n entre instituciones p\u00fablicas y privadas, en la lucha contra los incendios.&nbsp;<\/p>\n\n\n\n<p>El Presidente Nacional de Bomberos de Chile, Juan Carlos Field, se\u00f1al\u00f3 que \u201ccomo voluntarios siempre hemos asumido con responsabilidad nuestra labor en incendios forestales, particularmente frente a la creciente complejidad de la interfaz bosque-viviendas. Nuestra Academia Nacional de Bomberos incorpora el curso \u2018Control de Incendios Forestales para Bomberos\u2019, garantizando una formaci\u00f3n especializada y alineada con los desaf\u00edos actuales\u201d.<\/p>\n\n\n\n<p>Asimismo, destac\u00f3 que \u201cmediante el Grupo de Trabajo Operacional de Incendios Forestales del Sistema Nacional de Operaciones (SNO) de Bomberos de Chile, hemos avanzado en la estandarizaci\u00f3n de procesos, lo que nos permite movilizar recursos entre regiones y optimizar nuestra capacidad de respuesta en situaciones cr\u00edticas. Este enfoque colaborativo es clave para enfrentar emergencias de gran escala\u201d.<\/p>\n\n\n\n<p>Finalmente, enfatiz\u00f3 que \u201cla alianza entre Corma y Bomberos de Chile refuerza el trabajo en equipo y la coordinaci\u00f3n interinstitucional, potenciando una respuesta m\u00e1s eficiente para proteger vidas, comunidades y recursos forestales, siempre bajo el objetivo com\u00fan de hacer frente a los incendios forestales con \u00e9xito\u201d.<\/p>\n\n\n\n<figure class=\"wp-block-image size-large\"><img loading=\"lazy\" decoding=\"async\" width=\"1000\" height=\"563\" src=\"https:\/\/temucotelevision.cl\/web\/wp-content\/uploads\/2024\/11\/Capacitacion-Bomberos-8-1000x563.jpeg\" alt=\"\" class=\"wp-image-53836\" srcset=\"https:\/\/temucotelevision.cl\/web\/wp-content\/uploads\/2024\/11\/Capacitacion-Bomberos-8-1000x563.jpeg 1000w, https:\/\/temucotelevision.cl\/web\/wp-content\/uploads\/2024\/11\/Capacitacion-Bomberos-8-768x432.jpeg 768w, https:\/\/temucotelevision.cl\/web\/wp-content\/uploads\/2024\/11\/Capacitacion-Bomberos-8-1536x864.jpeg 1536w, https:\/\/temucotelevision.cl\/web\/wp-content\/uploads\/2024\/11\/Capacitacion-Bomberos-8.jpeg 1600w\" sizes=\"auto, (max-width: 1000px) 100vw, 1000px\" \/><\/figure>\n","protected":false},"excerpt":{"rendered":"<div class=\"pvc_clear\"><\/div>\n<p id=\"pvc_stats_53834\" class=\"pvc_stats total_only  \" data-element-id=\"53834\" style=\"\"><i class=\"pvc-stats-icon large\" aria-hidden=\"true\"><svg aria-hidden=\"true\" focusable=\"false\" data-prefix=\"far\" data-icon=\"chart-bar\" role=\"img\" xmlns=\"http:\/\/www.w3.org\/2000\/svg\" viewBox=\"0 0 512 512\" class=\"svg-inline--fa fa-chart-bar fa-w-16 fa-2x\"><path fill=\"currentColor\" d=\"M396.8 352h22.4c6.4 0 12.8-6.4 12.8-12.8V108.8c0-6.4-6.4-12.8-12.8-12.8h-22.4c-6.4 0-12.8 6.4-12.8 12.8v230.4c0 6.4 6.4 12.8 12.8 12.8zm-192 0h22.4c6.4 0 12.8-6.4 12.8-12.8V140.8c0-6.4-6.4-12.8-12.8-12.8h-22.4c-6.4 0-12.8 6.4-12.8 12.8v198.4c0 6.4 6.4 12.8 12.8 12.8zm96 0h22.4c6.4 0 12.8-6.4 12.8-12.8V204.8c0-6.4-6.4-12.8-12.8-12.8h-22.4c-6.4 0-12.8 6.4-12.8 12.8v134.4c0 6.4 6.4 12.8 12.8 12.8zM496 400H48V80c0-8.84-7.16-16-16-16H16C7.16 64 0 71.16 0 80v336c0 17.67 14.33 32 32 32h464c8.84 0 16-7.16 16-16v-16c0-8.84-7.16-16-16-16zm-387.2-48h22.4c6.4 0 12.8-6.4 12.8-12.8v-70.4c0-6.4-6.4-12.8-12.8-12.8h-22.4c-6.4 0-12.8 6.4-12.8 12.8v70.4c0 6.4 6.4 12.8 12.8 12.8z\" class=\"\"><\/path><\/svg><\/i> <img loading=\"lazy\" decoding=\"async\" width=\"16\" height=\"16\" alt=\"Loading\" src=\"https:\/\/temucotelevision.cl\/web\/wp-content\/plugins\/page-views-count\/ajax-loader-2x.gif\" border=0 \/><\/p>\n<div class=\"pvc_clear\"><\/div>\n<p>Para fin de a\u00f1o, Corma proyecta preparar 600 voluntarios de las regiones de O\u2019Higgins, Maule, \u00d1uble y Biob\u00edo, para fortalecer<\/p>\n","protected":false},"author":1,"featured_media":53835,"comment_status":"open","ping_status":"open","sticky":false,"template":"","format":"standard","meta":{"colormag_page_container_layout":"default_layout","colormag_page_sidebar_layout":"default_layout","footnotes":""},"categories":[101,18],"tags":[304],"class_list":["post-53834","post","type-post","status-publish","format-standard","has-post-thumbnail","hentry","category-actualidad","category-nacional","tag-bomberos"],"a3_pvc":{"activated":true,"total_views":1222,"today_views":0},"_links":{"self":[{"href":"https:\/\/temucotelevision.cl\/web\/wp-json\/wp\/v2\/posts\/53834","targetHints":{"allow":["GET"]}}],"collection":[{"href":"https:\/\/temucotelevision.cl\/web\/wp-json\/wp\/v2\/posts"}],"about":[{"href":"https:\/\/temucotelevision.cl\/web\/wp-json\/wp\/v2\/types\/post"}],"author":[{"embeddable":true,"href":"https:\/\/temucotelevision.cl\/web\/wp-json\/wp\/v2\/users\/1"}],"replies":[{"embeddable":true,"href":"https:\/\/temucotelevision.cl\/web\/wp-json\/wp\/v2\/comments?post=53834"}],"version-history":[{"count":1,"href":"https:\/\/temucotelevision.cl\/web\/wp-json\/wp\/v2\/posts\/53834\/revisions"}],"predecessor-version":[{"id":53837,"href":"https:\/\/temucotelevision.cl\/web\/wp-json\/wp\/v2\/posts\/53834\/revisions\/53837"}],"wp:featuredmedia":[{"embeddable":true,"href":"https:\/\/temucotelevision.cl\/web\/wp-json\/wp\/v2\/media\/53835"}],"wp:attachment":[{"href":"https:\/\/temucotelevision.cl\/web\/wp-json\/wp\/v2\/media?parent=53834"}],"wp:term":[{"taxonomy":"category","embeddable":true,"href":"https:\/\/temucotelevision.cl\/web\/wp-json\/wp\/v2\/categories?post=53834"},{"taxonomy":"post_tag","embeddable":true,"href":"https:\/\/temucotelevision.cl\/web\/wp-json\/wp\/v2\/tags?post=53834"}],"curies":[{"name":"wp","href":"https:\/\/api.w.org\/{rel}","templated":true}]}}