{"id":53827,"date":"2024-11-25T19:52:20","date_gmt":"2024-11-25T22:52:20","guid":{"rendered":"https:\/\/temucotelevision.cl\/web\/?p=53827"},"modified":"2024-11-25T19:53:29","modified_gmt":"2024-11-25T22:53:29","slug":"vina-del-mar-2025-morat-encabeza-un-cartel-de-estrellas-latinas","status":"publish","type":"post","link":"https:\/\/temucotelevision.cl\/web\/2024\/11\/25\/vina-del-mar-2025-morat-encabeza-un-cartel-de-estrellas-latinas\/","title":{"rendered":"Vi\u00f1a del Mar 2025: Morat encabeza un cartel de estrellas latinas"},"content":{"rendered":"<div class=\"pvc_clear\"><\/div><p id=\"pvc_stats_53827\" class=\"pvc_stats total_only  \" data-element-id=\"53827\" style=\"\"><i class=\"pvc-stats-icon large\" aria-hidden=\"true\"><svg aria-hidden=\"true\" focusable=\"false\" data-prefix=\"far\" data-icon=\"chart-bar\" role=\"img\" xmlns=\"http:\/\/www.w3.org\/2000\/svg\" viewBox=\"0 0 512 512\" class=\"svg-inline--fa fa-chart-bar fa-w-16 fa-2x\"><path fill=\"currentColor\" d=\"M396.8 352h22.4c6.4 0 12.8-6.4 12.8-12.8V108.8c0-6.4-6.4-12.8-12.8-12.8h-22.4c-6.4 0-12.8 6.4-12.8 12.8v230.4c0 6.4 6.4 12.8 12.8 12.8zm-192 0h22.4c6.4 0 12.8-6.4 12.8-12.8V140.8c0-6.4-6.4-12.8-12.8-12.8h-22.4c-6.4 0-12.8 6.4-12.8 12.8v198.4c0 6.4 6.4 12.8 12.8 12.8zm96 0h22.4c6.4 0 12.8-6.4 12.8-12.8V204.8c0-6.4-6.4-12.8-12.8-12.8h-22.4c-6.4 0-12.8 6.4-12.8 12.8v134.4c0 6.4 6.4 12.8 12.8 12.8zM496 400H48V80c0-8.84-7.16-16-16-16H16C7.16 64 0 71.16 0 80v336c0 17.67 14.33 32 32 32h464c8.84 0 16-7.16 16-16v-16c0-8.84-7.16-16-16-16zm-387.2-48h22.4c6.4 0 12.8-6.4 12.8-12.8v-70.4c0-6.4-6.4-12.8-12.8-12.8h-22.4c-6.4 0-12.8 6.4-12.8 12.8v70.4c0 6.4 6.4 12.8 12.8 12.8z\" class=\"\"><\/path><\/svg><\/i> <img loading=\"lazy\" decoding=\"async\" width=\"16\" height=\"16\" alt=\"Loading\" src=\"https:\/\/temucotelevision.cl\/web\/wp-content\/plugins\/page-views-count\/ajax-loader-2x.gif\" border=0 \/><\/p><div class=\"pvc_clear\"><\/div>\n<p><em><strong>La banda colombiana se presenta en uno de los escenarios m\u00e1s prestigiosos de la m\u00fasica latina tras a\u00f1os de expectativas de sus seguidores.<\/strong><\/em><\/p>\n\n\n\n<p>La banda de pop rock latina m\u00e1s importante del momento,&nbsp;<strong>Morat<\/strong>, ha sido anunciada como uno de los artistas principales en la edici\u00f3n 2025 del&nbsp;<strong>Festival Vi\u00f1a del Mar<\/strong>, uno de los eventos m\u00e1s emblem\u00e1ticos y prestigiosos de la m\u00fasica latina. Tras a\u00f1os de peticiones por parte de sus fan\u00e1ticos, que han estado esperando con ansias verlos en este escenario, finalmente Morat har\u00e1 su debut en el festival que se celebra en la ciudad costera de Vi\u00f1a del Mar, Chile.<\/p>\n\n\n\n<p>Este anuncio llega en un momento culminante de la carrera de Morat, que se encuentra en la recta final de su exitosa gira&nbsp;<em>&#8220;Morat: Los estadios&#8221;<\/em>. En esta gira mundial, la banda ha cautivado a m\u00e1s de&nbsp;<strong>800.000 personas<\/strong>&nbsp;en 25 presentaciones por todo el mundo, y ahora se alista para el \u00faltimo tramo con&nbsp;<strong>8 conciertos en estadios<\/strong>&nbsp;en&nbsp;<strong>M\u00e9xico<\/strong>, finalizando con tres grandes shows en los&nbsp;<strong>estadios GNP<\/strong>&nbsp;los pr\u00f3ximos&nbsp;<strong>13, 14 y 15 de diciembre<\/strong>.<\/p>\n\n\n\n<p>Con una carrera llena de \u00e9xitos, que incluyen su reciente single&nbsp;<em>&#8220;Por si no te vuelvo a ver&#8221;<\/em>&nbsp;y colaboraciones destacadas como&nbsp;<em>&#8220;Salir con vida&#8221;<\/em>&nbsp;junto a&nbsp;<strong>Feid<\/strong>&nbsp;y&nbsp;<em>&#8220;Paris&#8221;<\/em>&nbsp;con&nbsp;<strong>Duki<\/strong>, Morat contin\u00faa consolid\u00e1ndose como una de las bandas m\u00e1s relevantes de la m\u00fasica latina. En el Festival Vi\u00f1a del Mar 2025, Morat compartir\u00e1 escenario con otros grandes artistas como&nbsp;<strong>Sebasti\u00e1n Yatra<\/strong>,&nbsp;<strong>Carlos Vives<\/strong>&nbsp;y&nbsp;<strong>Duki<\/strong>, entre otros.<\/p>\n\n\n\n<p>Vi\u00f1a del Mar es reconocido mundialmente como uno de los festivales m\u00e1s importantes de la m\u00fasica latina, y la inclusi\u00f3n de Morat en su cartel para 2025 refleja el impacto global de la banda y su incansable conexi\u00f3n con el p\u00fablico. Con su estilo \u00fanico, que fusiona pop, rock y ritmos latinos, Morat ha logrado conquistar millones de corazones y consolidarse como un referente del pop rock en espa\u00f1ol.<\/p>\n","protected":false},"excerpt":{"rendered":"<div class=\"pvc_clear\"><\/div>\n<p id=\"pvc_stats_53827\" class=\"pvc_stats total_only  \" data-element-id=\"53827\" style=\"\"><i class=\"pvc-stats-icon large\" aria-hidden=\"true\"><svg aria-hidden=\"true\" focusable=\"false\" data-prefix=\"far\" data-icon=\"chart-bar\" role=\"img\" xmlns=\"http:\/\/www.w3.org\/2000\/svg\" viewBox=\"0 0 512 512\" class=\"svg-inline--fa fa-chart-bar fa-w-16 fa-2x\"><path fill=\"currentColor\" d=\"M396.8 352h22.4c6.4 0 12.8-6.4 12.8-12.8V108.8c0-6.4-6.4-12.8-12.8-12.8h-22.4c-6.4 0-12.8 6.4-12.8 12.8v230.4c0 6.4 6.4 12.8 12.8 12.8zm-192 0h22.4c6.4 0 12.8-6.4 12.8-12.8V140.8c0-6.4-6.4-12.8-12.8-12.8h-22.4c-6.4 0-12.8 6.4-12.8 12.8v198.4c0 6.4 6.4 12.8 12.8 12.8zm96 0h22.4c6.4 0 12.8-6.4 12.8-12.8V204.8c0-6.4-6.4-12.8-12.8-12.8h-22.4c-6.4 0-12.8 6.4-12.8 12.8v134.4c0 6.4 6.4 12.8 12.8 12.8zM496 400H48V80c0-8.84-7.16-16-16-16H16C7.16 64 0 71.16 0 80v336c0 17.67 14.33 32 32 32h464c8.84 0 16-7.16 16-16v-16c0-8.84-7.16-16-16-16zm-387.2-48h22.4c6.4 0 12.8-6.4 12.8-12.8v-70.4c0-6.4-6.4-12.8-12.8-12.8h-22.4c-6.4 0-12.8 6.4-12.8 12.8v70.4c0 6.4 6.4 12.8 12.8 12.8z\" class=\"\"><\/path><\/svg><\/i> <img loading=\"lazy\" decoding=\"async\" width=\"16\" height=\"16\" alt=\"Loading\" src=\"https:\/\/temucotelevision.cl\/web\/wp-content\/plugins\/page-views-count\/ajax-loader-2x.gif\" border=0 \/><\/p>\n<div class=\"pvc_clear\"><\/div>\n<p>La banda colombiana se presenta en uno de los escenarios m\u00e1s prestigiosos de la m\u00fasica latina tras a\u00f1os de expectativas<\/p>\n","protected":false},"author":1,"featured_media":53828,"comment_status":"open","ping_status":"open","sticky":false,"template":"","format":"standard","meta":{"colormag_page_container_layout":"default_layout","colormag_page_sidebar_layout":"default_layout","footnotes":""},"categories":[369],"tags":[141,631],"class_list":["post-53827","post","type-post","status-publish","format-standard","has-post-thumbnail","hentry","category-musica","tag-festival","tag-vina"],"a3_pvc":{"activated":true,"total_views":2839,"today_views":0},"_links":{"self":[{"href":"https:\/\/temucotelevision.cl\/web\/wp-json\/wp\/v2\/posts\/53827","targetHints":{"allow":["GET"]}}],"collection":[{"href":"https:\/\/temucotelevision.cl\/web\/wp-json\/wp\/v2\/posts"}],"about":[{"href":"https:\/\/temucotelevision.cl\/web\/wp-json\/wp\/v2\/types\/post"}],"author":[{"embeddable":true,"href":"https:\/\/temucotelevision.cl\/web\/wp-json\/wp\/v2\/users\/1"}],"replies":[{"embeddable":true,"href":"https:\/\/temucotelevision.cl\/web\/wp-json\/wp\/v2\/comments?post=53827"}],"version-history":[{"count":2,"href":"https:\/\/temucotelevision.cl\/web\/wp-json\/wp\/v2\/posts\/53827\/revisions"}],"predecessor-version":[{"id":53830,"href":"https:\/\/temucotelevision.cl\/web\/wp-json\/wp\/v2\/posts\/53827\/revisions\/53830"}],"wp:featuredmedia":[{"embeddable":true,"href":"https:\/\/temucotelevision.cl\/web\/wp-json\/wp\/v2\/media\/53828"}],"wp:attachment":[{"href":"https:\/\/temucotelevision.cl\/web\/wp-json\/wp\/v2\/media?parent=53827"}],"wp:term":[{"taxonomy":"category","embeddable":true,"href":"https:\/\/temucotelevision.cl\/web\/wp-json\/wp\/v2\/categories?post=53827"},{"taxonomy":"post_tag","embeddable":true,"href":"https:\/\/temucotelevision.cl\/web\/wp-json\/wp\/v2\/tags?post=53827"}],"curies":[{"name":"wp","href":"https:\/\/api.w.org\/{rel}","templated":true}]}}